{"id":606996,"date":"2026-06-15T04:17:21","date_gmt":"2026-06-15T04:17:21","guid":{"rendered":"https:\/\/www.europesays.com\/es\/606996\/"},"modified":"2026-06-15T04:17:21","modified_gmt":"2026-06-15T04:17:21","slug":"elvira-minguez-leer-es-la-unica-manera-de-que-no-nos-manipulen-con-el-miedo","status":"publish","type":"post","link":"https:\/\/www.europesays.com\/es\/606996\/","title":{"rendered":"Elvira M\u00ednguez: \u201cLeer es la \u00fanica manera de que no nos manipulen con el miedo\u201d"},"content":{"rendered":"<p>\n        Galardonada, esta vez, con el<strong> Premio Primavera de Novela 2026 <\/strong>por su \u00faltima <a href=\"https:\/\/www.deia.eus\/tags\/novelas\/\" title=\"novela\" class=\"link copy\" rel=\"nofollow noopener\" target=\"_blank\">novela<\/a> &#8211;<strong>La educaci\u00f3n del monstruo<\/strong>&#8211; <strong>Elvira M\u00ednguez<\/strong> nos desvela c\u00f3mo su <strong>amplia experiencia vital e interpretativa<\/strong> ha influido en su faceta como <strong>escritora<\/strong>. La actriz, guionista y directora aborda temas como la construcci\u00f3n del miedo, adem\u00e1s de que reflexiona sobre la situaci\u00f3n de la mujer en la industria audiovisual y <strong>la importancia de la educaci\u00f3n y el pensamiento cr\u00edtico <\/strong>en la sociedad actual.\n<\/p>\n<p class=\"article-photo__footer\">\n            &#8216;La educaci\u00f3n del monstruo&#8217; es la \u00faltima novela de Elvira M\u00ednguez.            Miguel Acera        <\/p>\n<p class=\"article-body__text question-answers__question\">En La educaci\u00f3n del monstruo, explora c\u00f3mo se construye la violencia o el miedo. \u00bfLe ha influido su infancia en Valladolid, donde tambi\u00e9n est\u00e1 ambienta la novela?<\/p>\n<p class=\"article-body__text question-answers__answer\">-Llevo 32 a\u00f1os ya en el mundo audiovisual. Todas las experiencias y lo que vayas haciendo influye y confluye hasta donde he llegado ahora, que es escribir historias, ya sea en un formato o en otro. La novela se desarrolla en tres \u00e9pocas: en 2014; Matilde -el personaje principal de la historia- tiene lo que llaman los especialistas en memoria un recuerdo involuntario. Le lleva a preguntarse qu\u00e9 ha pasado y de ah\u00ed a un viaje a 1977; que es otra de las \u00e9pocas de la novela,\u00a0en su colegio dirigido por una monja -la hermana Olvido-. En ese momento, en Valladolid hab\u00eda un violador infantil de ni\u00f1as y estaba toda la ciudad sumida en el miedo. Ella contin\u00faa sin encontrar nada y se da cuenta de que tiene que ir m\u00e1s all\u00e1; y llega hasta la Alemania del a\u00f1o 63 en D\u00fcsseldorf. La novela es un thriller, una novela negra&#8230; La parte del 77 en Valladolid, claro que&#8230; O sea, yo soy todos los personajes a la hora de escribir. Coincide cuando yo estaba en el colegio esa \u00e9poca, pero luego -indudablemente- hay muchas cosas ficcionales.<\/p>\n<p class=\"article-body__text question-answers__question\">Debut\u00f3 en el cine y poco despu\u00e9s lleg\u00f3 la primera nominaci\u00f3n al <a href=\"https:\/\/www.deia.eus\/premios-goya\/\" title=\"Goya\" rel=\"nofollow noopener\" target=\"_blank\">Goya<\/a>. \u00bfEso aument\u00f3 el peso de cumplir con las expectativas?<\/p>\n<p class=\"article-body__text question-answers__answer\">-Pues, mira, te mentir\u00eda si te digo que s\u00ed, te mentir\u00eda si te digo que me acuerdo (risas). A m\u00ed los premios me generan un grado de responsabilidad grande. Los disfruto, sin duda, pero ninguno he disfrutado tanto como el premio Primavera que me han dado por La educaci\u00f3n del monstruo. Por sorpresivo, porque para m\u00ed es un mundo nuevo. A pesar de que los libros forman parte de mi mundo desde que era ni\u00f1a, la escritura no. Vives con m\u00e1s responsabilidad frente a los lectores y los espectadores, pero llega un momento donde lo aparco; como un ejercicio ya hasta de voluntad, si quieres&#8230; Con los a\u00f1os aprendes a que no puedes gustar a todo el mundo y que no vas a conseguir hacer las cosas bien para todo el mundo. Lo disfruto y me responsabilizo hasta que me meto, me remango y\u00a0me pongo a trabajar en otras cosas. Ya no pienso ni en eso ni en nada.<\/p>\n<p class=\"article-body__text question-answers__question\">En su discurso al ganar el Goya por Tapas en 2006 reivindic\u00f3 que las mujeres de 40 a\u00f1os tienen miles de historias que contar m\u00e1s all\u00e1 de ser \u201cmadres o esposas\u201d. \u00bfLa industria ha escuchado finalmente ese mensaje?<\/p>\n<p class=\"article-body__text question-answers__answer\">-No, yo creo que no. El tiempo cambia, y las circunstancias con \u00e9l, pero yo creo que la situaci\u00f3n de las mujeres sigue siendo parecida. Si en ese momento dije que las actrices de 40 a\u00f1os necesitaban que se escribieran personajes de 40 a\u00f1os, ahora te digo que las actrices de 60 necesitamos que se escriban personajes de 60. No debemos generalizar, pero las historias escritas para mujeres de una edad, en este caso la m\u00eda, son cada vez menores. Bueno, hay que continuar escribiendo para que se hagan.<\/p>\n<p class=\"article-body__text question-answers__question\">Despu\u00e9s de la reciente pol\u00e9mica en la <a href=\"https:\/\/www.deia.eus\/tags\/series\/\" title=\"serie\" rel=\"nofollow noopener\" target=\"_blank\">serie<\/a> Euphoria, donde una actriz que interpreta a una creadora de contenido adulto se viste de beb\u00e9, \u00bfcree que el sistema sigue encontrando formas de ejercer esa \u201cviolencia de la mirada\u201d que trata en La mirada del monstruo?<\/p>\n<p class=\"article-body__text question-answers__answer\">-(Silencio reflexivo). Yo creo que las mujeres han estado en tela de juicio en el pasado, estamos en tela de juicio en el presente y estaremos en tela de juicio en el futuro. Nos ha costado subir muchos escalones y podemos volver a bajar con una facilidad pasmosa. Hablar de sexualidad femenina no es f\u00e1cil y resulta muy inc\u00f3modo para muchas personas. Pero insisto, deber\u00edamos tener mucho cuidado y mucha precauci\u00f3n, porque nos pueden volver a colocar en la casilla de salida en nada; y todos los vientos apuntan a que va a ser as\u00ed. Nos pueden volver a colocar el camis\u00f3n con un agujero sin que nos demos cuenta.<\/p>\n<p class=\"article-photo__footer\">\n            Elvira M\u00ednguez gan\u00f3 el Goya por &#8216;Tapas&#8217; en 2006.            Miguel Acera        <\/p>\n<p class=\"article-body__text question-answers__question\">Me dec\u00eda que los premios le supon\u00edan una responsabilidad. \u00bfEl <a href=\"https:\/\/www.planetadelibros.com\/premios\/premio-primavera-de-novela\/17\" title=\"Primavera de Novela\" rel=\"nofollow noopener\" target=\"_blank\">Primavera de Novela<\/a> le ha motivado a reivindicar ciertos temas?<\/p>\n<p class=\"article-body__text question-answers__answer\">-Si te digo la verdad, no pretendo ser absolutamente nada: ni bandera ni alguien que reivindique. Me he buscado mis habichuelas sola y he librado mis batallas, eso no quiere decir que est\u00e9 ni bien ni mal. No considero que tenga una voz lo suficientemente autorizada como para ser nada. Escribo sobre lo que me interesa, soy mujer. Me interesan las mujeres completas, en lo bueno y en lo malo, no me interesa contar mujeres de tres cuartos. Y la mujer es un ser con poder, y ya est\u00e1. Quiero decir, por supuesto que tenemos que luchar para que el empoderamiento sea cada vez mayor, pero por encima de todo tenemos que hacerlo para que se nos conozca, y es lo que pretendo a trav\u00e9s de mis historias. Ya que hablamos de esto, en La educaci\u00f3n del monstruo hay momentos donde se habla de la sexualidad infantil y del despertar sexual a trav\u00e9s de varios personajes. Y se habla tambi\u00e9n -a trav\u00e9s del personaje de \u00c1gueda- de esa sexualizaci\u00f3n que se hace de los ni\u00f1os, y eso tambi\u00e9n me parece muy importante.<\/p>\n<p class=\"article-body__text question-answers__question\">Muy presente en <a href=\"https:\/\/www.deia.eus\/tags\/redes-sociales\/\" title=\"redes sociales\" rel=\"nofollow noopener\" target=\"_blank\">redes sociales<\/a>&#8230;<\/p>\n<p class=\"article-body__text question-answers__answer\">-Por ejemplo. No hago nada m\u00e1s que decir que no se habla de las cosas feas, pero tambi\u00e9n est\u00e1n en nosotros.\u00a0Los personajes tratan de dialogar y sacar a la luz esos monstruos para gestionarlos. La sexualidad est\u00e1 presente en los personajes, porque est\u00e1 presente en nosotros. Yo no estoy a favor en absoluto, \u00bfeh?, que no se me vaya a entender mal. La sexualizaci\u00f3n que se hace de las ni\u00f1as en redes me parece terrible, porque no es verdad. No son las ni\u00f1as las que est\u00e1 hablando de su sexualidad, lo est\u00e1n haciendo los adultos. Cuando hubo una \u00e9poca -una moda- en la que se separaban los dientes las mujeres, eso que conlleva es terrible&#8230; Porque los dientes est\u00e1n separados cuando somos ni\u00f1os. El culto a la juventud que se hace de esa manera es terror\u00edfico porque los est\u00e1n sexualizando. Y el resultado lo tienes cuando vemos al capullo este americano, -por ejemplo- con todos los informes de Epstein, \u00bfno?<\/p>\n<p class=\"article-body__text question-answers__question\">\u00bfDe qu\u00e9 manera se puede solucionar esto?<\/p>\n<p class=\"article-body__text question-answers__answer\">-Creo que la educaci\u00f3n es la \u00fanica manera. Tenemos que conseguir ni\u00f1os informados. Esto empez\u00f3 cuando ibas a los museos y ve\u00edas a la gente mirando a trav\u00e9s de la pantalla el cuadro que estaban viendo. Ese era el principio. Cuando veo a los j\u00f3venes viendo un \u00e1rbol en la pantalla, no entiendo por qu\u00e9 no levantan la mirada y ven el \u00e1rbol de verdad. Se est\u00e1 empezando a confundir la realidad, como si tuviera dos dimensiones. Ese es el gran trabajo que tenemos que hacer. Yo hablo mucho con mi hijo y le digo: \u201cTodo lo que yo hago en la pantalla es mentira, lo que intento es hacer creer que es verdad. No caigas en esto, cuesti\u00f3nate si lo que est\u00e1s viendo es verdad o no. Y para eso necesitas levantar la mirada de aqu\u00ed\u201d.\u00a0<\/p>\n<p class=\"article-body__text question-answers__question\">Al menos, en las pantallas se sigue viendo cine.<\/p>\n<p class=\"article-body__text question-answers__answer\">-Mira, yo llevo 32 a\u00f1os en esta industria. Desde que entr\u00e9 llevo oyendo que el cine est\u00e1 mal, y ah\u00ed estamos. Sigue siendo para m\u00ed uno de los actos \u00edntimos que se hacen en comunidad (ir al cine). Tengo miedo de c\u00f3mo estamos viendo ahora mismo el cine en casa, que se est\u00e9 planteando contar cu\u00e1nto tiempo la persona est\u00e1 viendo la serie o la pel\u00edcula al mismo tiempo que viendo el m\u00f3vil. Hay que ir al cine y hay que leer, es la \u00fanica manera de que no nos manipulen con el miedo. De eso se habla en la novela, aqu\u00ed es donde hay que poner el acento.<\/p>\n","protected":false},"excerpt":{"rendered":"Galardonada, esta vez, con el Premio Primavera de Novela 2026 por su \u00faltima novela &#8211;La educaci\u00f3n del monstruo&#8211;&hellip;\n","protected":false},"author":2,"featured_media":606997,"comment_status":"","ping_status":"","sticky":false,"template":"","format":"standard","meta":{"footnotes":""},"categories":[174],"tags":[6456,255,177,51745,146,147,25,24,256,1496,113763,23],"class_list":["post-606996","post","type-post","status-publish","format-standard","has-post-thumbnail","category-famosos","tag-actriz","tag-celebrities","tag-cine","tag-elvira-minguez","tag-entertainment","tag-entretenimiento","tag-es","tag-espana","tag-famosos","tag-libro","tag-premio-primavera","tag-spain"],"share_on_mastodon":{"url":"https:\/\/pubeurope.com\/@es\/116752197007533528","error":""},"_links":{"self":[{"href":"https:\/\/www.europesays.com\/es\/wp-json\/wp\/v2\/posts\/606996","targetHints":{"allow":["GET"]}}],"collection":[{"href":"https:\/\/www.europesays.com\/es\/wp-json\/wp\/v2\/posts"}],"about":[{"href":"https:\/\/www.europesays.com\/es\/wp-json\/wp\/v2\/types\/post"}],"author":[{"embeddable":true,"href":"https:\/\/www.europesays.com\/es\/wp-json\/wp\/v2\/users\/2"}],"replies":[{"embeddable":true,"href":"https:\/\/www.europesays.com\/es\/wp-json\/wp\/v2\/comments?post=606996"}],"version-history":[{"count":0,"href":"https:\/\/www.europesays.com\/es\/wp-json\/wp\/v2\/posts\/606996\/revisions"}],"wp:featuredmedia":[{"embeddable":true,"href":"https:\/\/www.europesays.com\/es\/wp-json\/wp\/v2\/media\/606997"}],"wp:attachment":[{"href":"https:\/\/www.europesays.com\/es\/wp-json\/wp\/v2\/media?parent=606996"}],"wp:term":[{"taxonomy":"category","embeddable":true,"href":"https:\/\/www.europesays.com\/es\/wp-json\/wp\/v2\/categories?post=606996"},{"taxonomy":"post_tag","embeddable":true,"href":"https:\/\/www.europesays.com\/es\/wp-json\/wp\/v2\/tags?post=606996"}],"curies":[{"name":"wp","href":"https:\/\/api.w.org\/{rel}","templated":true}]}}