{"id":607200,"date":"2026-06-15T07:19:24","date_gmt":"2026-06-15T07:19:24","guid":{"rendered":"https:\/\/www.europesays.com\/es\/607200\/"},"modified":"2026-06-15T07:19:24","modified_gmt":"2026-06-15T07:19:24","slug":"clasificaciones-completas-del-gp-gippingen-2026-esciclismo","status":"publish","type":"post","link":"https:\/\/www.europesays.com\/es\/607200\/","title":{"rendered":"Clasificaciones completas del GP Gippingen 2026 &#8211; Esciclismo"},"content":{"rendered":"<ol>\n<li><a href=\"https:\/\/news.google.com\/rss\/articles\/CBMiakFVX3lxTFAxMFVLV1ZHejhjY1MwTkkzMEVCZW1HNjhmRTJlV1VFTHYyWktQRGZVQnZjZzdRX2FCQ0JIN3hUQkR6WENFTkgyUjR5UkxGbXN3TXpJczJiRmNuVFU5UW9oalluQTVLREZMWVE?oc=5\" target=\"_blank\" rel=\"nofollow noopener\">Clasificaciones completas del GP Gippingen 2026<\/a>&nbsp;&nbsp;Esciclismo<\/li>\n<li><a href=\"https:\/\/news.google.com\/rss\/articles\/CBMiwAFBVV95cUxOZEd4OHZqSU1MWUlpV0w1QUJvWEpLNDkxaXpzVTZ0V2w0U0xHR29QaUZUVmxGZHNDblV5LUNpazFMVXE2bkVpcnVSbDJ5YXB3M1hOZjRxTW1KRDNxR2dyNjVOZ1U4MlRpNlVfNVBzd2JaTWJTczJhRjM1THg2R2JJRnNOb0FkUGJjMi1oTWU5Tlo5cXFxN2RHRElIOGY1WUJPaEdGTDNINTN4ZWtRa3Rjcmx1c1BteldYWTJXVmdWRng?oc=5\" target=\"_blank\" rel=\"nofollow noopener\">La ca\u00edda (y victoria) m\u00e1s surrealista del a\u00f1o: gana el sprint, se estrella y cruza la meta arrastr\u00e1ndose<\/a>&nbsp;&nbsp;MARCA<\/li>\n<li><a href=\"https:\/\/news.google.com\/rss\/articles\/CBMi2wFBVV95cUxPNGRPYXRhdlRZTFdUSXlRdkR1aUpQbmRHUnVSaG9Qc1hNaEZ5U2NFa1BVMVhKbFR5R2Jra3BidUh3WldidW9aaXplR01iWlZLXzJmZTh0NWJPZzd3blNXeDVSQ3hBTGdiVG1pcnViYmMzLS05RkJaeEY5cVNzRHRmUF9USWRDYzA5TWVTcmxOOG9qTUQwYzhvWVpGTHhHZjA2MDNLX0VwTzZaRFFyT2tlRTZZX0oyWHA3c0ZMT0ZCOW9GanE3YS1lejBlbGp2MVRoaFVWUVJFanVONEk?oc=5\" target=\"_blank\" rel=\"nofollow noopener\">El final m\u00e1s loco que se recuerda: se cae en la l\u00ednea de meta&#8230; \u00a1y los jueces le dan la victoria!<\/a>&nbsp;&nbsp;Eurosport<\/li>\n<li><a href=\"https:\/\/news.google.com\/rss\/articles\/CBMiY0FVX3lxTE16RUxESUpLeEJWNFRYRERXenRRVjRCLVRJVVBydE1kRGVtRUxvcE90ekpBMFEzTm9abXBZSTUwcC1yUTJKallXTjJhcG1DMURlRVFERzZCNGlyRWdDZEJxdC1WOA?oc=5\" target=\"_blank\" rel=\"nofollow noopener\">GP Argovia: Slock bate a Vlasov<\/a>&nbsp;&nbsp;Ciclo21<\/li>\n<li><a href=\"https:\/\/news.google.com\/rss\/articles\/CBMiwAFBVV95cUxPcGNSVkVNZmItOUhDX0g0QndldW9JSDVuMTdIRGctR19KRVF5cExvMHFJN0dmVVNWcVlrci1PU3ZjNGh0bzFoMERvemR6SnQzN21rMUxsWC1LcHlHUmlxX2dtWEktZzBySTF6dEdveG9sU25GODNkd2xSanVnMm1RbG1Pb1FOdHVjRlphOEdRbWtxWUo0S3F5UXZqY09uYVBQcEFsS0g0Wkw5M2NVMkZpZFFBOVB6N3VwQ1h3b3ZNV2o?oc=5\" target=\"_blank\" rel=\"nofollow noopener\">As\u00ed se estrena un palmar\u00e9s: celebra la victoria con antelaci\u00f3n, se cae y cruza la meta de cabeza<\/a>&nbsp;&nbsp;El Diario Vasco<\/li>\n<\/ol>\n","protected":false},"excerpt":{"rendered":"Clasificaciones completas del GP Gippingen 2026&nbsp;&nbsp;Esciclismo La ca\u00edda (y victoria) m\u00e1s surrealista del a\u00f1o: gana el sprint, se&hellip;\n","protected":false},"author":2,"featured_media":607201,"comment_status":"","ping_status":"","sticky":false,"template":"","format":"standard","meta":{"footnotes":""},"categories":[273],"tags":[10605,517,11803,6783,18791,40480,313,12652,55199,312,168,11802,978,7368,1053,25,24,53841,406,113780,3170,48998,9201,5215,1783,113781,5808,1689,6598,915,2761,1786,1965,57,23,167,6679,316,11214,1261],"class_list":["post-607200","post","type-post","status-publish","format-standard","has-post-thumbnail","category-ciclismo","tag-a","tag-actualidad","tag-acumulado","tag-calendario","tag-carretera","tag-cic","tag-ciclismo","tag-clasificaciones","tag-completas","tag-cycling","tag-deportes","tag-desnivel","tag-dia","tag-disputada","tag-domingo","tag-es","tag-espana","tag-estas","tag-europe","tag-gippingen","tag-gp","tag-html","tag-junio","tag-kilometros","tag-la","tag-leuggern","tag-llegada","tag-llevo","tag-localidad","tag-metros","tag-prueba","tag-recorrido","tag-salida","tag-sobre","tag-spain","tag-sports","tag-suiza","tag-tour","tag-uci","tag-victoria"],"share_on_mastodon":{"url":"https:\/\/pubeurope.com\/@es\/116752912625006567","error":""},"_links":{"self":[{"href":"https:\/\/www.europesays.com\/es\/wp-json\/wp\/v2\/posts\/607200","targetHints":{"allow":["GET"]}}],"collection":[{"href":"https:\/\/www.europesays.com\/es\/wp-json\/wp\/v2\/posts"}],"about":[{"href":"https:\/\/www.europesays.com\/es\/wp-json\/wp\/v2\/types\/post"}],"author":[{"embeddable":true,"href":"https:\/\/www.europesays.com\/es\/wp-json\/wp\/v2\/users\/2"}],"replies":[{"embeddable":true,"href":"https:\/\/www.europesays.com\/es\/wp-json\/wp\/v2\/comments?post=607200"}],"version-history":[{"count":0,"href":"https:\/\/www.europesays.com\/es\/wp-json\/wp\/v2\/posts\/607200\/revisions"}],"wp:featuredmedia":[{"embeddable":true,"href":"https:\/\/www.europesays.com\/es\/wp-json\/wp\/v2\/media\/607201"}],"wp:attachment":[{"href":"https:\/\/www.europesays.com\/es\/wp-json\/wp\/v2\/media?parent=607200"}],"wp:term":[{"taxonomy":"category","embeddable":true,"href":"https:\/\/www.europesays.com\/es\/wp-json\/wp\/v2\/categories?post=607200"},{"taxonomy":"post_tag","embeddable":true,"href":"https:\/\/www.europesays.com\/es\/wp-json\/wp\/v2\/tags?post=607200"}],"curies":[{"name":"wp","href":"https:\/\/api.w.org\/{rel}","templated":true}]}}