{"id":607329,"date":"2026-06-15T08:54:16","date_gmt":"2026-06-15T08:54:16","guid":{"rendered":"https:\/\/www.europesays.com\/es\/607329\/"},"modified":"2026-06-15T08:54:16","modified_gmt":"2026-06-15T08:54:16","slug":"la-sorprendente-reflexion-de-carlos-alberto-parreira-sobre-hamza-con-17-anos-pele-asombro-al-mundo","status":"publish","type":"post","link":"https:\/\/www.europesays.com\/es\/607329\/","title":{"rendered":"La sorprendente reflexi\u00f3n de Carlos Alberto Parreira sobre Hamza: \u00abCon 17 a\u00f1os Pel\u00e9 asombr\u00f3 al mundo\u00bb"},"content":{"rendered":"<p class=\"ft-text\"><a class=\"ft-link ft-link--decoration\" href=\"https:\/\/www.sport.es\/es\/noticias\/barca\/oficial-barca-activa-opcion-compra-hamza-abdelkarim-131257530\" rel=\"nofollow noopener\" target=\"_blank\">Hamza Abdelkarim todav\u00eda no ha debutado con el primer equipo del Bar\u00e7a<\/a>, pero ya empieza a acaparar focos a nivel internacional. El delantero egipcio, incorporado el pasado mes de enero procedente del Al-Ahly y fichado de forma definitiva por el club hace apenas unas semanas, ha sido protagonista en <strong>las horas previas al debut de Egipto en el Mundial <\/strong>por unas llamativas declaraciones de<strong> Carlos Alberto Parreira.<\/strong><\/p>\n<p class=\"ft-text\">El exseleccionador brasile\u00f1o, campe\u00f3n del mundo con Brasil en Estados Unidos 1994, fue preguntado en una entrevista concedida al <strong>medio egipcio &#8216;WinWin&#8217; por la presencia del joven atacante en la convocatoria de los &#8216;Faraones<\/strong>&#8216; en la que sorprendi\u00f3 a todos por <strong>&#8216;sacar a pasear&#8217; el nombre de Pel\u00e9<\/strong>:<\/p>\n<p class=\"ft-text\">\u00abEn 1958 hab\u00eda un chico llamado Edson Arantes do Nascimento, <strong>conocido como Pel\u00e9, que ten\u00eda 17 o 18 a\u00f1os y asombr\u00f3 al mundo con su estilo de juego<\/strong>\u00ab, record\u00f3 el t\u00e9cnico brasile\u00f1o.<\/p>\n<p class=\"ft-text\">Parreira no quiso comparar directamente a Hamza con una de las mayores leyendas de la historia del f\u00fatbol, pero s\u00ed defendi\u00f3 que el talento no entiende de edad. \u00ab<strong>Si tiene confianza en s\u00ed mismo, entrena bien, tiene personalidad fuerte y una buena t\u00e9cnica, el seleccionador puede confiar en \u00e9l y darle la oportunidad de jugar un Mundial<\/strong>\u00ab, a\u00f1adi\u00f3.<\/p>\n<p class=\"ft-text\">Las palabras del t\u00e9cnico llegan en un momento importante para el delantero blaugrana. Hamza fue una de las grandes sorpresas de la lista de Egipto para la Copa del Mundo despu\u00e9s de unos meses en los que \u00fanicamente ha competido con el Juvenil A del Bar\u00e7a. Pese a ello, <strong>Hossam Hassan decidi\u00f3 incluirle en una convocatoria liderada por Mohamed Salah y Omar Marmoush.<\/strong><\/p>\n<p class=\"ft-text\">En el Bar\u00e7a existe una enorme confianza en la progresi\u00f3n del atacante.<strong> Su f\u00edsico imponente, por encima del 1,90, y su capacidad goleadora convencieron a los responsables del \u00e1rea deportiva cul\u00e9<\/strong>, que ejecutaron la opci\u00f3n de compra de 1,5 millones de euros pactada con el Al-Ahly para asegurar su continuidad.<\/p>\n<p class=\"ft-text\">Durante la entrevista, Parreira tambi\u00e9n record\u00f3 otro precedente muy conocido. El brasile\u00f1o explic\u00f3 por qu\u00e9 <strong>Ronaldo Naz\u00e1rio, que form\u00f3 parte de la selecci\u00f3n campeona del mundo en 1994, no lleg\u00f3 a disputar un solo minuto durante el torneo con \u00e9l como seleccionador:<\/strong><\/p>\n<p class=\"ft-text\">\u00abRom\u00e1rio y Bebeto estaban jugando de forma brillante. <strong>Ronaldo era joven e inexperto, aunque ten\u00eda un talento excepcional. Le dimos oportunidades en los amistosos y respondi\u00f3 muy bien,<\/strong> pero era necesario combinar experiencia y juventud\u00bb, explic\u00f3.<\/p>\n","protected":false},"excerpt":{"rendered":"Hamza Abdelkarim todav\u00eda no ha debutado con el primer equipo del Bar\u00e7a, pero ya empieza a acaparar focos&hellip;\n","protected":false},"author":2,"featured_media":607330,"comment_status":"","ping_status":"","sticky":false,"template":"","format":"standard","meta":{"footnotes":""},"categories":[268],"tags":[9125,415,168,25,24,280,282,78882,113808,27958,281,9172,23,167],"class_list":["post-607329","post","type-post","status-publish","format-standard","has-post-thumbnail","category-futbol","tag-alberto","tag-carlos","tag-deportes","tag-es","tag-espana","tag-football","tag-futbol","tag-hamza-abdelkarim","tag-parreira","tag-reflexion","tag-soccer","tag-sorprendente","tag-spain","tag-sports"],"share_on_mastodon":{"url":"https:\/\/pubeurope.com\/@es\/116753286338494346","error":""},"_links":{"self":[{"href":"https:\/\/www.europesays.com\/es\/wp-json\/wp\/v2\/posts\/607329","targetHints":{"allow":["GET"]}}],"collection":[{"href":"https:\/\/www.europesays.com\/es\/wp-json\/wp\/v2\/posts"}],"about":[{"href":"https:\/\/www.europesays.com\/es\/wp-json\/wp\/v2\/types\/post"}],"author":[{"embeddable":true,"href":"https:\/\/www.europesays.com\/es\/wp-json\/wp\/v2\/users\/2"}],"replies":[{"embeddable":true,"href":"https:\/\/www.europesays.com\/es\/wp-json\/wp\/v2\/comments?post=607329"}],"version-history":[{"count":0,"href":"https:\/\/www.europesays.com\/es\/wp-json\/wp\/v2\/posts\/607329\/revisions"}],"wp:featuredmedia":[{"embeddable":true,"href":"https:\/\/www.europesays.com\/es\/wp-json\/wp\/v2\/media\/607330"}],"wp:attachment":[{"href":"https:\/\/www.europesays.com\/es\/wp-json\/wp\/v2\/media?parent=607329"}],"wp:term":[{"taxonomy":"category","embeddable":true,"href":"https:\/\/www.europesays.com\/es\/wp-json\/wp\/v2\/categories?post=607329"},{"taxonomy":"post_tag","embeddable":true,"href":"https:\/\/www.europesays.com\/es\/wp-json\/wp\/v2\/tags?post=607329"}],"curies":[{"name":"wp","href":"https:\/\/api.w.org\/{rel}","templated":true}]}}