{"id":607477,"date":"2026-06-15T10:51:08","date_gmt":"2026-06-15T10:51:08","guid":{"rendered":"https:\/\/www.europesays.com\/es\/607477\/"},"modified":"2026-06-15T10:51:08","modified_gmt":"2026-06-15T10:51:08","slug":"la-vocalista-de-presuntos-implicados-lydia-rodriguez-abandona-la-banda-y-los-acusa-de-complices-de-maltrato","status":"publish","type":"post","link":"https:\/\/www.europesays.com\/es\/607477\/","title":{"rendered":"La vocalista de Presuntos Implicados, Lydia Rodr\u00edguez, abandona la banda y los acusa de \u00abc\u00f3mplices de maltrato\u00bb"},"content":{"rendered":"<p style=\"\">Lydia Rodr\u00edguez Fern\u00e1ndez, vocalista de Presuntos Implicados desde 2008, ha emitido un comunicado en sus redes sociales mediante el que ha anunciado su salida de  &#8230; la banda. Un texto en el que abunda sobre las razones que le han llevado a tomar esta dr\u00e1stica decisi\u00f3n despu\u00e9s de casi dos d\u00e9cadas y en el que acusa a sus compa\u00f1eros de \u00abc\u00f3mplices de los maltratos\u00bb que ha sufrido. <\/p>\n<p class=\"v-d-p\" style=\"\">\u00abEl viaje detr\u00e1s de los escenarios ha sido muy distinto a lo que se ve\u00eda debajo de los focos. Durante mucho tiempo me hicieron sentir completamente excluida. En el grupo no ten\u00eda ni voz ni voto\u00bb, relata la artista. \u00abA esto se sum\u00f3 una presi\u00f3n est\u00e9tica constante que termin\u00f3 por desgastarme psicol\u00f3gicamente. Me hicieron sentir mal de forma sistem\u00e1tica con mi peso, mi ropa, mi maquillaje y mi pelo, como si mi val\u00eda como artista dependiera de encajar en unos c\u00e1nones absurdos\u00bb.<\/p>\n<p class=\"v-d-p\" style=\"\">Tal fue la presi\u00f3n que incluso tuvo que escuchar la frase de una manager que la marc\u00f3 para siempre: \u00abCuando subas al escenario, todos te tienen que querer follar\u00bb, afirma que le dijo. \u00abCosas que hoy en d\u00eda, afortunadamente, son intolerables y denunciables, y por las cuales a\u00fan no he recibido ni una sola disculpa\u00bb, a\u00f1ade.<\/p>\n<p class=\"v-d-p\" style=\"\">\u00abEl control sobre m\u00ed lleg\u00f3 a ser tan extremo que no ten\u00eda libertad de expresi\u00f3n en absoluto, ni siquiera para hablar de lo que yo quisiera en mis redes sociales personales, arrebat\u00e1ndome la libertad de ser quien realmente soy\u00bb, lamenta. <\/p>\n<p class=\"v-d-p\" style=\"\">\u00abLo m\u00e1s doloroso de todo esto fue la absoluta falta de compa\u00f1erismo. Ellos fueron c\u00f3mplices de los maltratos que sufr\u00ed y jam\u00e1s me defendieron. Soport\u00e9 situaciones intolerables alimentadas por el ego exagerado de los otros componentes; unos egos que no solo me da\u00f1aron a m\u00ed, sino que fueron verdadero impedimento para el propio desarrollo y crecimiento del propio grupo\u00bb, reprocha. \u00abNo tiene ning\u00fan sentido seguir estancada en un lugar donde no hay proyectos, no hay evoluci\u00f3n, no te dejan avanzar y, sobre todo, no hay respeto humano ni profesional\u00bb, zanja. <\/p>\n","protected":false},"excerpt":{"rendered":"Lydia Rodr\u00edguez Fern\u00e1ndez, vocalista de Presuntos Implicados desde 2008, ha emitido un comunicado en sus redes sociales mediante&hellip;\n","protected":false},"author":2,"featured_media":607478,"comment_status":"","ping_status":"","sticky":false,"template":"","format":"standard","meta":{"footnotes":""},"categories":[174],"tags":[2302,6630,3677,255,9063,146,147,25,24,256,3348,30591,35934,9912,416,23,64469],"class_list":["post-607477","post","type-post","status-publish","format-standard","has-post-thumbnail","category-famosos","tag-abandona","tag-acusa","tag-banda","tag-celebrities","tag-complices","tag-entertainment","tag-entretenimiento","tag-es","tag-espana","tag-famosos","tag-implicados","tag-lydia","tag-maltratos","tag-presuntos","tag-rodriguez","tag-spain","tag-vocalista"],"share_on_mastodon":{"url":"https:\/\/pubeurope.com\/@es\/116753746391438118","error":""},"_links":{"self":[{"href":"https:\/\/www.europesays.com\/es\/wp-json\/wp\/v2\/posts\/607477","targetHints":{"allow":["GET"]}}],"collection":[{"href":"https:\/\/www.europesays.com\/es\/wp-json\/wp\/v2\/posts"}],"about":[{"href":"https:\/\/www.europesays.com\/es\/wp-json\/wp\/v2\/types\/post"}],"author":[{"embeddable":true,"href":"https:\/\/www.europesays.com\/es\/wp-json\/wp\/v2\/users\/2"}],"replies":[{"embeddable":true,"href":"https:\/\/www.europesays.com\/es\/wp-json\/wp\/v2\/comments?post=607477"}],"version-history":[{"count":0,"href":"https:\/\/www.europesays.com\/es\/wp-json\/wp\/v2\/posts\/607477\/revisions"}],"wp:featuredmedia":[{"embeddable":true,"href":"https:\/\/www.europesays.com\/es\/wp-json\/wp\/v2\/media\/607478"}],"wp:attachment":[{"href":"https:\/\/www.europesays.com\/es\/wp-json\/wp\/v2\/media?parent=607477"}],"wp:term":[{"taxonomy":"category","embeddable":true,"href":"https:\/\/www.europesays.com\/es\/wp-json\/wp\/v2\/categories?post=607477"},{"taxonomy":"post_tag","embeddable":true,"href":"https:\/\/www.europesays.com\/es\/wp-json\/wp\/v2\/tags?post=607477"}],"curies":[{"name":"wp","href":"https:\/\/api.w.org\/{rel}","templated":true}]}}