{"id":607637,"date":"2026-06-15T12:47:19","date_gmt":"2026-06-15T12:47:19","guid":{"rendered":"https:\/\/www.europesays.com\/es\/607637\/"},"modified":"2026-06-15T12:47:19","modified_gmt":"2026-06-15T12:47:19","slug":"barbara-goenaga-y-borja-semper-cambian-la-politica-por-el-perreo-su-noche-junto-a-sus-hijos-en-el-concierto-de-bad-bunny","status":"publish","type":"post","link":"https:\/\/www.europesays.com\/es\/607637\/","title":{"rendered":"B\u00e1rbara Goenaga y Borja S\u00e9mper cambian la pol\u00edtica por el perreo: su noche junto a sus hijos en el concierto de Bad Bunny"},"content":{"rendered":"<p id=\"ecjdCHHdkP8\" data-wc=\"117\">B\u00e1rbara Goenaga y el portavoz del Partido Popular, Borja S\u00e9mper han sorprendido a sus seguidores al compartir <a class=\"hm-link ho-link\" href=\"https:\/\/www.hola.com\/actualidad\/20260606905861\/salida-novios-borja-semper-barbara-goenaga-tras-ano-mas-dificil\/\" data-mrf-recirculation=\"article-body-link\" rel=\"nofollow noopener\" target=\"_blank\">su \u00faltimo y divertido plan familiar<\/a>: un concierto por todo lo alto de Bad Bunny en Madrid. Lejos de los focos de los plat\u00f3s de televisi\u00f3n y de los atriles del Congreso, la pareja decidi\u00f3 disfrutar de una noche \u00fanica junto a sus hijos. Pero lo que promet\u00eda ser una simple velada musical se convirti\u00f3 en un aut\u00e9ntico fen\u00f3meno viral gracias a las publicaciones de la int\u00e9rprete vasca, quien no dud\u00f3 en gritar a los cuatro vientos su absoluta admiraci\u00f3n por el cantante de Puerto Rico, mientras el pol\u00edtico se rend\u00eda a \u00a0los bailes de su mujer en la grada.<\/p>\n<p> <img src=\"https:\/\/www.europesays.com\/es\/wp-content\/uploads\/2026\/06\/dd7d2949dab9-borja.jpg\"   width=\"1024\" height=\"1024\" loading=\"lazy\" decoding=\"async\" alt=\"Borja S\u00e9mper y B\u00e1rbara Goenaga, durante su viaje\" fetchpriority=\"auto\" class=\"image ho-image\"\/>\u00a9 barbaragoenagaBorja S\u00e9mper y B\u00e1rbara Goenaga, durante un viaje<br \/>\nBorja S\u00e9mper, el perfecto \u00abmarido de Instagram\u00bb<\/p>\n<p id=\"exuBQhaPWef\" data-wc=\"99\">El momento \u00e1lgido de la noche lleg\u00f3 cuando Goenaga comparti\u00f3 un v\u00eddeo en el que se la ve d\u00e1ndolo todo, bailando y disfrutando de la m\u00fasica en directo. \u00bfEl encargado de inmortalizar el momento? El mism\u00edsimo Borja S\u00e9mper. <a class=\"hm-link ho-link\" href=\"https:\/\/www.hola.com\/actualidad\/20260605905753\/nueva-vida-borja-semper-tras-superar-cancer-tiempo-queda-quiero-disfrutarlo\/\" data-mrf-recirculation=\"article-body-link\" rel=\"nofollow noopener\" target=\"_blank\">El pol\u00edtico dej\u00f3 a un lado su faceta m\u00e1s seria<\/a> para convertirse en el perfecto \u00abmarido de Instagram\u00bb, grabando a la actriz entre risas mientras ella ca\u00eda rendida al ritmo de los \u00e9xitos del puertorrique\u00f1o. La complicidad de la pareja y la estampa familiar con sus hijos disfrutando de la m\u00fasica urbana han generado un aluvi\u00f3n de comentarios entre sus seguidores.\u00a0<\/p>\n<p> <img src=\"https:\/\/www.europesays.com\/es\/wp-content\/uploads\/2026\/06\/d5be67c57f4e-foto-7-gtres-dlu329750005.jpg\"   width=\"1024\" height=\"682\" loading=\"lazy\" decoding=\"async\" alt=\"Con la mirada puesta en el futuro y recuperando poco a poco las fuerzas, el portavoz nacional encara sus cincuenta a\u00f1os con gratitud\" fetchpriority=\"auto\" class=\"image ho-image\"\/>\u00a9 GTRESBorja y B\u00e1rbara por las calles de Madrid en 2016<\/p>\n<p>Una declaraci\u00f3n de amor al \u00aborgullo boricua\u00bb<\/p>\n<p id=\"euMCgVzh6E8\" data-wc=\"130\">Sin embargo, lo que termin\u00f3 de encender las redes fue la apasionada dedicatoria que B\u00e1rbara le escribi\u00f3 al artista en su perfil oficial. Un texto lleno de ritmo que define a la perfecci\u00f3n lo que signific\u00f3 la experiencia para ellos: \u00abBenito es Puerto Rico en vena. Es alegr\u00eda, es ritmo, es baile. Benito es el jangueo, la fiesta y su banda. Es sentimiento. Tambi\u00e9n. Es su familia. Benito es fuego, es esperanza, es orgullo boricua. Benito no solo canta\u2026 Benito se siente, baby\u00bb. Para rematar la jugada y conectar sus ra\u00edces con la fiebre de la m\u00fasica latina, la actriz cerr\u00f3 su aplaudido post con un contundente y divertido \u00abGORA BENITO\u00bb , fusionando el euskera con el universo del rey del trap. Una noche inolvidable para toda la familia S\u00e9mper-Goenaga.<\/p>\n<p> <img src=\"https:\/\/www.europesays.com\/es\/wp-content\/uploads\/2026\/06\/e43742a12852-495275801185063009830126402308745596519717962n.jpg\"   width=\"1024\" height=\"1024\" loading=\"lazy\" decoding=\"async\" alt=\"La familia S\u00e9mper Goenaga\" fetchpriority=\"auto\" class=\"image ho-image\"\/>La familia S\u00e9mper Goenaga<br \/>\nSu &#8216;modern family&#8217;<\/p>\n<p class=\"\" id=\"es19ji6WgRI\" data-wc=\"136\">Este planazo musical ha vuelto a poner de relieve el lado m\u00e1s cercano de la multitudinaria <a class=\"hm-link ho-link\" href=\"https:\/\/www.hola.com\/actualidad\/20260320890782\/barbara-goenaga-borja-semper-video-padre-familia\/\" data-mrf-recirculation=\"article-body-link\" rel=\"nofollow noopener\" target=\"_blank\">familia numerosa que la actriz y el pol\u00edtico han construido<\/a> desde que comenzaron su relaci\u00f3n en 2014. El matrimonio ha logrado formar<strong>\u00a0un hogar muy unido compuesto por cuatro hijos<\/strong>. Por un lado, se encuentran los dos mayores, fruto de sus relaciones anteriores: <strong>Pablo<\/strong>, el hijo de Borja, que ya tiene 18 a\u00f1os, y Aran, de 15 a\u00f1os, el hijo que B\u00e1rbara comparte con el tambi\u00e9n actor \u00d3scar Jaenada. Por otro lado, est\u00e1n los dos peque\u00f1os de la casa nacidos de su uni\u00f3n: Telmo, de 10 a\u00f1os, y el benjam\u00edn, Eliot, de 7 a\u00f1os. Una \u00abtribu\u00bb de lo m\u00e1s moderna y compenetrada que, a juzgar por las im\u00e1genes, comparte tambi\u00e9n la misma pasi\u00f3n por los ritmos urbanos de Bad Bunny.<\/p>\n<p> <img src=\"https:\/\/www.europesays.com\/es\/wp-content\/uploads\/2026\/06\/0f671360db9e-saveclipapp717281526186187933030327293208792700307878565n-1.jpg\"   width=\"576\" height=\"1024\" loading=\"lazy\" decoding=\"async\" alt=\"Borja S\u00e9mper comparte cama y momentos de lectura con sus hijos\" fetchpriority=\"auto\" class=\"image ho-image\"\/>\u00a9 \u00a9 barbaragoenagaBorja S\u00e9mper comparte cama y momentos de lectura con sus hijos<\/p>\n","protected":false},"excerpt":{"rendered":"B\u00e1rbara Goenaga y el portavoz del Partido Popular, Borja S\u00e9mper han sorprendido a sus seguidores al compartir su&hellip;\n","protected":false},"author":2,"featured_media":607638,"comment_status":"","ping_status":"","sticky":false,"template":"","format":"standard","meta":{"footnotes":""},"categories":[174],"tags":[517,22657,22722,255,146,147,25,24,256,23],"class_list":["post-607637","post","type-post","status-publish","format-standard","has-post-thumbnail","category-famosos","tag-actualidad","tag-barbara-goenaga","tag-borja-semper","tag-celebrities","tag-entertainment","tag-entretenimiento","tag-es","tag-espana","tag-famosos","tag-spain"],"share_on_mastodon":{"url":"https:\/\/pubeurope.com\/@es\/116754203334725407","error":""},"_links":{"self":[{"href":"https:\/\/www.europesays.com\/es\/wp-json\/wp\/v2\/posts\/607637","targetHints":{"allow":["GET"]}}],"collection":[{"href":"https:\/\/www.europesays.com\/es\/wp-json\/wp\/v2\/posts"}],"about":[{"href":"https:\/\/www.europesays.com\/es\/wp-json\/wp\/v2\/types\/post"}],"author":[{"embeddable":true,"href":"https:\/\/www.europesays.com\/es\/wp-json\/wp\/v2\/users\/2"}],"replies":[{"embeddable":true,"href":"https:\/\/www.europesays.com\/es\/wp-json\/wp\/v2\/comments?post=607637"}],"version-history":[{"count":0,"href":"https:\/\/www.europesays.com\/es\/wp-json\/wp\/v2\/posts\/607637\/revisions"}],"wp:featuredmedia":[{"embeddable":true,"href":"https:\/\/www.europesays.com\/es\/wp-json\/wp\/v2\/media\/607638"}],"wp:attachment":[{"href":"https:\/\/www.europesays.com\/es\/wp-json\/wp\/v2\/media?parent=607637"}],"wp:term":[{"taxonomy":"category","embeddable":true,"href":"https:\/\/www.europesays.com\/es\/wp-json\/wp\/v2\/categories?post=607637"},{"taxonomy":"post_tag","embeddable":true,"href":"https:\/\/www.europesays.com\/es\/wp-json\/wp\/v2\/tags?post=607637"}],"curies":[{"name":"wp","href":"https:\/\/api.w.org\/{rel}","templated":true}]}}