{"id":607697,"date":"2026-06-15T13:31:14","date_gmt":"2026-06-15T13:31:14","guid":{"rendered":"https:\/\/www.europesays.com\/es\/607697\/"},"modified":"2026-06-15T13:31:14","modified_gmt":"2026-06-15T13:31:14","slug":"jalen-brunson-el-heroe-de-los-new-york-knicks-que-conquisto-a-trump-es-una-superestrella","status":"publish","type":"post","link":"https:\/\/www.europesays.com\/es\/607697\/","title":{"rendered":"Jalen Brunson, el h\u00e9roe de los New York Knicks que conquist\u00f3 a Trump: \u201cEs una superestrella\u201d"},"content":{"rendered":"<p class=\"ft-text\">No ser\u00e1 el mejor jugador de la liga, pero <strong>Jalen Marquis Brunson<\/strong> ha sido una <strong>bendici\u00f3n ca\u00edda del cielo para los Knicks<\/strong>. El base se ha convertido en la gran figura de unas <strong>Finales de la NBA<\/strong> en las que <strong>Victor Wembanyama<\/strong> acaparaba, en principio, todos los focos.<\/p>\n<p class=\"ft-text\">Su espectacular recital en el \u00faltimo partido, en el que anot\u00f3 <strong>45 de los 94 puntos de su equipo<\/strong>, elev\u00f3 la figura de Brunson a otro nivel dentro de la liga. Adem\u00e1s, su extraordinario papel durante toda la serie ante los Spurs le vali\u00f3 para conquistar el <strong>MVP de las Finales de la NBA<\/strong>.<\/p>\n<p class=\"ft-text\">Si los Knicks han vuelto a ser campeones <strong>53 a\u00f1os despu\u00e9s<\/strong>, ha sido, en gran parte, gracias al papel imprescindible de <strong>Jalen Brunson<\/strong> en estos playoffs.<\/p>\n<p>Su llegada a la liga<\/p>\n<p class=\"ft-text\"><strong>Brunson<\/strong> aterriz\u00f3 en la <strong>NBA<\/strong> procedente de los <strong>Villanova Wildcats<\/strong>. Durante su etapa en la <strong>NCAA<\/strong>, el base logr\u00f3 conquistar el t\u00edtulo universitario en dos ocasiones y, curiosamente, ambos en Texas: en <strong>2016, en Houston<\/strong>, y en <strong>2018, en San Antonio<\/strong>.<\/p>\n<p class=\"ft-text\">Su llegada a la NBA se produjo de la mano de los <strong>Dallas Mavericks<\/strong>, que eligieron al base en el <strong>puesto 33 de la segunda ronda del Draft<\/strong>. Cabe recordar que no era el primer Brunson en alcanzar la mejor liga del mundo. Su padre, <strong>Rick Brunson<\/strong>, disput\u00f3 varias temporadas en la NBA durante los a\u00f1os 2000.<\/p>\n<p><img decoding=\"async\" src=\"https:\/\/www.europesays.com\/es\/wp-content\/uploads\/2026\/06\/1552ca78-6f13-4e52-b5e2-d0b135eb21b4_alta-libre-aspect-ratio_default_0_x540y450.jpg\" width=\"1200\" height=\"1500\" alt=\"Rick y Jalen Brunson abrazandose tras ser campeones de la NBA\" class=\"ft-helper-img-rd\" loading=\"lazy\" fetchpriority=\"auto\"\/><\/p>\n<p class=\"ft-helper-fontColor-quaternary ft-helper-fontSize-body-S ft-helper-spacer-t-xxs\">Rick y Jalen Brunson abrazandose tras ser campeones de la NBA  \/ NBA<\/p>\n<p class=\"ft-text\">Rick fue uno de los jugadores que formaron parte de aquellos <strong>Knicks que llegaron a las Finales de la NBA de 1999<\/strong>, las \u00faltimas del equipo hasta este a\u00f1o, y que los de Nueva York perdieron precisamente ante <strong>San Antonio<\/strong>. Por esa misma raz\u00f3n, para la <strong>familia Brunson<\/strong>, el t\u00edtulo de campe\u00f3n ten\u00eda un valor doble. Actualmente, el propio <strong>Rick Brunson<\/strong> forma parte del cuerpo t\u00e9cnico de <strong>Mike Brown<\/strong>, por lo que \u00e9l tambi\u00e9n se proclam\u00f3 <strong>campe\u00f3n de la NBA<\/strong>.<\/p>\n<p>Primeros a\u00f1os<\/p>\n<p class=\"ft-text\">Los Mavs no tardaron mucho en darse cuenta <strong>de que acababan de draftear a una aut\u00e9ntica joya<\/strong>. Durante sus cuatro a\u00f1os en Texas, pas\u00f3 de base de rotaci\u00f3n a <strong>complemento fiable de Luka Doncic<\/strong>, hasta explotar definitivamente en la temporada <strong>2021-22<\/strong>, cuando promedi\u00f3 <strong>16,3 puntos y 4,8 asistencias<\/strong> y fue clave en la carrera de Dallas hasta las <strong>Finales del Oeste<\/strong>.<\/p>\n<p><img decoding=\"async\" src=\"https:\/\/www.europesays.com\/es\/wp-content\/uploads\/2026\/06\/54573cf0-3495-4a2c-9c40-e89834d46067_alta-libre-aspect-ratio_default_0_x740y456.jpg\" width=\"1200\" height=\"1110\" alt=\"Jalen Brunson, en su etapa con los Mavs\" class=\"ft-helper-img-rd\" loading=\"lazy\" fetchpriority=\"auto\"\/><\/p>\n<p class=\"ft-helper-fontColor-quaternary ft-helper-fontSize-body-S ft-helper-spacer-t-xxs\">Jalen Brunson, en su etapa con los Mavs  \/ TANNEN MAURY<\/p>\n<p class=\"ft-text\">Su valor se dispar\u00f3 a\u00fan m\u00e1s en aquellos playoffs, con <strong>21,6 puntos por partido<\/strong> y actuaciones decisivas ante Utah mientras <strong>Don\u010di\u0107 estaba lesionado<\/strong>. Pero ese crecimiento tambi\u00e9n dej\u00f3 al descubierto <strong>el error de c\u00e1lculo de la franquicia<\/strong>. Dallas no cerr\u00f3 a tiempo su renovaci\u00f3n y Brunson acab\u00f3 firmando como agente libre con los Knicks por <strong>cuatro a\u00f1os y 104 millones de d\u00f3lares<\/strong>, una salida que, con el tiempo, se convirti\u00f3 en <strong>una de las p\u00e9rdidas m\u00e1s dolorosas de la era reciente de los Mavericks<\/strong>.<\/p>\n<p>De promesa a estrella<\/p>\n<p class=\"ft-text\">Tras su llegada en 2022 a los <strong>Knicks<\/strong>, <strong>Jalen Brunson<\/strong> dio un paso adelante hasta convertirse en uno de los mejores jugadores de la liga. Su impacto en Nueva York fue total y pr\u00e1cticamente inmediato. Brunson cambi\u00f3 por completo la identidad competitiva de los <strong>New York Knicks<\/strong>. Un equipo acostumbrado a moverse entre la frustraci\u00f3n de no clasificarse para playoffs o caer pronto en la postemporada pas\u00f3, con \u00e9l al mando, a instalarse entre los proyectos m\u00e1s s\u00f3lidos de la <strong>NBA<\/strong>.<\/p>\n<p class=\"ft-text\">Desde su fichaje en 2022, Brunson ha producido como una estrella para los de la Gran Manzana. Con unos promedios de <strong>26,4 puntos, 6,7 asistencias y 3,4 rebotes<\/strong> entre las temporadas <strong>2022-23 y 2024-25<\/strong>, se convirti\u00f3 en el motor ofensivo y emocional de la franquicia.<\/p>\n<p class=\"ft-text\">En su primer a\u00f1o, los Knicks ganaron <strong>47 partidos<\/strong> y alcanzaron las <strong>semifinales de conferencia<\/strong>. Dos cursos despu\u00e9s, ya estaban en las <strong>Finales del Este<\/strong>, y su momento cumbre lleg\u00f3 esta temporada al consagrarse como <strong>campeones de la NBA<\/strong> ante los <strong>San Antonio Spurs<\/strong> de <strong>V\u00edctor Wembanyama<\/strong>.<\/p>\n<p><img decoding=\"async\" src=\"https:\/\/www.europesays.com\/es\/wp-content\/uploads\/2026\/06\/98204f65-9b6e-47d2-bdb2-e7d1ba4fdb1a_alta-libre-aspect-ratio_default_0_x450y200.jpg\" width=\"1200\" height=\"800\" alt=\"Jalen Brunson levanta el trofeo de MVP de las Finales de la NBA\" class=\"ft-helper-img-rd\" loading=\"lazy\" fetchpriority=\"auto\"\/><\/p>\n<p class=\"ft-helper-fontColor-quaternary ft-helper-fontSize-body-S ft-helper-spacer-t-xxs\">Jalen Brunson levanta el trofeo de MVP de las Finales de la NBA  \/ ADAM DAVIS<\/p>\n<p class=\"ft-text\">Adem\u00e1s, esta misma campa\u00f1a Brunson logr\u00f3 levantar con los Knicks la <strong>NBA Cup<\/strong>, tambi\u00e9n ante San Antonio. Los Knicks son el <strong>primer equipo de la historia en lograr el doblete de t\u00edtulos<\/strong>.<\/p>\n<p class=\"ft-text\">A nivel individual, el base ha formado parte del <strong>segundo mejor quinteto de la temporada<\/strong> y ha sido el <strong>MVP de las Finales de la NBA<\/strong>. Tambi\u00e9n fue el <strong>MVP de la final de la NBA Cup<\/strong>.<\/p>\n<p>Hasta Trump se rindi\u00f3<\/p>\n<p class=\"ft-text\">La repercusi\u00f3n del t\u00edtulo tambi\u00e9n fue m\u00e1s all\u00e1 de lo deportivo. Tras la conquista del <strong>anillo<\/strong> ante los <strong>San Antonio Spurs<\/strong>, el presidente estadounidense <strong>Donald Trump<\/strong> felicit\u00f3 a los <strong>New York Knicks<\/strong> a trav\u00e9s de un tuit publicado en la madrugada de aquel domingo. <\/p>\n<p class=\"ft-text\">El mandatario puso el foco especialmente en <strong>Jalen Brunson<\/strong>, convertido ya en el gran l\u00edder de la reconstrucci\u00f3n competitiva de la franquicia y en el rostro del proyecto neoyorquino. Trump elogi\u00f3 al base al definirlo como <strong>\u201cuna superestrella\u201d.<\/strong><\/p>\n","protected":false},"excerpt":{"rendered":"No ser\u00e1 el mejor jugador de la liga, pero Jalen Marquis Brunson ha sido una bendici\u00f3n ca\u00edda del&hellip;\n","protected":false},"author":2,"featured_media":607698,"comment_status":"","ping_status":"","sticky":false,"template":"","format":"standard","meta":{"footnotes":""},"categories":[269],"tags":[299,298,108202,168,25,24,17885,71647,1725,5866,23,167,5867],"class_list":["post-607697","post","type-post","status-publish","format-standard","has-post-thumbnail","category-baloncesto","tag-baloncesto","tag-basketball","tag-brunson","tag-deportes","tag-es","tag-espana","tag-heroe","tag-jalen","tag-nba","tag-new","tag-spain","tag-sports","tag-york"],"share_on_mastodon":{"url":"https:\/\/pubeurope.com\/@es\/116754376105564177","error":""},"_links":{"self":[{"href":"https:\/\/www.europesays.com\/es\/wp-json\/wp\/v2\/posts\/607697","targetHints":{"allow":["GET"]}}],"collection":[{"href":"https:\/\/www.europesays.com\/es\/wp-json\/wp\/v2\/posts"}],"about":[{"href":"https:\/\/www.europesays.com\/es\/wp-json\/wp\/v2\/types\/post"}],"author":[{"embeddable":true,"href":"https:\/\/www.europesays.com\/es\/wp-json\/wp\/v2\/users\/2"}],"replies":[{"embeddable":true,"href":"https:\/\/www.europesays.com\/es\/wp-json\/wp\/v2\/comments?post=607697"}],"version-history":[{"count":0,"href":"https:\/\/www.europesays.com\/es\/wp-json\/wp\/v2\/posts\/607697\/revisions"}],"wp:featuredmedia":[{"embeddable":true,"href":"https:\/\/www.europesays.com\/es\/wp-json\/wp\/v2\/media\/607698"}],"wp:attachment":[{"href":"https:\/\/www.europesays.com\/es\/wp-json\/wp\/v2\/media?parent=607697"}],"wp:term":[{"taxonomy":"category","embeddable":true,"href":"https:\/\/www.europesays.com\/es\/wp-json\/wp\/v2\/categories?post=607697"},{"taxonomy":"post_tag","embeddable":true,"href":"https:\/\/www.europesays.com\/es\/wp-json\/wp\/v2\/tags?post=607697"}],"curies":[{"name":"wp","href":"https:\/\/api.w.org\/{rel}","templated":true}]}}