{"id":608088,"date":"2026-06-15T18:56:15","date_gmt":"2026-06-15T18:56:15","guid":{"rendered":"https:\/\/www.europesays.com\/es\/608088\/"},"modified":"2026-06-15T18:56:15","modified_gmt":"2026-06-15T18:56:15","slug":"davide-donati-gana-en-crotone-y-se-coloca-lider-del-giro-next-gen-esciclismo","status":"publish","type":"post","link":"https:\/\/www.europesays.com\/es\/608088\/","title":{"rendered":"Davide Donati gana en Crotone y se coloca l\u00edder del Giro Next Gen &#8211; Esciclismo"},"content":{"rendered":"<ol>\n<li><a href=\"https:\/\/news.google.com\/rss\/articles\/CBMiakFVX3lxTE9nU1B2M19CZHZlM0tJOTRfMFpvaG4wT1JndWwzdFYtbnNrOGYwVmVNblRTM2Y3V1lvYm5wdnVHNjQ2bHVfU0VJQUFOWFVYeUpGalBISno3dVljZmU5UFo2QmU4N0FYNGppNHc?oc=5\" target=\"_blank\" rel=\"nofollow noopener\">Davide Donati gana en Crotone y se coloca l\u00edder del Giro Next Gen<\/a>&nbsp;&nbsp;Esciclismo<\/li>\n<li><a href=\"https:\/\/news.google.com\/rss\/articles\/CBMitwFBVV95cUxQTy1RLU90WnFhNkwzLXdwRFVXUlNnc0pBanhIM0pYOHRfZGtyUDBnbTZpMm96Q0pXRXV4NGVFMGQ1N090Y0NxaTdkblUxc21jelpTelNKMlQ4RjZ3c1c5X1FhRFUySjczUGlRQlNpLXBST1RPZjlIdnltZlN4S1JmS1lNbDhvOXlKQXVmRjV6cmNPVGdzZk5Ub0J1bkpZVkpOWVVORXFkQ3RZSEFoMUZXTVB4dUdDZTA?oc=5\" target=\"_blank\" rel=\"nofollow noopener\">Giro Next Gen 2026: \u00a1Qu\u00e9 cabalgada de Kasper Haugland para empezar!<\/a>&nbsp;&nbsp;Giro d&#8217;Italia 2026<\/li>\n<li><a href=\"https:\/\/news.google.com\/rss\/articles\/CBMi0gFBVV95cUxOMGtmaktzRGRxOXJ1anJjd2N0NDRHb0RBaVVhWExhSDd1R3c5M3NIcUQxYVZ3Rmk0RWdJZkdRMlhLak1PRnYwTWZtbFAyWU9yd0t0WGE2QnA5dzIwUUFjVk1xM1BaMzJMdHJxb2U0TFNuZ2Z4ZDZYbjU4MW04U09zZ3cxOFJ1Qk1LWC1xdTk3WlE2QmJ1R1k5S2pGcGdEQklRWm1rUndtZkR5S2V4YkJObW9wWnhSM3Itd3J3Tnk0ZDB2ampIM1kzbEp1RnVvcUpFaUHSAdcBQVVfeXFMTnBUY3htdTBCMXBHSDFpYloxTlZOTmkyZ05lVVRkOW5EYTE3LTRUZDlVVkQyanVJUXdQTzhDY1oxQ3R1elNpWUJ2aklYb09UWFpiVWo5SDNmRmVuVnBBeDhyWWY1UUpvczVlMmFlTlhVcjZVNUZ1ZmtmSkQ4Zks3MDhxRjdGUjI3RkRNU2Z0TnZoZ2tlOWprTkpBdTdJSnRXM0xHcUtUdGtzRjlpb25mdUw3SlRleVd2SnV4OElWbHF6WWhSSVg5TFpyLW9fdFQxVGVFZk95ZGM?oc=5\" target=\"_blank\" rel=\"nofollow noopener\">Dram\u00e1tica victoria de Kasper Haugland en el inicio del Giro Next Gen con Miguel \u00c1ngel Mar\u00edn 11\u00b0<\/a>&nbsp;&nbsp;Revista Mundo Cicl\u00edstico<\/li>\n<li><a href=\"https:\/\/news.google.com\/rss\/articles\/CBMi3AFBVV95cUxQTl9wZXZVSzI2MzBoZEhLZC1KMUdHSXQ2SlhHX2twMXo5NEFjNUVyamVrUGV5bFByNkFuV09pYTlrZzE2bnh2b1NhZ0FpcDhIMmtKZ3ZFYnJoV3YySktZNEN6YlBPWjdPS18xaUw4SDliS3pxVUYxelJzOGpJaEk0ZWdwb2RnNnloNnJZTzdZNU1JeXFjUEh0N3paT0tVdUMya2d4RlVfakNfNlFUUnhaa3ExMnNhcXI3ZFMzemFLVk42a0F5ajIzUXNWMklLQThtcWhpSnRnTzBPNEpZ?oc=5\" target=\"_blank\" rel=\"nofollow noopener\">Resultados Giro NextGen 2026: Davide Donati vuela sobre Crotone y Movistar Team roza el top-10 con Roger Pareta<\/a>&nbsp;&nbsp;Ciclismoaldia.es<\/li>\n<li><a href=\"https:\/\/news.google.com\/rss\/articles\/CBMiakFVX3lxTE40cWhsNkkzamJDUVhIU1BETlNULVByMlpjQnh5WTU4OFRmWTAzYmRDajNYcXlyVjVYTXdSRWxRckhNa2tNMVlrLWlCeklNRWpqaWx2ekl6a05LSHJ3ZjZwM2Zab1hJZ04tVUE?oc=5\" target=\"_blank\" rel=\"nofollow noopener\">Clasificaciones completas de la 1\u00aa etapa del Giro Next Gen 2026<\/a>&nbsp;&nbsp;Esciclismo<\/li>\n<\/ol>\n","protected":false},"excerpt":{"rendered":"Davide Donati gana en Crotone y se coloca l\u00edder del Giro Next Gen&nbsp;&nbsp;Esciclismo Giro Next Gen 2026: \u00a1Qu\u00e9&hellip;\n","protected":false},"author":2,"featured_media":608089,"comment_status":"","ping_status":"","sticky":false,"template":"","format":"standard","meta":{"footnotes":""},"categories":[273],"tags":[64762,103373,323,7479,7478,68548,313,1757,68547,113915,312,7476,15109,13568,168,4433,7368,7477,25,24,19186,314,5557,15799,7957,10165,628,2872,5215,322,1051,3269,905,90120,3745,688,57,23,103374,167,113916,113914,321],"class_list":["post-608088","post","type-post","status-publish","format-standard","has-post-thumbnail","category-ciclismo","tag-aldo","tag-aubin","tag-bike","tag-bora","tag-bull","tag-cgm","tag-ciclismo","tag-ciclista","tag-cma","tag-crotone","tag-cycling","tag-davide","tag-decathlon","tag-delante","tag-deportes","tag-development","tag-disputada","tag-donati","tag-es","tag-espana","tag-esprint","tag-etapa","tag-gano","tag-gen","tag-giro","tag-impuesto","tag-italia","tag-italiano","tag-kilometros","tag-lease","tag-lunes","tag-next","tag-red","tag-rookies","tag-segunda","tag-si","tag-sobre","tag-spain","tag-sparfel","tag-sports","tag-taillieu","tag-tropea","tag-visma"],"share_on_mastodon":{"url":"https:\/\/pubeurope.com\/@es\/116755653394433669","error":""},"_links":{"self":[{"href":"https:\/\/www.europesays.com\/es\/wp-json\/wp\/v2\/posts\/608088","targetHints":{"allow":["GET"]}}],"collection":[{"href":"https:\/\/www.europesays.com\/es\/wp-json\/wp\/v2\/posts"}],"about":[{"href":"https:\/\/www.europesays.com\/es\/wp-json\/wp\/v2\/types\/post"}],"author":[{"embeddable":true,"href":"https:\/\/www.europesays.com\/es\/wp-json\/wp\/v2\/users\/2"}],"replies":[{"embeddable":true,"href":"https:\/\/www.europesays.com\/es\/wp-json\/wp\/v2\/comments?post=608088"}],"version-history":[{"count":0,"href":"https:\/\/www.europesays.com\/es\/wp-json\/wp\/v2\/posts\/608088\/revisions"}],"wp:featuredmedia":[{"embeddable":true,"href":"https:\/\/www.europesays.com\/es\/wp-json\/wp\/v2\/media\/608089"}],"wp:attachment":[{"href":"https:\/\/www.europesays.com\/es\/wp-json\/wp\/v2\/media?parent=608088"}],"wp:term":[{"taxonomy":"category","embeddable":true,"href":"https:\/\/www.europesays.com\/es\/wp-json\/wp\/v2\/categories?post=608088"},{"taxonomy":"post_tag","embeddable":true,"href":"https:\/\/www.europesays.com\/es\/wp-json\/wp\/v2\/tags?post=608088"}],"curies":[{"name":"wp","href":"https:\/\/api.w.org\/{rel}","templated":true}]}}