{"id":608151,"date":"2026-06-15T19:41:16","date_gmt":"2026-06-15T19:41:16","guid":{"rendered":"https:\/\/www.europesays.com\/es\/608151\/"},"modified":"2026-06-15T19:41:16","modified_gmt":"2026-06-15T19:41:16","slug":"rafa-jodar-causa-baja-en-queens-por-un-problema-abdominal","status":"publish","type":"post","link":"https:\/\/www.europesays.com\/es\/608151\/","title":{"rendered":"Rafa J\u00f3dar causa baja en Queen&#8217;s por un problema abdominal"},"content":{"rendered":"<p style=\"\">Rafa J\u00f3dar no podr\u00e1 estrenar la temporada de hierba en Queen&#8217;s. El tenista madrile\u00f1o, una de las sensaciones del curso por sus resultados sobre tierra batida, se ha dado de baja a pocas horas de debutar en los dieciseisavos de final ante el peruano  &#8230; Ignacio Buse. La causa es un dolor en la zona abdominal que ha sentido durante los \u00faltimos entrenamientos y que aconseja actuar con prudencia ante la cercan\u00eda de Wimbledon, tercer Grand Slam de la temporada. \u00abTras valorarlo con especialistas, parar es la mejor decisi\u00f3n para poder volver a competir pronto\u00bb, explic\u00f3 el jugador en sus redes sociales.<\/p>\n<p class=\"v-d-p\" style=\"\">J\u00f3dar, de 19 a\u00f1os, llegaba a Queen&#8217;s como quinto cabeza de serie despu\u00e9s de su vertiginoso ascenso en el r\u00e1nking ATP, que le ha llevado hasta el puesto 23 del mundo en apenas unos meses, coincidiendo con su primera temporada completa como profesional. En ese tiempo, el tenista criado en el Club Chamart\u00edn ha conquistado su primer t\u00edtulo, en Marrakech, adem\u00e1s de alcanzar las semifinales en Barcelona y los cuartos de final tanto en los Masters 1.000 de Madrid y Roma como en el reciente Roland Garros.<\/p>\n<p class=\"v-d-p\" style=\"\">Ahora, el reto pasa por trasladar ese rendimiento a la hierba. Queen&#8217;s iba a ser su primer torneo oficial sobre esa superficie, en la que apenas disput\u00f3 diez partidos durante su etapa j\u00fanior. Eso s\u00ed, con un balance bastante digno de nueve victorias y una derrota (gan\u00f3 el J300 de Roehampton en 2014 y super\u00f3 tres rondas de Wimbledon j\u00fanior). <\/p>\n<ul class=\"v-cmp-rld__u\">\n<li class=\"v-cmp-rld__l\">\n<p><a class=\"v-a-lnk\" href=\"http:\/\/www.abc.es\/deportes\/tenis\/serena-williams-regresa-triunfo-partido-dobles-queens-20260609221840-nt.html#vtm_modulosEngag=noticiasrelacionadas-cmp-uno:deportes:noticia:1\" title=\"Serena Williams regresa con triunfo en un partido de dobles en Queen&#039;s\" data-voc-vtm-id=\"in-text-traffic\" rel=\"nofollow noopener\" target=\"_blank\"><br \/>\n<img decoding=\"async\" loading=\"lazy\" src=\"https:\/\/www.europesays.com\/es\/wp-content\/uploads\/2026\/06\/1512954762-kd0C--366x256@diario_abc.jpg\" class=\"v-a-img\" width=\"258\" height=\"180\" alt=\"Serena Williams regresa con triunfo en un partido de dobles en Queen's\"\/><br \/>\n<\/a><\/p>\n<\/li>\n<\/ul>\n<p class=\"v-d-p\" style=\"\">A la espera de conocer la evoluci\u00f3n de su dolencia, J\u00f3dar figura tambi\u00e9n en la lista de inscritos para el torneo de Eastbourne, que se disputar\u00e1 la pr\u00f3xima semana (del 22 al 27 de junio) en esta localidad del sur de Londres, justo antes del inicio de Wimbledon.<\/p>\n<p class=\"v-d-p\" style=\"\">J\u00f3dar iba a debutar ante el peruano Ignacio Buse, jugador de 22 a\u00f1os y n\u00famero 35 del mundo, que el pasado mes de mayo sorprendi\u00f3 al estrenar su palmar\u00e9s con la conquista del ATP 500 de Hamburgo, sobre tierra batida. En su camino al t\u00edtulo derrot\u00f3, entre otros, a Jakub Mensik, Flavio Cobolli -posteriormente finalista en Roland Garros- y Tommy Paul.<\/p>\n<p class=\"v-d-p\" style=\"\">Tras la baja del madrile\u00f1o, Alejandro Davidovich se queda como \u00fanico representante espa\u00f1ol en Queen&#8217;s. El malague\u00f1o, cuarto cabeza de serie, debutar\u00e1 este martes ante el brit\u00e1nico Cameron Norrie. Alex de Mi\u00f1aur, Jiri Lehecka y Jakub Mensik figuran entre los principales aspirantes al t\u00edtulo en un torneo que el a\u00f1o pasado conquist\u00f3 Carlos Alcaraz por segunda vez.<\/p>\n","protected":false},"excerpt":{"rendered":"Rafa J\u00f3dar no podr\u00e1 estrenar la temporada de hierba en Queen&#8217;s. El tenista madrile\u00f1o, una de las sensaciones&hellip;\n","protected":false},"author":2,"featured_media":608152,"comment_status":"","ping_status":"","sticky":false,"template":"","format":"standard","meta":{"footnotes":""},"categories":[274],"tags":[15654,6814,11072,168,25,24,23438,9632,45533,12830,23,167,327,326],"class_list":["post-608151","post","type-post","status-publish","format-standard","has-post-thumbnail","category-tenis","tag-abdominal","tag-baja","tag-causa","tag-deportes","tag-es","tag-espana","tag-jodar","tag-problema","tag-queens","tag-rafa","tag-spain","tag-sports","tag-tenis","tag-tennis"],"share_on_mastodon":{"url":"https:\/\/pubeurope.com\/@es\/116755831205953576","error":""},"_links":{"self":[{"href":"https:\/\/www.europesays.com\/es\/wp-json\/wp\/v2\/posts\/608151","targetHints":{"allow":["GET"]}}],"collection":[{"href":"https:\/\/www.europesays.com\/es\/wp-json\/wp\/v2\/posts"}],"about":[{"href":"https:\/\/www.europesays.com\/es\/wp-json\/wp\/v2\/types\/post"}],"author":[{"embeddable":true,"href":"https:\/\/www.europesays.com\/es\/wp-json\/wp\/v2\/users\/2"}],"replies":[{"embeddable":true,"href":"https:\/\/www.europesays.com\/es\/wp-json\/wp\/v2\/comments?post=608151"}],"version-history":[{"count":0,"href":"https:\/\/www.europesays.com\/es\/wp-json\/wp\/v2\/posts\/608151\/revisions"}],"wp:featuredmedia":[{"embeddable":true,"href":"https:\/\/www.europesays.com\/es\/wp-json\/wp\/v2\/media\/608152"}],"wp:attachment":[{"href":"https:\/\/www.europesays.com\/es\/wp-json\/wp\/v2\/media?parent=608151"}],"wp:term":[{"taxonomy":"category","embeddable":true,"href":"https:\/\/www.europesays.com\/es\/wp-json\/wp\/v2\/categories?post=608151"},{"taxonomy":"post_tag","embeddable":true,"href":"https:\/\/www.europesays.com\/es\/wp-json\/wp\/v2\/tags?post=608151"}],"curies":[{"name":"wp","href":"https:\/\/api.w.org\/{rel}","templated":true}]}}