{"id":608181,"date":"2026-06-15T19:58:14","date_gmt":"2026-06-15T19:58:14","guid":{"rendered":"https:\/\/www.europesays.com\/es\/608181\/"},"modified":"2026-06-15T19:58:14","modified_gmt":"2026-06-15T19:58:14","slug":"polemica-en-el-examen-de-euskera-en-la-pau-en-bizkaia-tanto-cero-parece-un-matadero","status":"publish","type":"post","link":"https:\/\/www.europesays.com\/es\/608181\/","title":{"rendered":"Pol\u00e9mica en el examen de euskera en la PAU en Bizkaia: \u00abTanto cero parece un matadero\u00bb"},"content":{"rendered":"<p>\n        <strong>\u00abTanto cero parece un matadero\u00bb. <\/strong>Unas 150 o 200 personas se han reunido en la ma\u00f1ana de este lunes frente a la facultad de ingenieros de la Euskal Herriko Unibertsitatea (EHU) de San Mam\u00e9s para pedir explicaciones a la EHU respecto al examen de euskera de la Prueba de Acceso a la Universidad (PAU) en la que numerosos j\u00f3venes han tenido una nota de cero.<strong> \u00abMe hubiera gustado entrar en la p\u00fablica, pero tengo un cero en euskera cuando mis notas son m\u00e1s de un ocho o un nueve. Que tenga estas notas no quiere decir que tenga que saber euskera, pero est\u00e1 demostrado que tenemos algo de nivel<\/strong>\u00ab, ha se\u00f1alado I\u00f1igo Ibeas a las puertas de la facultad universitaria.\n<\/p>\n<p class=\"article-body__text \">\n        Este lunes, 15 de junio, concluye el periodo de solicitud de revisi\u00f3n de los ex\u00e1menes despu\u00e9s de haber visto las notas. Todas las personas afectadas ya han realizado la petici\u00f3n de revisi\u00f3n, como han se\u00f1alado los estudiantes preguntados por esta situaci\u00f3n, <strong>quienes apuntan a \u00abun criterio de correcci\u00f3n m\u00e1s exigente\u00bb que en \u00abotros tribunales\u00bb.<\/strong> \u00abPodemos no tener un nivel muy alto, pero tampoco un cero\u00bb, a\u00f1ade Ibeas.\n<\/p>\n<p class=\"article-body__text \">\n        En un momento de la concentraci\u00f3n, los j\u00f3venes han sacado sus tel\u00e9fonos m\u00f3viles con ceros mientras han gritado al un\u00edsono: \u00abMi nota no es un juego, es un cero\u00bb. Entre el m\u00e1s de un centenar de personas tambi\u00e9n se ha podido leer<strong> \u00abGure etorkizuna, haien jokoa!\u00bb en una pancarta.<\/strong> \u00abA mucha gente nos ha afectado este cero, tanto para entrar en la carrera que queremos como para aprobar la selectividad. Incluso gente con el nivel B2 de euskera teniendo ceros o ceros y medio. Nos preguntamos qu\u00e9 est\u00e1 pasando\u00bb, ilustra una estudiante.\n<\/p>\n<p>  \u00abNo me lo esperaba\u00bb<\/p>\n<p class=\"article-body__text \">\n        \u00abYo he sacado un cero en euskera. No me lo esperaba para nada. Gracias a dios he aprobado selectividad y puedo hacer la carrera que quer\u00eda. A ver si nos dan alguna soluci\u00f3n\u00bb, apunta Mar\u00eda Mart\u00ednez, que <strong>reconoce que \u00abnunca en mi vida he sacado un cero\u00bb y que \u00abse nos tenga en cuenta\u00bb y \u00abno se nos haga la media porque nos merecemos la nota que hemos sacado y queremos justicia para los que vienen detr\u00e1s nuestro\u00bb.<\/strong> En la concentraci\u00f3n se han encontrado estudiantes que han realizado la PAU este a\u00f1o y aquellos que la realizar\u00e1n en 2027. \u00abNos da miedo que el a\u00f1o que viene nos pase lo mismo\u00bb, se\u00f1ala este grupo que quiere \u00abestudiar carreras con nota y un cero nos mata\u00bb. \u00abNos est\u00e1n privando del futuro\u00bb, apunta Juan Arana a las puertas de la Escuela de Ingenieros.\n<\/p>\n<p class=\"article-photo__footer\">\n            Protesta por los ceros en el examen de euskera de la PAU            Markel Fern\u00e1ndez        <\/p>\n<p class=\"article-body__text \">\n        En un primer momento, parec\u00eda que el problema podr\u00eda erradicar en un fallo t\u00e9cnico a la hora de subir las calificaciones, algo confirmado por la EHU respecto a la gesti\u00f3n de algunas notas. Posteriormente, la universidad inform\u00f3 de que hab\u00eda subsanado el error y ya hab\u00eda incluido las notas de la PAU tras detectar que ocho estudiantes que pese a haber hecho el examen figuraban como no presentados y, por tanto, aparec\u00edan con una calificaci\u00f3n de cero. <strong>\u00abLa estad\u00edstica ha disparado un dato: que Bizkaia ha sacado las peores notas en d\u00e9cadas. Eso nos ha llamado la atenci\u00f3n<\/strong>\u00ab, apunta uno de los padres.\n<\/p>\n<p class=\"article-body__text \">\n        El problema gener\u00f3 preocupaci\u00f3n entre los afectados ante la posibilidad de que un error administrativo pudiera influir en la nota final de acceso a la universidad y en la elecci\u00f3n de grado. Como as\u00ed lo han expuesto en la concentraci\u00f3n. \u00ab<strong>En mi caso quiero estudiar medicina y ahora no voy a poder<\/strong>\u00ab, expone I\u00f1igo Ibeas.\n<\/p>\n<p class=\"article-body__text \">\n        Tal y como han recordado, la preocupaci\u00f3n entre los j\u00f3venes<strong> comenz\u00f3 entre los alumnos cuyo apellido comienza entre la I y la S que se examinaron en el tribunal 11, en Sarriko<\/strong>. Estos recibieron una serie de calificaciones que distintos centros educativos consideran an\u00f3malas para el nivel que, tal y como apuntan, tienen los j\u00f3venes y que as\u00ed lo han ido demostrando con el paso de los cursos escolares. Algunos de los j\u00f3venes comparan la situaci\u00f3n con otros estudiantes, compa\u00f1eros, que han obtenido notas muy superiores a pesar de que tienen un nivel \u00abparecido\u00bb.\n<\/p>\n<p class=\"article-body__text \">\n        Los resultados definitivos de las pruebas se publicar\u00e1n el 22 de junio y la petici\u00f3n para ver ex\u00e1menes se debe realizar los d\u00edas 23 y 24 de junio. Por su parte, <strong>la convocatoria extraordinaria de la Prueba de Acceso a la Universidad tendr\u00e1 lugar los d\u00edas 30 de junio, 1 y 2 de julio<\/strong>. El alumnado que desee presentarse debe matricularse del 18 al 23 de junio.<\/p>\n","protected":false},"excerpt":{"rendered":"\u00abTanto cero parece un matadero\u00bb. Unas 150 o 200 personas se han reunido en la ma\u00f1ana de este&hellip;\n","protected":false},"author":2,"featured_media":608182,"comment_status":"","ping_status":"","sticky":false,"template":"","format":"standard","meta":{"footnotes":""},"categories":[8],"tags":[4144,17,18,3145,25,24,32506,7109,13,14,11,19,20,46017,9,10,15,16,4968,1526,23,12,21,22],"class_list":["post-608181","post","type-post","status-publish","format-standard","has-post-thumbnail","category-espana","tag-bizkaia","tag-breaking-news","tag-breakingnews","tag-cero","tag-es","tag-espana","tag-euskera","tag-examen","tag-featured-news","tag-featurednews","tag-headlines","tag-latest-news","tag-latestnews","tag-matadero","tag-news","tag-noticias","tag-noticias-destacadas","tag-noticiasdestacadas","tag-pau","tag-polemica","tag-spain","tag-titulares","tag-ultimas-noticias","tag-ultimasnoticias"],"share_on_mastodon":{"url":"https:\/\/pubeurope.com\/@es\/116755897230355415","error":""},"_links":{"self":[{"href":"https:\/\/www.europesays.com\/es\/wp-json\/wp\/v2\/posts\/608181","targetHints":{"allow":["GET"]}}],"collection":[{"href":"https:\/\/www.europesays.com\/es\/wp-json\/wp\/v2\/posts"}],"about":[{"href":"https:\/\/www.europesays.com\/es\/wp-json\/wp\/v2\/types\/post"}],"author":[{"embeddable":true,"href":"https:\/\/www.europesays.com\/es\/wp-json\/wp\/v2\/users\/2"}],"replies":[{"embeddable":true,"href":"https:\/\/www.europesays.com\/es\/wp-json\/wp\/v2\/comments?post=608181"}],"version-history":[{"count":0,"href":"https:\/\/www.europesays.com\/es\/wp-json\/wp\/v2\/posts\/608181\/revisions"}],"wp:featuredmedia":[{"embeddable":true,"href":"https:\/\/www.europesays.com\/es\/wp-json\/wp\/v2\/media\/608182"}],"wp:attachment":[{"href":"https:\/\/www.europesays.com\/es\/wp-json\/wp\/v2\/media?parent=608181"}],"wp:term":[{"taxonomy":"category","embeddable":true,"href":"https:\/\/www.europesays.com\/es\/wp-json\/wp\/v2\/categories?post=608181"},{"taxonomy":"post_tag","embeddable":true,"href":"https:\/\/www.europesays.com\/es\/wp-json\/wp\/v2\/tags?post=608181"}],"curies":[{"name":"wp","href":"https:\/\/api.w.org\/{rel}","templated":true}]}}