{"id":608229,"date":"2026-06-15T20:33:14","date_gmt":"2026-06-15T20:33:14","guid":{"rendered":"https:\/\/www.europesays.com\/es\/608229\/"},"modified":"2026-06-15T20:33:14","modified_gmt":"2026-06-15T20:33:14","slug":"mavi-la-nueva-escultura-que-sorprende-a-los-viandantes-en-una-de-las-plazas-mas-emblematicas-de-oviedo","status":"publish","type":"post","link":"https:\/\/www.europesays.com\/es\/608229\/","title":{"rendered":"\u00abMavi\u00bb, la \u00abnueva\u00bb escultura que sorprende a los viandantes en una de las plazas m\u00e1s emblem\u00e1ticas de Oviedo"},"content":{"rendered":"<p class=\"ft-text ft-helper-closenews\">La escultura \u00abMavi\u00bb ha regresado a la plaza Longoria Carbajal despu\u00e9s de varios meses alejada de su emplazamiento habitual. La pieza fue retirada en septiembre, coincidiendo con el inicio de las obras para eliminar la fallida fuente que presid\u00eda este espacio urbano y que desapareci\u00f3 durante la remodelaci\u00f3n integral de la plaza. Tras completar su restauraci\u00f3n, la concejal\u00eda de Infraestructuras, dirigida por Nacho Cuesta, la ha recolocado a pie de calle, integrada ahora en la nueva configuraci\u00f3n de Longoria Carbajal, convertida en una amplia explanada destinada a acoger actividades culturales y ciudadanas. <\/p>\n<p class=\"ft-text\">Muchos viandantes se deten\u00edan estos d\u00edas sorprendidos al descubrir la \u201cnueva\u201d ubicaci\u00f3n de la escultura, apreciando de cerca una obra que hasta ahora permanec\u00eda elevada sobre la fuente. Creada por Santiago de Santiago e inaugurada en 1994, \u00abMavi\u00bb representa a una joven sentada, con una mano sobre la cabeza y la otra sujetando una pierna. Est\u00e1 realizada en piedra volc\u00e1nica y rematada en bronce.<\/p>\n<p data-close=\"closedContent\" class=\"subscribeHideForDisplay\">Suscr\u00edbete para seguir leyendo<\/p>\n","protected":false},"excerpt":{"rendered":"La escultura \u00abMavi\u00bb ha regresado a la plaza Longoria Carbajal despu\u00e9s de varios meses alejada de su emplazamiento&hellip;\n","protected":false},"author":2,"featured_media":608230,"comment_status":"","ping_status":"","sticky":false,"template":"","format":"standard","meta":{"footnotes":""},"categories":[173],"tags":[229,233,231,230,232,234,146,147,25,1246,24,7804,795,474,1386,1367,2450,6924,23,104923],"class_list":["post-608229","post","type-post","status-publish","format-standard","has-post-thumbnail","category-arte-y-diseno","tag-arte","tag-arte-y-diseno","tag-arts","tag-arts-and-design","tag-design","tag-diseno","tag-entertainment","tag-entretenimiento","tag-es","tag-escultura","tag-espana","tag-mavi","tag-nueva","tag-obras","tag-plaza","tag-retirada","tag-santiago","tag-sorprende","tag-spain","tag-viandantes"],"share_on_mastodon":{"url":"https:\/\/pubeurope.com\/@es\/116756034877031262","error":""},"_links":{"self":[{"href":"https:\/\/www.europesays.com\/es\/wp-json\/wp\/v2\/posts\/608229","targetHints":{"allow":["GET"]}}],"collection":[{"href":"https:\/\/www.europesays.com\/es\/wp-json\/wp\/v2\/posts"}],"about":[{"href":"https:\/\/www.europesays.com\/es\/wp-json\/wp\/v2\/types\/post"}],"author":[{"embeddable":true,"href":"https:\/\/www.europesays.com\/es\/wp-json\/wp\/v2\/users\/2"}],"replies":[{"embeddable":true,"href":"https:\/\/www.europesays.com\/es\/wp-json\/wp\/v2\/comments?post=608229"}],"version-history":[{"count":0,"href":"https:\/\/www.europesays.com\/es\/wp-json\/wp\/v2\/posts\/608229\/revisions"}],"wp:featuredmedia":[{"embeddable":true,"href":"https:\/\/www.europesays.com\/es\/wp-json\/wp\/v2\/media\/608230"}],"wp:attachment":[{"href":"https:\/\/www.europesays.com\/es\/wp-json\/wp\/v2\/media?parent=608229"}],"wp:term":[{"taxonomy":"category","embeddable":true,"href":"https:\/\/www.europesays.com\/es\/wp-json\/wp\/v2\/categories?post=608229"},{"taxonomy":"post_tag","embeddable":true,"href":"https:\/\/www.europesays.com\/es\/wp-json\/wp\/v2\/tags?post=608229"}],"curies":[{"name":"wp","href":"https:\/\/api.w.org\/{rel}","templated":true}]}}