{"id":608387,"date":"2026-06-15T22:18:29","date_gmt":"2026-06-15T22:18:29","guid":{"rendered":"https:\/\/www.europesays.com\/es\/608387\/"},"modified":"2026-06-15T22:18:29","modified_gmt":"2026-06-15T22:18:29","slug":"ayudas-para-el-alumnado-de-bachillerato-formacion-profesional-del-sistema-educativo-y-regimen-especial-2025-2026-resolucion-definitiva","status":"publish","type":"post","link":"https:\/\/www.europesays.com\/es\/608387\/","title":{"rendered":"Ayudas para el alumnado de Bachillerato, Formaci\u00f3n Profesional del sistema educativo y R\u00e9gimen Especial 2025\/2026. Resoluci\u00f3n definitiva"},"content":{"rendered":"<p class=\"cmParagraph\">El 15 de junio de 2026 se publica en los tablones de anuncios de las Direcciones Provinciales de Educaci\u00f3n, y en el Portal de Educaci\u00f3n, a trav\u00e9s de la <a href=\"https:\/\/edaplica.educa.jcyl.es\/BACI\/index.jsp?param=POST\" title=\"Este enlace se abrir\u00e1 en una ventana nueva\" target=\"_blank\" rel=\"nofollow noopener\">aplicaci\u00f3n<\/a> la Orden del 10 de junio  de 2026 de la Consejer\u00eda de Educaci\u00f3n por la que se resuelve la convocatoria de ayudas para el alumnado que curse ense\u00f1anzas de Bachillerato, de Formaci\u00f3n Profesional del sistema educativo  y de determinadas ense\u00f1anzas  de r\u00e9gimen especial en determinados centros de la Comunidad de Castilla y Le\u00f3n, en el curso 2025-2026.<\/p>\n<p class=\"cmParagraph cmAligncenter\"><a href=\"https:\/\/edaplica.educa.jcyl.es\/BACI\/index.jsp?param=POST\" title=\"Este enlace se abrir\u00e1 en una ventana nueva\" class=\"cmContentImageLink\" target=\"_blank\" rel=\"nofollow noopener\"><img loading=\"lazy\" decoding=\"async\" src=\"https:\/\/www.europesays.com\/es\/wp-content\/uploads\/2026\/06\/1903881-acceso.gif\" width=\"190\" height=\"28\" alt=\"acceso. Este enlace se abrir\u00e1 en una ventana nueva\" \/>  <\/a><\/p>\n<p class=\"cmParagraph\">La resoluci\u00f3n tiene dos anexos, disponibles en las Direcciones Provinciales de Educaci\u00f3n:<\/p>\n<ul>\n<li>Anexo I: relaci\u00f3n de solicitudes concedidas, con indicaci\u00f3n de la cuant\u00eda de la ayuda concedida.<\/li>\n<li>Anexo II: relaci\u00f3n de solicitudes desestimadas, con indicaci\u00f3n de la causa de desestimaci\u00f3n.<\/li>\n<\/ul>\n<p class=\"cmParagraph\">Contra la Orden por la que se resuelve la convocatoria de ayudas para el alumnado que curse  que curse ense\u00f1anzas de Bachillerato, de Formaci\u00f3n Profesional del sistema educativo  y de determinadas ense\u00f1anzas  de r\u00e9gimen especial, en el curso 2025\/2026 cabe interponer recurso de reposici\u00f3n ante la Consejera de Educaci\u00f3n. Los plazos para interponer recursos se encuentran recogidos en el art\u00edculo 123 de la Ley 39\/2015, de 1 de octubre, del Procedimiento Administrativo Com\u00fan de las Administraciones P\u00fablicas:<\/p>\n<ul>\n<li>El plazo para interponer recurso es de <strong>UN MES <\/strong>desde el d\u00eda siguiente a la publicaci\u00f3n en el tabl\u00f3n de anuncios de la direcci\u00f3n provincial de educaci\u00f3n<strong>, <\/strong>es decir, <strong>hasta el 15 de julio de 2026, inclusive.<\/strong><\/li>\n<\/ul>\n<p class=\"cmParagraph\"><strong>Para generar el documento de recurso de reposici\u00f3n utilice este <a href=\"https:\/\/aplicaciones.educa.jcyl.es\/AEDO\/RecursoAdministrativo\" title=\"Este enlace se abrir\u00e1 en una ventana nueva\" target=\"_blank\" rel=\"nofollow noopener\">enlace<\/a> con indicaci\u00f3n de IAPA 2281 como c\u00f3digo de procedimiento.<\/strong><\/p>\n<p class=\"cmParagraph cmAligncenter\"><a href=\"https:\/\/aplicaciones.educa.jcyl.es\/AEDO\/login\/RecursoAdministrativo\" title=\"Este enlace se abrir\u00e1 en una ventana nueva\" target=\"_blank\" rel=\"nofollow noopener\"><strong><img loading=\"lazy\" decoding=\"async\" src=\"https:\/\/www.europesays.com\/es\/wp-content\/uploads\/2026\/06\/1903880-acceso-al-formulario.png\" width=\"232\" height=\"75\" alt=\"Formulario. Este enlace se abrir\u00e1 en una ventana nueva\" \/><\/strong><\/a><\/p>\n<p class=\"cmParagraph\">Para cualquier duda en relaci\u00f3n con la resoluci\u00f3n, puede consultar con el 012, su centro educativo o la Direcci\u00f3n Provincial correspondiente<\/p>\n","protected":false},"excerpt":{"rendered":"El 15 de junio de 2026 se publica en los tablones de anuncios de las Direcciones Provinciales de&hellip;\n","protected":false},"author":2,"featured_media":608388,"comment_status":"","ping_status":"","sticky":false,"template":"","format":"standard","meta":{"footnotes":""},"categories":[8],"tags":[17,18,2025,2027,209,2026,25,24,13,14,2031,11,2028,2024,19,20,2030,9,10,15,16,2032,2029,23,12,21,22],"class_list":["post-608387","post","type-post","status-publish","format-standard","has-post-thumbnail","category-espana","tag-breaking-news","tag-breakingnews","tag-castilla-y-len","tag-colegios","tag-cultura","tag-educacion","tag-es","tag-espana","tag-featured-news","tag-featurednews","tag-formacin","tag-headlines","tag-institutos","tag-junta","tag-latest-news","tag-latestnews","tag-maestros","tag-news","tag-noticias","tag-noticias-destacadas","tag-noticiasdestacadas","tag-profesional","tag-profesores","tag-spain","tag-titulares","tag-ultimas-noticias","tag-ultimasnoticias"],"share_on_mastodon":{"url":"https:\/\/pubeurope.com\/@es\/116756447907507829","error":""},"_links":{"self":[{"href":"https:\/\/www.europesays.com\/es\/wp-json\/wp\/v2\/posts\/608387","targetHints":{"allow":["GET"]}}],"collection":[{"href":"https:\/\/www.europesays.com\/es\/wp-json\/wp\/v2\/posts"}],"about":[{"href":"https:\/\/www.europesays.com\/es\/wp-json\/wp\/v2\/types\/post"}],"author":[{"embeddable":true,"href":"https:\/\/www.europesays.com\/es\/wp-json\/wp\/v2\/users\/2"}],"replies":[{"embeddable":true,"href":"https:\/\/www.europesays.com\/es\/wp-json\/wp\/v2\/comments?post=608387"}],"version-history":[{"count":0,"href":"https:\/\/www.europesays.com\/es\/wp-json\/wp\/v2\/posts\/608387\/revisions"}],"wp:featuredmedia":[{"embeddable":true,"href":"https:\/\/www.europesays.com\/es\/wp-json\/wp\/v2\/media\/608388"}],"wp:attachment":[{"href":"https:\/\/www.europesays.com\/es\/wp-json\/wp\/v2\/media?parent=608387"}],"wp:term":[{"taxonomy":"category","embeddable":true,"href":"https:\/\/www.europesays.com\/es\/wp-json\/wp\/v2\/categories?post=608387"},{"taxonomy":"post_tag","embeddable":true,"href":"https:\/\/www.europesays.com\/es\/wp-json\/wp\/v2\/tags?post=608387"}],"curies":[{"name":"wp","href":"https:\/\/api.w.org\/{rel}","templated":true}]}}