{"id":608432,"date":"2026-06-15T22:50:21","date_gmt":"2026-06-15T22:50:21","guid":{"rendered":"https:\/\/www.europesays.com\/es\/608432\/"},"modified":"2026-06-15T22:50:21","modified_gmt":"2026-06-15T22:50:21","slug":"el-as-en-la-manga-del-barca-de-basket-para-cerrar-el-fichaje-mas-deseado-amenaza-a-kevin-punter","status":"publish","type":"post","link":"https:\/\/www.europesays.com\/es\/608432\/","title":{"rendered":"El as en la manga del Bar\u00e7a de basket para cerrar el fichaje m\u00e1s deseado: amenaza a Kevin Punter"},"content":{"rendered":"<p>                <a href=\"https:\/\/cronicaglobal.elespanol.com\/culemania\/secciones\/\" class=\"kicker--section\" rel=\"nofollow noopener\" target=\"_blank\">Secciones<\/a><\/p>\n<p>\n    El club cul\u00e9 prepara una estrategia vital para asegurar la incorporaci\u00f3n de uno de los mejores jugadores de la Euroliga\n<\/p>\n<p>    Noticias relacionadas<\/p>\n<p class=\"paragraph\" id=\"paragraph_1\">El Bar\u00e7a de basket aspira a <strong>conquistar<\/strong><a data-forcefollow=\"false\" data-sponsored=\"false\" href=\"https:\/\/cronicaglobal.elespanol.com\/culemania\/secciones\/20260613\/barca-basket-completa-remontada-posponer-xavi-pascual\/1003742771101_0.html?utm_cmp_rs=linksinline\" target=\"_blank\" rel=\"nofollow noopener\"><strong> su 21\u00aa ACB<\/strong><\/a><strong> esta temporada<\/strong>. Los cul\u00e9s se enfrentar\u00e1n al <strong>Valencia Basket<\/strong> en la final de la competici\u00f3n a partir de este jueves, en una eliminatoria que, acabe como acabe, servir\u00e1 como adi\u00f3s final para <strong>Xavi Pascual<\/strong>. El t\u00e9cnico de Gav\u00e1 se despedir\u00e1 del FC Barcelona este verano tras completar su regreso en noviembre y, con \u00e9l, tambi\u00e9n se podr\u00eda escapar uno de los fichajes m\u00e1s deseados por <a data-forcefollow=\"false\" data-sponsored=\"false\" href=\"https:\/\/cronicaglobal.elespanol.com\/culemania\/secciones\/20260615\/barca-basket-pierde-talento-unidos-cantera-barcelonista\/1003742771373_0.html?utm_cmp_rs=linksinline\" target=\"_blank\" rel=\"nofollow noopener\">Juan Carlos Navarro<\/a>. Sin embargo, la directiva azulgrana tiene un plan: <strong>presentar una oferta completamente inigualable<\/strong>. Amenaza para Kevin Punter.<\/p>\n<p>El elegido de Pascual<\/p>\n<p class=\"paragraph\" id=\"paragraph_2\">Y es que es un secreto a voces: el Bar\u00e7a de basket quiere firmar a <strong>Mike James<\/strong>. El ente catal\u00e1n ve al base estadounidense como un pilar vital para la reconstrucci\u00f3n de la plantilla, que con <strong>Laprovittola y Satoransky <\/strong>al borde de la finalizaci\u00f3n de su contrato, necesita caras nuevas s\u00ed o s\u00ed.<\/p>\n<p><img decoding=\"async\" alt=\"Mike James, en un partido de la Euroliga con el M\u00f3naco\" data-imgm=\"true\" height=\"576\" loading=\"lazy\"  src=\"https:\/\/www.europesays.com\/es\/wp-content\/uploads\/2026\/06\/h:576&#038;h=hoJ3fL1P.jpeg\"  width=\"1024\"\/><\/p>\n<p>                                                            Mike James, en un partido de la Euroliga con el M\u00f3naco<\/p>\n<p>                    EFE<\/p>\n<p class=\"paragraph\" id=\"paragraph_3\">Por eso, durante el transcurso de la temporada 2025-26, <strong>Pascual y Navarro han estado trabajando para cerrar el fichaje de James<\/strong>. El exterior norteamericano guarda muy buena relaci\u00f3n con el entrenador catal\u00e1n de su anterior etapa en el <strong>Panathinaikos <\/strong>y ve\u00eda con buenos ojos reencontrarse con \u00e9l en Barcelona. <\/p>\n<p>Oferta irrechazable<\/p>\n<p class=\"paragraph\" id=\"paragraph_4\">La salida de Pascual representa un gran obst\u00e1culo en la operaci\u00f3n, pero existe una segunda traba que a\u00fan complica m\u00e1s las cosas. <strong>El Baskonia <\/strong><strong>posee los<\/strong><strong> <\/strong><strong>derechos de Mike James en la ACB<\/strong><strong>, ya que el base estadounidense form\u00f3 parte de la plantilla de Vitoria-Gasteiz entre las temporadas<\/strong><strong> <\/strong><strong>2014 y 2016<\/strong>. Eso significa que el cuadro vasco tiene la opci\u00f3n de igualar cualquier oferta que se le haga, algo que el Bar\u00e7a de basket sabe y tiene la intenci\u00f3n de anular.<\/p>\n<p><img decoding=\"async\" alt=\"Kevin Punter pasa el bal\u00f3n ante Mike James en el Bar\u00e7a de basket-M\u00f3naco\" data-imgm=\"true\" height=\"576\" loading=\"lazy\"  src=\"https:\/\/www.europesays.com\/es\/wp-content\/uploads\/2026\/06\/h:576&#038;h=034VYQ7G.jpeg\"  width=\"1024\"\/><\/p>\n<p>                                                            Kevin Punter pasa el bal\u00f3n ante Mike James en el Bar\u00e7a de basket-M\u00f3naco<\/p>\n<p>                    EFE<\/p>\n<p class=\"paragraph\" id=\"paragraph_5\">Seg\u00fan informa El Correo, el FC Barcelona habr\u00eda decidido<strong> ofrecer 3,2 millones de euros de salario<\/strong> a James en un contrato que lo vincular\u00eda al Palau Blaugrana hasta <strong>2028<\/strong>. El club barcelon\u00e9s conf\u00eda en que el Baskonia no iguale la oferta y, por lo tanto, no se tendr\u00eda que pagar ninguna compensaci\u00f3n econ\u00f3mica extra por liberar los derechos del base norteamericano.<\/p>\n","protected":false},"excerpt":{"rendered":"Secciones El club cul\u00e9 prepara una estrategia vital para asegurar la incorporaci\u00f3n de uno de los mejores jugadores&hellip;\n","protected":false},"author":2,"featured_media":608433,"comment_status":"","ping_status":"","sticky":false,"template":"","format":"standard","meta":{"footnotes":""},"categories":[269],"tags":[299,62268,298,168,25,24,4469,18305,4470,23,167],"class_list":["post-608432","post","type-post","status-publish","format-standard","has-post-thumbnail","category-baloncesto","tag-baloncesto","tag-barca-basket","tag-basketball","tag-deportes","tag-es","tag-espana","tag-fcb-basket","tag-kevin-punter","tag-secciones","tag-spain","tag-sports"],"share_on_mastodon":{"url":"https:\/\/pubeurope.com\/@es\/116756574260269497","error":""},"_links":{"self":[{"href":"https:\/\/www.europesays.com\/es\/wp-json\/wp\/v2\/posts\/608432","targetHints":{"allow":["GET"]}}],"collection":[{"href":"https:\/\/www.europesays.com\/es\/wp-json\/wp\/v2\/posts"}],"about":[{"href":"https:\/\/www.europesays.com\/es\/wp-json\/wp\/v2\/types\/post"}],"author":[{"embeddable":true,"href":"https:\/\/www.europesays.com\/es\/wp-json\/wp\/v2\/users\/2"}],"replies":[{"embeddable":true,"href":"https:\/\/www.europesays.com\/es\/wp-json\/wp\/v2\/comments?post=608432"}],"version-history":[{"count":0,"href":"https:\/\/www.europesays.com\/es\/wp-json\/wp\/v2\/posts\/608432\/revisions"}],"wp:featuredmedia":[{"embeddable":true,"href":"https:\/\/www.europesays.com\/es\/wp-json\/wp\/v2\/media\/608433"}],"wp:attachment":[{"href":"https:\/\/www.europesays.com\/es\/wp-json\/wp\/v2\/media?parent=608432"}],"wp:term":[{"taxonomy":"category","embeddable":true,"href":"https:\/\/www.europesays.com\/es\/wp-json\/wp\/v2\/categories?post=608432"},{"taxonomy":"post_tag","embeddable":true,"href":"https:\/\/www.europesays.com\/es\/wp-json\/wp\/v2\/tags?post=608432"}],"curies":[{"name":"wp","href":"https:\/\/api.w.org\/{rel}","templated":true}]}}