{"id":608442,"date":"2026-06-15T22:57:23","date_gmt":"2026-06-15T22:57:23","guid":{"rendered":"https:\/\/www.europesays.com\/es\/608442\/"},"modified":"2026-06-15T22:57:23","modified_gmt":"2026-06-15T22:57:23","slug":"aun-en-cines-michael-ya-se-puede-ver-desde-casa","status":"publish","type":"post","link":"https:\/\/www.europesays.com\/es\/608442\/","title":{"rendered":"A\u00fan en cines, &#8216;Michael&#8217; ya se puede ver desde casa"},"content":{"rendered":"<p>No hace tanto, el <b>24 de abril<\/b> de este mismo a\u00f1o, el <b>biopic <\/b>Michael, que puede <a href=\"https:\/\/www.larazon.es\/cultura\/critica-michael-cara-estrella_2026042269e863fa749308005fa009eb.html\" rel=\"nofollow noopener\" target=\"_blank\">no ser el mejor de cuantos hemos visto<\/a> hasta la fecha pero que ha sabido <b>entretenernos igualmente<\/b>, se estrenaba en las salas de cine de todo el mundo consiguiendo hasta el d\u00eda de hoy unas <b>cifras en taquilla<\/b> al alcance muy pocos.<\/p>\n<p>Algo m\u00e1s de <b>930 millones de d\u00f3lares<\/b> a 15 de junio es lo que lleva recaudado el film centrado en la <b>infancia y primeros \u00e9xitos del rey del pop<\/b>, pues las consecuencias de su llegada al estrellato y <a href=\"https:\/\/www.larazon.es\/tecnologia-consumo\/series\/netflix-anuncia-docuserie-michael-jackson-contara-no-se-atrevio-pelicula_202605216a0ebbf7339dd32ea98c6acf.html\" rel=\"nofollow noopener\" target=\"_blank\">posterior ca\u00edda<\/a> se narrar\u00e1n en una ya <a href=\"https:\/\/www.larazon.es\/tecnologia-consumo\/series\/lionsgate-confirma-michael-2-da-primeros-detalles-secuela_202605226a1002023ce3f96345d013c0.html\" rel=\"nofollow noopener\" target=\"_blank\">anunciada segunda parte<\/a> que todav\u00eda no cuenta con fecha de estreno.<\/p>\n<p>Lo que s\u00ed est\u00e1 ya con todos nosotros es la <b>posibilidad de disfrutar<\/b> de Michael desde la comodidad que nos brinda<b> el hogar<\/b>, pues la pel\u00edcula dirigida por Antoine Fuqua ya se ha estrenado en <b>formato VoD, o v\u00eddeo bajo demanda<\/b>, a un precio que var\u00eda seg\u00fan la calidad escogida o si optamos por comprarla en digital o simplemente alquilarla.<\/p>\n<p>D\u00f3nde alquilar o comprar &#8216;Michael&#8217; en digital<\/p>\n<p>Como suele ocurrir con los grandes estrenos reci\u00e9n llegados desde los cines, las plataformas han apostado por la denominada <b>ventana premium<\/b>, reservada para <b>quienes no quieren esperar varios meses<\/b> a su llegada a los servicios de suscripci\u00f3n.<\/p>\n<p><a href=\"https:\/\/tv.apple.com\/es\/movie\/michael\/umc.cmc.655k6wal020m8folvcy526dff\" rel=\"nofollow noopener\" target=\"_blank\">En Apple TV<\/a>, Michael ya puede <b>alquilarse por 14,99 euros<\/b> o <b>comprarse por 17,99 euros<\/b>. En ambos casos se ofrece en <b>calidad 4K y con sonido 5.1<\/b>, adem\u00e1s de varias opciones tanto de audio como de subt\u00edtulos.<\/p>\n<p>Las cifras son pr\u00e1cticamente id\u00e9nticas <a href=\"https:\/\/www.rakuten.tv\/es?content_type=movies&amp;content_id=michael\" rel=\"nofollow noopener\" target=\"_blank\">en Rakuten TV<\/a>, donde tambi\u00e9n est\u00e1 disponible por <b>14,99 euros en alquiler y 17,99 euros en compra digital<\/b>, igualmente con <b>imagen 4K<\/b> y sonido multicanal.<\/p>\n<p><a href=\"https:\/\/www.primevideo.com\/-\/es\/detail\/0SQCJF7Q787F6DG4Z8BKJFZ7R9\" rel=\"nofollow noopener\" target=\"_blank\">Prime Video presenta<\/a> una estructura algo distinta, aunque el desembolso final es muy parecido. El <b>alquiler cuesta 14,99 euros<\/b> independientemente de si se elige la <b>versi\u00f3n SD, HD o UHD<\/b>. Resulta una decisi\u00f3n curiosa, ya que al mantenerse el mismo precio en todas las calidades no existe demasiado motivo para escoger la opci\u00f3n est\u00e1ndar. En lo que respecta a la <b>compra<\/b>, la <b>edici\u00f3n SD y HD cuesta 16,99 euros<\/b>, mientras que la <b>UHD asciende a 17,99 euros<\/b>. Todas ellas incluyen <b>sonido 5.1<\/b> y diferentes idiomas y subt\u00edtulos disponibles.<\/p>\n<p>A\u00fan en salas<\/p>\n<p>Para quienes todav\u00eda prefieran la experiencia de la gran pantalla, Michael <b>contin\u00faa proyect\u00e1ndose<\/b> en numerosos cines. Sin embargo, quienes no quieran esperar a su futuro lanzamiento en streaming por suscripci\u00f3n ya tienen la <b>posibilidad de verla desde el sof\u00e1<\/b>. Eso s\u00ed, deber\u00e1n rascarse el bolsillo casi tanto como si compraran una entrada para una sesi\u00f3n premium en el cine.<\/p>\n","protected":false},"excerpt":{"rendered":"No hace tanto, el 24 de abril de este mismo a\u00f1o, el biopic Michael, que puede no ser&hellip;\n","protected":false},"author":2,"featured_media":608443,"comment_status":"","ping_status":"","sticky":false,"template":"","format":"standard","meta":{"footnotes":""},"categories":[169],"tags":[177,146,147,25,24,176,186,175,23,6879],"class_list":["post-608442","post","type-post","status-publish","format-standard","has-post-thumbnail","category-cine","tag-cine","tag-entertainment","tag-entretenimiento","tag-es","tag-espana","tag-film","tag-michael-jackson","tag-movies","tag-spain","tag-streaming"],"share_on_mastodon":{"url":"https:\/\/pubeurope.com\/@es\/116756601077013461","error":""},"_links":{"self":[{"href":"https:\/\/www.europesays.com\/es\/wp-json\/wp\/v2\/posts\/608442","targetHints":{"allow":["GET"]}}],"collection":[{"href":"https:\/\/www.europesays.com\/es\/wp-json\/wp\/v2\/posts"}],"about":[{"href":"https:\/\/www.europesays.com\/es\/wp-json\/wp\/v2\/types\/post"}],"author":[{"embeddable":true,"href":"https:\/\/www.europesays.com\/es\/wp-json\/wp\/v2\/users\/2"}],"replies":[{"embeddable":true,"href":"https:\/\/www.europesays.com\/es\/wp-json\/wp\/v2\/comments?post=608442"}],"version-history":[{"count":0,"href":"https:\/\/www.europesays.com\/es\/wp-json\/wp\/v2\/posts\/608442\/revisions"}],"wp:featuredmedia":[{"embeddable":true,"href":"https:\/\/www.europesays.com\/es\/wp-json\/wp\/v2\/media\/608443"}],"wp:attachment":[{"href":"https:\/\/www.europesays.com\/es\/wp-json\/wp\/v2\/media?parent=608442"}],"wp:term":[{"taxonomy":"category","embeddable":true,"href":"https:\/\/www.europesays.com\/es\/wp-json\/wp\/v2\/categories?post=608442"},{"taxonomy":"post_tag","embeddable":true,"href":"https:\/\/www.europesays.com\/es\/wp-json\/wp\/v2\/tags?post=608442"}],"curies":[{"name":"wp","href":"https:\/\/api.w.org\/{rel}","templated":true}]}}