{"id":608506,"date":"2026-06-15T23:47:17","date_gmt":"2026-06-15T23:47:17","guid":{"rendered":"https:\/\/www.europesays.com\/es\/608506\/"},"modified":"2026-06-15T23:47:17","modified_gmt":"2026-06-15T23:47:17","slug":"rosalia-detiene-su-concierto-tras-saber-que-un-cientifico-ha-puesto-su-nombre-a-una-proteina-por-el-amor-de-las-moleculas","status":"publish","type":"post","link":"https:\/\/www.europesays.com\/es\/608506\/","title":{"rendered":"Rosal\u00eda detiene su concierto tras saber que un cient\u00edfico ha puesto su nombre a una prote\u00edna: \u00ab\u00a1Por el amor de las mol\u00e9culas!\u00bb"},"content":{"rendered":"<p style=\"\">Tras unos d\u00edas de incertidumbre, <a href=\"https:\/\/www.abc.es\/gente\/refugio-rosalia-cataluna-pueblo-8000-habitantes-aprendio-20260502120000-nt.html\" target=\"_self\" data-voc-vtm-id=\"in-text-traffic\" title=\"Rosal\u00eda\" data-mrf-link=\"www.abc.es\" rel=\"nofollow noopener\">Rosal\u00eda<\/a> regres\u00f3 a los escenarios para continuar con su triunfal &#8216;Lux Tour&#8217;. Su reaparici\u00f3n fue en Boston, donde se sincer\u00f3 con la audiencia y habl\u00f3 con emoci\u00f3n de sus \u00abseries queridos\u00bb. Pero entre tanta exposici\u00f3n de sentimientos pas\u00f3 inadvertida  &#8230; otra historia que tambi\u00e9n ocurri\u00f3 en su ya c\u00e9lebre concierto en el TD Garden: la prote\u00edna que un cient\u00edfico andaluz, presente en el show, bautiz\u00f3 en su honor.<\/p>\n<p class=\"v-d-p\" style=\"\">Em las \u00faltimas horas se ha hecho viral un breve discurso que <a href=\"https:\/\/www.abc.es\/gente\/rosalia-fenomeno-reino-unido-llega-primera-biografia-20260523190004-nt.html\" target=\"_self\" data-voc-vtm-id=\"in-text-traffic\" title=\"Rosal\u00eda\" data-mrf-link=\"www.abc.es\" rel=\"nofollow noopener\">Rosal\u00eda<\/a> realiz\u00f3 desde el propio escenario para explicar los motivos de la suspensi\u00f3n de tres conciertos de su gira estadounidense. Todos sus fans se preocuparon al conocer el comunicado de su promotora, Live Nation, en el que se hablaba de la cancelaci\u00f3n sin dar m\u00e1s motivos que \u00abuna emergencia familiar\u00bb.<\/p>\n<p class=\"v-d-p\" style=\"\">A continuaci\u00f3n, Rosal\u00eda tomaba un avi\u00f3n de regreso y ya se le perd\u00eda la pista en el aeropuerto. Fueron d\u00edas de incertidumbre y temores entre seguidores, mientras la artista se reclu\u00eda en el silencio y en su conocida discreci\u00f3n para sus asuntos privados. As\u00ed hasta que apareci\u00f3 en Boston despu\u00e9s de temerse tambi\u00e9n por su suspensi\u00f3n.<\/p>\n<ul class=\"v-cmp-rld__u\">\n<li class=\"v-cmp-rld__l\">\n<p><a class=\"v-a-lnk\" href=\"http:\/\/www.abc.es\/estilo\/moda\/vestuario-lujo-rosalia-regresado-escenarios-boston-20260612133543-nt.html#vtm_modulosEngag=noticiasrelacionadas-cmp-uno:gente:noticia:1\" title=\"El vestuario de lujo con el que Rosal\u00eda ha regresado a los escenarios en Boston\" data-voc-vtm-id=\"in-text-traffic\" rel=\"nofollow noopener\" target=\"_blank\"><br \/>\n<img decoding=\"async\" loading=\"lazy\" src=\"https:\/\/www.europesays.com\/es\/wp-content\/uploads\/2026\/06\/rosalia-14-U73066450174EbA-366x256@diario_abc.jpg\" class=\"v-a-img\" width=\"258\" height=\"180\" alt=\"El vestuario de lujo con el que Rosal\u00eda ha regresado a los escenarios en Boston\"\/><br \/>\n<\/a><\/p>\n<\/li>\n<\/ul>\n<p>\nSu reaparici\u00f3n en Boston\n<\/p>\n<p class=\"v-d-p\" style=\"\">Ante un pabell\u00f3n entregado habl\u00f3 de aquella \u00abemergencia familiar\u00bb sin querer ofrecer m\u00e1s detalles. Y destac\u00f3 que \u00ablos seres queridos deben ser lo primero\u00bb, por lo que no dud\u00f3 en regresar a Barcelona en cuanto vio que algo \u00abinesperado y doloroso\u00bb estaba ocurriendo. Y prosigui\u00f3 el show entre el clamor de sus miles de incondicionales.<\/p>\n<p class=\"v-a-t\">\nRosal\u00eda advirti\u00f3 desde el propio escenario la presencia de Miguel L\u00f3pez Rivera, un cient\u00edfico andaluz que bautiz\u00f3 una prote\u00edna en su honor\n<\/p>\n<p class=\"v-d-p\" style=\"\">Pero ocurri\u00f3 otra cosa singular en ese show bostoniano. Rosal\u00eda advirti\u00f3 desde el propio escenario la presencia de Miguel L\u00f3pez Rivera, un cient\u00edfico andaluz que actualmente trabaja en la Universidad de Harvard y que bautiz\u00f3 una prote\u00edna en su honor. Se trata de una mol\u00e9cula en forma de casta\u00f1uela que le record\u00f3 a la cantante y por ese motivo decidi\u00f3 inmortalizar su legado.<\/p>\n<p class=\"v-d-p\" style=\"\">En mitad del concierto, Rosal\u00eda quiso tener unas palabras de cari\u00f1o hacia \u00e9l. \u00ab\u00c9l es el cient\u00edfico que le puso mi nombre a una mol\u00e9cula\u00bb, dijo al verlo entre la audiencia. \u00ab\u00a1Por el amor de las mol\u00e9culas!\u00bb, a\u00f1adi\u00f3. Y todo porque Miguel L\u00f3pez Rivera hab\u00eda decidido poner el nombre de &#8216;RyDEP&#8217; a esa mol\u00e9cula que hab\u00eda descubierto. Hace referencia a la artista y a su canci\u00f3n &#8216;Despech\u00e1&#8217;.<\/p>\n<p>\nC\u00e9lulas despechadas\n<\/p>\n<p class=\"v-d-p\" style=\"\">\u00abLo que sucede con estos virus es que cuando infectan a las c\u00e9lulas las vuelven &#8216;despechadas&#8217; porque aunque la c\u00e9lula quiera defenderse se vuelve loca porque el virus gana la batalla al tener esta prote\u00edna que le ayuda a esconderse del sistema inmune\u00bb, ha aclarado el cient\u00edfico de \u00dabeda a Noticias de Canal Sur.<\/p>\n<p><img decoding=\"async\" loading=\"lazy\" src=\"https:\/\/www.europesays.com\/es\/wp-content\/uploads\/2026\/06\/rivera-insta-U08773578713Vag-680x476@diario_abc.jpg\" class=\"v-a-img\" width=\"680\" height=\"478\" alt=\"Miguel L\u00f3pez Rivera, en una imagen de su Instagram.\" data-voc-vtm-id=\"in-text-traffic\"\/><\/p>\n<p>Miguel L\u00f3pez Rivera, en una imagen de su Instagram.<\/p>\n<p>(Redes sociales)<\/p>\n<p class=\"v-d-p\" style=\"\">Por descontado, Miguel L\u00f3pez Rivera es uno m\u00e1s de los millones de admiradores que Rosal\u00eda tiene por todo el mundo. Durante el concierto, el descubridor de la prote\u00edna portaba una pancarta en la que desvelaba que hab\u00eda puesto su nombre a la mol\u00e9cula. Y la locura lleg\u00f3 cuando la cantante ley\u00f3 el mensaje y le regal\u00f3 un momento inolvidable.<\/p>\n<p class=\"v-d-p\" style=\"\">\u00abMiguel the Scientist! Subir al escenario y que Rosal\u00eda me dedicara despu\u00e9s \u00abSauvignon Blanc\u00bb junto a uno de mis escritores favoritos, @ocean_vuong, no entraba en mis planes. @rosalia.vt moltes gr\u00e0cies per una nit inoblidable\u00bb, ha publicado el cient\u00edfico en sus redes sociales.<\/p>\n","protected":false},"excerpt":{"rendered":"Tras unos d\u00edas de incertidumbre, Rosal\u00eda regres\u00f3 a los escenarios para continuar con su triunfal &#8216;Lux Tour&#8217;. Su&hellip;\n","protected":false},"author":2,"featured_media":608507,"comment_status":"","ping_status":"","sticky":false,"template":"","format":"standard","meta":{"footnotes":""},"categories":[91],"tags":[1733,16470,35032,2710,2339,146,147,25,24,9228,51540,2464,7296,1259,4147,23],"class_list":["post-608506","post","type-post","status-publish","format-standard","has-post-thumbnail","category-entretenimiento","tag-amor","tag-andaluz","tag-bautiza","tag-cientifico","tag-concierto","tag-entertainment","tag-entretenimiento","tag-es","tag-espana","tag-honor","tag-moleculas","tag-pleno","tag-proteina","tag-responde","tag-rosalia","tag-spain"],"share_on_mastodon":{"url":"https:\/\/pubeurope.com\/@es\/116756798063495747","error":""},"_links":{"self":[{"href":"https:\/\/www.europesays.com\/es\/wp-json\/wp\/v2\/posts\/608506","targetHints":{"allow":["GET"]}}],"collection":[{"href":"https:\/\/www.europesays.com\/es\/wp-json\/wp\/v2\/posts"}],"about":[{"href":"https:\/\/www.europesays.com\/es\/wp-json\/wp\/v2\/types\/post"}],"author":[{"embeddable":true,"href":"https:\/\/www.europesays.com\/es\/wp-json\/wp\/v2\/users\/2"}],"replies":[{"embeddable":true,"href":"https:\/\/www.europesays.com\/es\/wp-json\/wp\/v2\/comments?post=608506"}],"version-history":[{"count":0,"href":"https:\/\/www.europesays.com\/es\/wp-json\/wp\/v2\/posts\/608506\/revisions"}],"wp:featuredmedia":[{"embeddable":true,"href":"https:\/\/www.europesays.com\/es\/wp-json\/wp\/v2\/media\/608507"}],"wp:attachment":[{"href":"https:\/\/www.europesays.com\/es\/wp-json\/wp\/v2\/media?parent=608506"}],"wp:term":[{"taxonomy":"category","embeddable":true,"href":"https:\/\/www.europesays.com\/es\/wp-json\/wp\/v2\/categories?post=608506"},{"taxonomy":"post_tag","embeddable":true,"href":"https:\/\/www.europesays.com\/es\/wp-json\/wp\/v2\/tags?post=608506"}],"curies":[{"name":"wp","href":"https:\/\/api.w.org\/{rel}","templated":true}]}}