{"id":608525,"date":"2026-06-16T00:05:12","date_gmt":"2026-06-16T00:05:12","guid":{"rendered":"https:\/\/www.europesays.com\/es\/608525\/"},"modified":"2026-06-16T00:05:12","modified_gmt":"2026-06-16T00:05:12","slug":"carlos-torres-la-reina-del-flow-y-broncano-lamentan-en-la-revuelta-el-dinero-que-no-han-ganado-con-su-salto-a-netflix","status":"publish","type":"post","link":"https:\/\/www.europesays.com\/es\/608525\/","title":{"rendered":"Carlos Torres (&#8216;La Reina del Flow&#8217;) y Broncano lamentan en &#8216;La Revuelta&#8217; el dinero que no han ganado con su salto a Netflix"},"content":{"rendered":"<p class=\"article-text\">\n        Por primera vez, <strong>La Revuelta<\/strong> recibi\u00f3 a <strong>Carlos Torres<\/strong>, que est\u00e1 con la Gira de la <strong>Reina del Flow<\/strong> por Espa\u00f1a. El actor, que da vida a <strong>Charly Flow <\/strong>en la serie de <strong>Netflix,<\/strong> apareci\u00f3 en el programa de La 1 con los tatuajes del personaje, ya que en el show aparece caracterizado.\n    <\/p>\n<p>    <a href=\"https:\/\/www.eldiario.es\/vertele\/noticias\/rtve-cambia-estrategia-retira-al-cielo-con-ella-martes-apuesta-la-revuelta-partido-mundial_1_13301925.html\" data-mrf-recirculation=\"saber-mas\" data-dl-event=\"saber-mas\" rel=\"nofollow noopener\" target=\"_blank\"><\/p>\n<p class=\"know-more__title\">RTVE cambia su estrategia: retira &#8216;Al cielo con ella&#8217; este martes y apuesta por &#8216;La Revuelta&#8217; tras el partido del Mundial<\/p>\n<p>            <img decoding=\"async\" class=\"lazy\" loading=\"lazy\" data-src=\"https:\/\/static.eldiario.es\/clip\/a2fd3e1b-e203-4ac5-bd49-f5a9db3064b3_16-9-aspect-ratio_default_0.jpg\" src=\"data:image\/svg+xml,%3Csvg xmlns=\" http:=\"\" viewbox=\"0 0 880 495\" alt=\"RTVE cambia su estrategia: retira 'Al cielo con ella' este martes y apuesta por 'La Revuelta' tras el partido del Mundial\"\/><\/p>\n<p>                        <\/a><\/p>\n<p class=\"article-text\">\n        <strong>David Broncano<\/strong> subray\u00f3 que la serie es la \u201c<strong>segunda m\u00e1s vista de la historia de Netflix, por detr\u00e1s de<\/strong><strong> La casa de papel\u00bb<\/strong><strong> <\/strong>y por eso mismo le pregunt\u00f3 al invitado. Torres confes\u00f3 que nunca esper\u00f3 ese \u00e9xito: \u201cCuando estrenamos La Reina del Flow en Colombia batimos r\u00e9cords de audiencia, nos renovaron y nosotros ya nos dimos como bien servidos\u201d, asegur\u00f3.\n    <\/p>\n<p class=\"article-text\">\n        A lo que a\u00f1adi\u00f3: \u201cCuando nos dijeron que la vendieron a Netflix yo no ten\u00eda tan claro la fuerza de las plataformas. <strong>No est\u00e1bamos preparados para eso, nos cogi\u00f3 por sorpresa completamente.<\/strong> Ve\u00edamos que era n\u00famero 1 en Espa\u00f1a, Chile, Argentina, hasta en Francia o Brasil que no te lo esperas. Me levantaba y ten\u00eda 10.000 seguidores m\u00e1s, 50.0000 m\u00e1s , 100.000 m\u00e1s. <strong>Ha sido una sorpresa y me ha cambiado la vida<\/strong>\u201d, confes\u00f3.\n    <\/p>\n<blockquote class=\"twitter-tweet\" data-lang=\"es\"><p><a href=\"https:\/\/twitter.com\/X\/status\/2066626298181538019?ref_src=twsrc%5Etfw\" rel=\"nofollow noopener\" target=\"_blank\"><\/p><\/blockquote>\n<p class=\"article-text\">\n        Sin embargo, tambi\u00e9n se\u00f1al\u00f3 que el salto del \u00e9xito nacional de la serie al internacional con Netflix no le multiplic\u00f3 las ganancias, porque ya les hab\u00edan pagado por hacer la serie y al venderla no recibieron m\u00e1s:<strong> \u201cA nosotros no\u201d,<\/strong> asegur\u00f3.\n    <\/p>\n<p>    <a href=\"https:\/\/www.eldiario.es\/vertele\/noticias\/rtve-elige-nuevo-presentador-sustituto-silvia-intxaurrondo-estara-fuera-hora-1-dias_1_13303558.html\" data-mrf-recirculation=\"saber-mas-abajo\" data-dl-event=\"saber-mas-abajo\" rel=\"nofollow noopener\" target=\"_blank\"><\/p>\n<p class=\"know-more__title\">RTVE elige a un nuevo presentador sustituto de Silvia Intxaurrondo, que estar\u00e1 fuera de &#8216;La hora de La 1&#8217; por \u201cunos d\u00edas\u201d<\/p>\n<p>            <img decoding=\"async\" class=\"lazy\" loading=\"lazy\" data-src=\"https:\/\/static.eldiario.es\/clip\/0186eb16-9c3c-4c5e-b04e-39fff4d8448f_16-9-aspect-ratio_default_0.jpg\" src=\"data:image\/svg+xml,%3Csvg xmlns=\" http:=\"\" viewbox=\"0 0 880 495\" alt=\"RTVE elige a un nuevo presentador sustituto de Silvia Intxaurrondo, que estar\u00e1 fuera de 'La hora de La 1' por &quot;unos d\u00edas&quot;\"\/><\/p>\n<p>                        <\/a><\/p>\n<p class=\"article-text\">\n        Algo que Broncano tambi\u00e9n lament\u00f3 al recordar que <a href=\"https:\/\/www.eldiario.es\/vertele\/noticias\/la-revuelta-broncano-salta-netflix-suma-nueva-ventana-diaria-emision-1-rtve-play_1_13254528.html\" target=\"_blank\" data-mrf-recirculation=\"links-noticia\" class=\"link\" rel=\"nofollow noopener\">La Revuelta tambi\u00e9n ha sumado la ventana de la plataforma<\/a>:<strong> \u201cEste programa ahora al d\u00eda siguiente lo ponen en Netflix y nada, no recibimos nada\u201d,<\/strong> desvel\u00f3. Aun as\u00eds\u00ed, Torres explic\u00f3 que est\u00e1 en un \u201cmomento c\u00f3modo, pero sin excesos. Vivo tranquilo\u201d dijo sobre su patrimonio actual. En cuanto al sexo durante el \u00faltimo mes confes\u00f3 que muy poco al venir a Espa\u00f1a a hacer la gira y dejar a su pareja en Colombia.\n    <\/p>\n<p>                                    <script async src=\"https:\/\/platform.twitter.com\/widgets.js\" charset=\"utf-8\"><\/script><\/p>\n","protected":false},"excerpt":{"rendered":"Por primera vez, La Revuelta recibi\u00f3 a Carlos Torres, que est\u00e1 con la Gira de la Reina del&hellip;\n","protected":false},"author":2,"featured_media":608526,"comment_status":"","ping_status":"","sticky":false,"template":"","format":"standard","meta":{"footnotes":""},"categories":[171],"tags":[13289,415,534,146,147,25,24,4405,1487,3575,73808,152,689,10717,528,1434,23,4655,214],"class_list":["post-608525","post","type-post","status-publish","format-standard","has-post-thumbnail","category-tv","tag-broncano","tag-carlos","tag-dinero","tag-entertainment","tag-entretenimiento","tag-es","tag-espana","tag-flow","tag-ganado","tag-han","tag-lamentan","tag-netflix","tag-no","tag-reina","tag-revuelta","tag-salto","tag-spain","tag-torres","tag-tv"],"share_on_mastodon":{"url":"https:\/\/pubeurope.com\/@es\/116756868565898790","error":""},"_links":{"self":[{"href":"https:\/\/www.europesays.com\/es\/wp-json\/wp\/v2\/posts\/608525","targetHints":{"allow":["GET"]}}],"collection":[{"href":"https:\/\/www.europesays.com\/es\/wp-json\/wp\/v2\/posts"}],"about":[{"href":"https:\/\/www.europesays.com\/es\/wp-json\/wp\/v2\/types\/post"}],"author":[{"embeddable":true,"href":"https:\/\/www.europesays.com\/es\/wp-json\/wp\/v2\/users\/2"}],"replies":[{"embeddable":true,"href":"https:\/\/www.europesays.com\/es\/wp-json\/wp\/v2\/comments?post=608525"}],"version-history":[{"count":0,"href":"https:\/\/www.europesays.com\/es\/wp-json\/wp\/v2\/posts\/608525\/revisions"}],"wp:featuredmedia":[{"embeddable":true,"href":"https:\/\/www.europesays.com\/es\/wp-json\/wp\/v2\/media\/608526"}],"wp:attachment":[{"href":"https:\/\/www.europesays.com\/es\/wp-json\/wp\/v2\/media?parent=608525"}],"wp:term":[{"taxonomy":"category","embeddable":true,"href":"https:\/\/www.europesays.com\/es\/wp-json\/wp\/v2\/categories?post=608525"},{"taxonomy":"post_tag","embeddable":true,"href":"https:\/\/www.europesays.com\/es\/wp-json\/wp\/v2\/tags?post=608525"}],"curies":[{"name":"wp","href":"https:\/\/api.w.org\/{rel}","templated":true}]}}