{"id":608652,"date":"2026-06-16T01:47:15","date_gmt":"2026-06-16T01:47:15","guid":{"rendered":"https:\/\/www.europesays.com\/es\/608652\/"},"modified":"2026-06-16T01:47:15","modified_gmt":"2026-06-16T01:47:15","slug":"la-defensa-del-fronton-de-urbasa","status":"publish","type":"post","link":"https:\/\/www.europesays.com\/es\/608652\/","title":{"rendered":"La defensa del front\u00f3n de Urbasa"},"content":{"rendered":"<p>\n        Un grupo de personas sensibilizadas con los <strong>valores culturales, hist\u00f3ricos y deportivos<\/strong> existentes en el <strong>Parque Natural de Urbasa y Andia<\/strong> se unieron hace dos a\u00f1os en torno a <strong>Urbasako Frontoi Auzolan Taldea<\/strong> con un objetivo claro: colaborar en la conservaci\u00f3n del <strong>front\u00f3n Amaya<\/strong> y reclamar al <strong>Gobierno de Navarra<\/strong> su <strong>restauraci\u00f3n<\/strong>. Esta infraestructura forma parte de del conjunto conocido como <strong>Venta de Urbasa<\/strong>, integrado tambi\u00e9n por un <strong>palacio<\/strong> y una peque\u00f1a <strong>iglesia<\/strong>.\n<\/p>\n<p class=\"article-body__text \">\n        Despu\u00e9s de presentar el a\u00f1o pasado una propuesta al Ejecutivo foral \u201cen saco roto\u201d, seg\u00fan apunta <strong>Roberto Zornotza<\/strong>, uno de los promotores de esta <strong>iniciativa ciudadana<\/strong>, no cesan en empe\u00f1o. Por ello, varias decenas de personas realizaron una <strong>comparecencia p\u00fablica<\/strong> el viernes para denunciar p\u00fablicamente su <strong>abandono<\/strong> y volver a solicitar al Ejecutivo foral que no lo deje caer. Al respecto, advirtieron de que el actual <strong>estado de deterioro<\/strong> de la instalaci\u00f3n \u201crepresenta un peligro\u201d y defendieron que su <strong>recuperaci\u00f3n<\/strong> permitir\u00eda devolver a la ciudadan\u00eda \u201cun espacio de uso y disfrute, como lo ha sido hist\u00f3ricamente\u201d. Antes realizaron un nuevo <strong>auzolan de limpieza<\/strong> que permiti\u00f3 acondicionar parcialmente el recinto y disputar partidos mixtos de txikis de las <strong>escuelas de pelota<\/strong>.\n<\/p>\n<p class=\"article-body__text \">\n        \u201cDemandamos al Gobierno de Navarra, como propietario del front\u00f3n, que no lo abandone como est\u00e1 haciendo hasta el momento, no lo deje caer e invierta en su arreglo y restauraci\u00f3n, a fin de recuperar una <strong>infraestructura p\u00fablica<\/strong> que tradicionalmente ha contribuido al fomento de nuestro deporte, la <strong>pelota<\/strong>, en un <strong>entorno rural y natural<\/strong> donde su pr\u00e1ctica ha sido siempre parte del paisaje, de la tradici\u00f3n y de los valores de la <strong>Sierra de Urbasa<\/strong>, que propiciaron su declaraci\u00f3n actual como Parque Natural\u201d, destacaron.\n<\/p>\n<p class=\"article-body__text \">\n        El front\u00f3n tuvo una importante actividad hasta finales de los a\u00f1os 80, cuando dej\u00f3 de utilizarse debido a su falta de mantenimiento y progresivo deterioro. \u201cEn la d\u00e9cada de los a\u00f1os 50 este front\u00f3n constituy\u00f3 un importante <strong>lugar de encuentro<\/strong>, recreo y competici\u00f3n de <strong>pelotaris<\/strong> de la zona, tanto masculinos como femeninos, que, a 1.000 metros de altitud, en un espacio de la riqueza natural y paisaj\u00edstica como la de Urbasa, practicaban el deporte de la pelota\u201d, incidieron.\n<\/p>\n<p>  <strong>Amplio respaldo<\/strong> <\/p>\n<p class=\"article-body__text \">\n        Desde Urbasako Frontoi Auzolan Taldea agradecieron a todos los <strong>colectivos sociales y deportivos<\/strong> que de forma escrita han mostrado su apoyo a esta demanda as\u00ed como a la <strong>Mancomunidad de Sakana<\/strong>, <strong>Junta del Monte Limitaciones de las Amescoas<\/strong> y <strong>Mancomunidad de Andia<\/strong>, las tres principales entidades administrativas que aglutinan las entidades locales colindantes al parque.\n<\/p>\n<p class=\"article-body__text \">\n        A la iniciativa se han ido sumando personas de ambos lados de la sierra hasta formar un equipo activo de m\u00e1s de 250 personas. Muchas forman parte de una veintena de entidades: <strong>Club deportivo Ados Pelota<\/strong>, <strong>Federaci\u00f3n Navarra de Pelota Vasca<\/strong>, Asociaci\u00f3n Upel Pelota, Asociaci\u00f3n Cultural Navarra de Pelota Vasca NAPIKE, Club Deportivo Ameskkoa, Club Deportivo San Miguel, CPEIP Zudarie, Olaztiko Herri Eskola, Beriteguia-Camping Urbasa, Guaixe Fundazioa, Promociones Deportivas Garfe, Gure Pilota Elkartea, Club Lizar Jai Pelota de Estella, Asociaci\u00f3n Tierras de Iranzu, Capuchinos, Sakanako Aizkora Eskola, Club Aldabide Kirol Taldea y CDP Irurtzun.\n<\/p>\n<p class=\"article-body__text \">\n        \u201cEstos colectivos estar\u00edan dispuestos a desarrollar al menos una o varias <strong>actividades anuales<\/strong> relacionadas con la pelota en el front\u00f3n Amaya de Urbasa. Trabajan mayoritariamente con adolescentes y ven esta infraestructura como un lugar privilegiado y muy atractivo para realizar <strong>torneos de pelota a mano<\/strong>, bien individuales o entre los clubes de Am\u00e9scoa, Estella, Yerri o Sakana, todos ellos colindantes al parque\u201d, explicaron. Adem\u00e1s, seg\u00fan apuntaron, este espacio tendr\u00eda potencial para desarrollar otras <strong>modalidades de pelota<\/strong> o lugar de encuentro para celebraciones y eventos.\n<\/p>\n<p>  <strong>Auzolan<\/strong><\/p>\n<p class=\"article-body__text \">\n        \u201cMe daba mucha pena ver as\u00ed el front\u00f3n\u201d, recuerda Zornotza. Hace dos a\u00f1os decidi\u00f3 que hab\u00eda que hacer algo y pidi\u00f3 apoyo al Ayuntamiento de Olazti realizar un auzolan de limpieza, previa autorizaci\u00f3n del Gobierno de Navarra. Entonces fueron seis personas. \u201cTambi\u00e9n solicit\u00e9 su restauraci\u00f3n y me contestaron que si tra\u00edamos un presupuesto y un programa de actividades, lo estudiar\u00edan. Pens\u00e9 que hab\u00eda que socializar el tema para que cogiera m\u00e1s fuerza\u201d. As\u00ed, se puso en contacto con <strong>Maite Ruiz de Larramendi<\/strong>, la mejor pelotari de todos los tiempos seg\u00fan muchos y que se inici\u00f3 en este front\u00f3n. \u201cSab\u00eda que tambi\u00e9n hab\u00eda intentado su arreglo. Cuando le ense\u00f1\u00e9 el v\u00eddeo que hab\u00edamos grabado del auzolan lloraba\u201d.\n<\/p>\n<p class=\"article-body__text \">\n        Urbasako Frontoi Auzolan Taldea cogi\u00f3 forma, con un grupo motor de siete personas. El a\u00f1o pasado realizaron un nuevo auzolan, en esta ocasi\u00f3n ceran cerca de un centenar de personas que limpiaron y realizaron un cierre. Tambi\u00e9n presentaron un dossier al Gobierno de Navarra con su propuesta.\n<\/p>\n<p>  <strong>Historia<\/strong><\/p>\n<p class=\"article-body__text \">\n        El Gobierno de Navarra adquiri\u00f3 en 1990 el palacio, el front\u00f3n y sus terrenos circundantes, junto a la carretera NA-718, a la familia Ech\u00e1varri, El Palacio se construy\u00f3 entre 1699 y 1705 por Juan Rem\u00edrez de Baquedano, segundo marqu\u00e9s de And\u00eda, que ostentaba la jurisdicci\u00f3n civil y criminal en los montes de Urbasa y And\u00eda. Inicialmente alberg\u00f3 una c\u00e1rcel y casa del alcalde encargado de administrar justicia as\u00ed como capell\u00e1n de la iglesia que hab\u00eda en el palacio. Con el tiempo se convirti\u00f3 en refugio de pastores, ganadores y viajeros\n<\/p>\n<p class=\"article-body__text \">\n        El front\u00f3n se levant\u00f3 en 1915, cuando el industrial maderero Juan Ech\u00e1varri remoz\u00f3 el palacio, para el disfrute de sus diez hijos y de los clientes del hostal restaurante que habilit\u00f3 en una parte del edificio. El resto era la residencia de verano familiar. Cerrado en 1984, su estado es ruinoso. De hecho, est\u00e1 incluido en la <strong>Lista Roja del patrimonio en peligro<\/strong>. Inicialmente plante\u00f3 su restauraci\u00f3n y conversi\u00f3n en un hotel de lujo, con 24 habitaciones y 3 suites, en un proyecto que ya se valor\u00f3 entonces en 4,5 millones de euros.<\/p>\n","protected":false},"excerpt":{"rendered":"Un grupo de personas sensibilizadas con los valores culturales, hist\u00f3ricos y deportivos existentes en el Parque Natural de&hellip;\n","protected":false},"author":2,"featured_media":608653,"comment_status":"","ping_status":"","sticky":false,"template":"","format":"standard","meta":{"footnotes":""},"categories":[8],"tags":[17,18,1616,25,24,13,14,52145,11,19,20,9,10,15,16,23,12,21,22,113982],"class_list":["post-608652","post","type-post","status-publish","format-standard","has-post-thumbnail","category-espana","tag-breaking-news","tag-breakingnews","tag-defensa","tag-es","tag-espana","tag-featured-news","tag-featurednews","tag-fronton","tag-headlines","tag-latest-news","tag-latestnews","tag-news","tag-noticias","tag-noticias-destacadas","tag-noticiasdestacadas","tag-spain","tag-titulares","tag-ultimas-noticias","tag-ultimasnoticias","tag-urbasa"],"share_on_mastodon":{"url":"https:\/\/pubeurope.com\/@es\/116757269461783512","error":""},"_links":{"self":[{"href":"https:\/\/www.europesays.com\/es\/wp-json\/wp\/v2\/posts\/608652","targetHints":{"allow":["GET"]}}],"collection":[{"href":"https:\/\/www.europesays.com\/es\/wp-json\/wp\/v2\/posts"}],"about":[{"href":"https:\/\/www.europesays.com\/es\/wp-json\/wp\/v2\/types\/post"}],"author":[{"embeddable":true,"href":"https:\/\/www.europesays.com\/es\/wp-json\/wp\/v2\/users\/2"}],"replies":[{"embeddable":true,"href":"https:\/\/www.europesays.com\/es\/wp-json\/wp\/v2\/comments?post=608652"}],"version-history":[{"count":0,"href":"https:\/\/www.europesays.com\/es\/wp-json\/wp\/v2\/posts\/608652\/revisions"}],"wp:featuredmedia":[{"embeddable":true,"href":"https:\/\/www.europesays.com\/es\/wp-json\/wp\/v2\/media\/608653"}],"wp:attachment":[{"href":"https:\/\/www.europesays.com\/es\/wp-json\/wp\/v2\/media?parent=608652"}],"wp:term":[{"taxonomy":"category","embeddable":true,"href":"https:\/\/www.europesays.com\/es\/wp-json\/wp\/v2\/categories?post=608652"},{"taxonomy":"post_tag","embeddable":true,"href":"https:\/\/www.europesays.com\/es\/wp-json\/wp\/v2\/tags?post=608652"}],"curies":[{"name":"wp","href":"https:\/\/api.w.org\/{rel}","templated":true}]}}