{"id":608853,"date":"2026-06-16T04:51:19","date_gmt":"2026-06-16T04:51:19","guid":{"rendered":"https:\/\/www.europesays.com\/es\/608853\/"},"modified":"2026-06-16T04:51:19","modified_gmt":"2026-06-16T04:51:19","slug":"el-ultimo-reencuentro-de-la-isla-de-las-tentaciones-10-emociona-con-lucas-y-yuli-y-sorprende-con-la-pareja-irrompible","status":"publish","type":"post","link":"https:\/\/www.europesays.com\/es\/608853\/","title":{"rendered":"El \u00faltimo reencuentro de &#8216;La isla de las tentaciones 10&#8217; emociona con Lucas y Yuli y sorprende con la pareja irrompible"},"content":{"rendered":"<p class=\"article-text\">\n        Este lunes, 15 de junio, <strong>La isla de las tentaciones 10<\/strong> emiti\u00f3 la \u00faltima entrega de su reencuentro tres meses despu\u00e9s en <strong>Telecinco<\/strong>. Lo hizo para dar paso a su <strong>Debate Final<\/strong> que emitir\u00e1 este martes 16 y mi\u00e9rcoles 17 de junio, a partir de las 23:00 horas, tras las nuevas entregas de First Dates.\n    <\/p>\n<p>    <a href=\"https:\/\/www.eldiario.es\/vertele\/noticias\/reencuentro-isla-tentaciones-10-destapo-reconciliaciones-boda-vista-sexo-avion-vuelta_1_13292458.html\" data-mrf-recirculation=\"saber-mas\" data-dl-event=\"saber-mas\" rel=\"nofollow noopener\" target=\"_blank\"><\/p>\n<p class=\"know-more__title\">El reencuentro de &#8216;La isla de las tentaciones 10&#8217; destapa sexo en el avi\u00f3n, dos reconciliaciones y una boda a la vista<\/p>\n<p>            <img decoding=\"async\" class=\"lazy\" loading=\"lazy\" data-src=\"https:\/\/static.eldiario.es\/clip\/3a732fb9-23e2-4087-afb3-e30b0d79807e_16-9-aspect-ratio_default_0.jpg\" src=\"data:image\/svg+xml,%3Csvg xmlns=\" http:=\"\" viewbox=\"0 0 880 495\" alt=\"El reencuentro de 'La isla de las tentaciones 10' destapa sexo en el avi\u00f3n, dos reconciliaciones y una boda a la vista\"\/><\/p>\n<p>                        <\/a><\/p>\n<p class=\"article-text\">\n        <strong>Sandra Barneda<\/strong> acogi\u00f3 en esta ocasi\u00f3n a <strong>Leila y Atam\u00e1n<\/strong>, que salieron por separado y ella se march\u00f3 con <strong>David Vaquero<\/strong>. Despu\u00e9s a<strong> Yuli y Lucas,<\/strong> que rompieron en la experiencia. Y a <strong>\u00c1lex y Ainhoa<\/strong> que s\u00ed se fueron de la mano. Adem\u00e1s de a los respectivos tentadores y tentadoras de cada uno.\n    <\/p>\n<p class=\"article-text\">\n        Si en la entrega anterior se destap\u00f3 el <a href=\"https:\/\/www.eldiario.es\/vertele\/noticias\/reencuentro-isla-tentaciones-10-destapo-reconciliaciones-boda-vista-sexo-avion-vuelta_1_13292458.html\" target=\"_blank\" data-mrf-recirculation=\"links-noticia\" class=\"link\" rel=\"nofollow noopener\">sexo en el avi\u00f3n entre una de las parejas, dos reconciliaciones y una boda<\/a> a la vista, en esta segunda gala hubo reproches en cada una de las parejas, rupturas y reconciliaciones.\n    <\/p>\n<p>    David y Alba se van juntos, tras un amago de fuga<\/p>\n<p class=\"article-text\">\n        El programa arranc\u00f3 donde hab\u00eda quedado el anterior, con la llegada de Luc\u00eda al sal\u00f3n. Ella desvel\u00f3 que David le hab\u00eda confesado que quer\u00eda besarle, algo que hizo saltar a Alba, porque \u00e9l siempre le hab\u00eda dicho que no le gustaba ninguna. Cuando la tentadora a\u00f1adi\u00f3 que<strong> tambi\u00e9n le hab\u00eda gustado Claudia, la novia estall\u00f3 y se march\u00f3. <\/strong>\n    <\/p>\n<blockquote class=\"twitter-tweet\" data-lang=\"es\"><p><a href=\"https:\/\/twitter.com\/X\/status\/2066634406819774735?ref_src=twsrc%5Etfw\" rel=\"nofollow noopener\" target=\"_blank\"><\/p><\/blockquote>\n<p class=\"article-text\">\n        Al volver, la novia le recrimin\u00f3 que siempre le mintiera, que le ocultara cosas. \u00c9l se disculp\u00f3 e intent\u00f3 explicarse con que<strong> le hab\u00eda pasado por la cabeza vengarse del beso de ella, pero no pudo<\/strong>. Finalmente, acabaron perdon\u00e1ndose, entendi\u00e9ndose y bes\u00e1ndose frente a Barneda, que agradeci\u00f3 la comunicaci\u00f3n entre los dos y les vio marcharse juntos.\n    <\/p>\n<p>    La guerra entre Atam\u00e1n y Leila contin\u00faa, como ella con David<\/p>\n<p class=\"article-text\">\n        <strong>Atam\u00e1n fue el primero<\/strong> en sentarse en el sof\u00e1 del sal\u00f3n para lamentar haber \u201csuplicado amor\u201d durante la experiencia y tener esta final \u201cdur\u00edsima\u201d al ver marchar a Leila con su tentador. Tras ello, el vuelo de vuelta estuvo plagado de reproches por su parte, se separaron en Canarias y le dej\u00f3 todo a ella. Atam\u00e1n no pudo reprimir las l\u00e1grimas al confesar a Barneda que<strong> se le hab\u00eda \u201croto la vida y no se lo esperaba\u201d.<\/strong>\n    <\/p>\n<blockquote class=\"twitter-tweet\" data-lang=\"es\"><p><a href=\"https:\/\/twitter.com\/X\/status\/2066638985175212250?ref_src=twsrc%5Etfw\" rel=\"nofollow noopener\" target=\"_blank\"><\/p><\/blockquote>\n<p class=\"article-text\">\n        \u00c9l se march\u00f3 y lleg\u00f3 Leila junto a la presentadora. Record\u00f3 que ellos fueron a la isla porque no estaban bien y que se dio cuenta de que ya no estaba enamorada, que <strong>no quiso seguir por pena y que \u00e9l no deber\u00eda quererla \u201cpor encima de todo lo malo que le haga\u201d.<\/strong> En ese instante, Atam\u00e1n no pudo aguantar m\u00e1s e interrumpi\u00f3 la charla aplaudiendo \u201cla pel\u00edcula montada\u201d.\n    <\/p>\n<p class=\"article-text\">\n        Volvieron a enzarzarse con reproches y Atam\u00e1n sali\u00f3 del sal\u00f3n arrepinti\u00e9ndose de acudir al programa. Barneda fue en su busca, despu\u00e9s Leila y volvieron a engancharse: \u201cSab\u00edas que estaba enamorado de ti y te iba a decir que s\u00ed a todo y me trajiste aqu\u00ed para re\u00edrte en mi puta cara\u201d, repet\u00eda \u00e9l.\n    <\/p>\n<blockquote class=\"twitter-tweet\" data-lang=\"es\"><p><a href=\"https:\/\/twitter.com\/X\/status\/2066644220077568417?ref_src=twsrc%5Etfw\" rel=\"nofollow noopener\" target=\"_blank\"><\/p><\/blockquote>\n<p class=\"article-text\">\n        Al regresar al sal\u00f3n, Leila confes\u00f3 que estaba<strong> \u201cilusionada\u201d por David con quien segu\u00eda conoci\u00e9ndose<\/strong>. El tentador entr\u00f3 para dar su versi\u00f3n de la historia, le dio un beso en la mejilla a ella \u201cpor respeto\u201d al ex, y explic\u00f3 que estaba \u201cilusionado\u201d, que la quer\u00eda y que \u201cson novios\u201d. Seguidamente, entr\u00f3 <strong>Irini, la soltera favorita de Atam\u00e1n<\/strong>. Explic\u00f3 que al acabar en la isla tambi\u00e9n se lio con \u00c1lex, y al volver a Espa\u00f1a se acost\u00f3 dos veces con Atam\u00e1n.\n    <\/p>\n<p class=\"article-text\">\n        Todos los encuentros se mezclaron con los reproches de Atam\u00e1n y Leila, criticando la actitud de uno y otra sin parar. Por lo que Barneda zanj\u00f3 el momento, despidiendo al exnovio y entendiendo que a\u00fan hay mucho dolor. Al quedarse a solas con <strong>David y Leila explicaron que quieren irse a vivir juntos.<\/strong>\n    <\/p>\n<p>    Yuli y Lucas se reencuentran despu\u00e9s de meses sin verse<\/p>\n<p class=\"article-text\">\n        Yuli entr\u00f3 sola al sal\u00f3n para explicar a Sandra que al salir, se fueron juntos a Chile y Lucas se port\u00f3 muy bien con ella. All\u00ed sab\u00edan que se separar\u00edan, pero <strong>siguieron como si nada hubiera pasado, hasta que \u00e9l se fue<\/strong>. No hab\u00edan vuelto a verse hasta este momento.\n    <\/p>\n<p class=\"article-text\">\n        Entr\u00f3 Lucas con un ramo de flores para&#8230; Barneda, agradecido por todo lo que hizo por ellos y por aguantar el momento del espejo. Con Yuli se abrazaron. Explic\u00f3 que le fue <strong>bien darse cuenta de la realidad, que ella no sent\u00eda lo mismo que \u00e9l<\/strong> y que ella no frenara al ver lo derrumbado que estaba \u00e9l.\n    <\/p>\n<blockquote class=\"twitter-tweet\" data-lang=\"es\"><p><a href=\"https:\/\/twitter.com\/X\/status\/2066656398906159184?ref_src=twsrc%5Etfw\" rel=\"nofollow noopener\" target=\"_blank\"><\/p><\/blockquote>\n<p class=\"article-text\">\n        Ella se reafirm\u00f3 en que ya no estaba enamorada de \u00e9l y \u00e9l acept\u00f3 que no pod\u00eda seguir luchando por su relaci\u00f3n. Momento en el que entr\u00f3 <strong>\u00d3scar y explic\u00f3 que nunca se hab\u00edan vuelto a ver, pero si hab\u00edan hablado <\/strong>sobre la situaci\u00f3n de cada uno. Algo que molest\u00f3 a Lucas porque no se lo hab\u00eda contado.\n    <\/p>\n<p class=\"article-text\">\n        Al marcharse \u00d3scar, la expareja se dedic\u00f3 palabras bonitas de despedida. \u00c9l le agradeci\u00f3 todo lo vivido y ella volvi\u00f3 a pedirle perd\u00f3n, deseando que encontrara a alguien que le mereciera.\n    <\/p>\n<p>    \u00c1lex y Ainhoa siguen con el \u201cagobio\u201d de antes de la isla<\/p>\n<p class=\"article-text\">\n        Aunque \u00c1lex y Ainhoa salieron juntos de la experiencia, ella lleg\u00f3 sola al sal\u00f3n. Explic\u00f3 que al llegar a Espa\u00f1a \u00e9l empez\u00f3 a agobiarse y a pagarlo todo con ella, hasta que <strong>un d\u00eda le dijo que se dieran un tiempo<\/strong>. Ella no entend\u00eda nada, sinti\u00f3 que la dejaba y le dio el espacio que le pidi\u00f3: dos d\u00edas.\n    <\/p>\n<p class=\"article-text\">\n        Ella se march\u00f3 y entr\u00f3 \u00c1lex. Al volver explic\u00f3 que vivieron <strong>\u201cla mejor etapa de la relaci\u00f3n\u201d hasta que regresaron las peleas.<\/strong> \u201cLe ped\u00ed un tiempo separado para no seguir pele\u00e1ndonos\u201d porque no ve\u00eda otra soluci\u00f3n. No estuvieron separados como esperaba, lo que provoc\u00f3 m\u00e1s broncas, y volvi\u00f3 a agobiarse.\n    <\/p>\n<blockquote class=\"twitter-tweet\" data-lang=\"es\"><p><a href=\"https:\/\/twitter.com\/X\/status\/2066663285865255289?ref_src=twsrc%5Etfw\" rel=\"nofollow noopener\" target=\"_blank\"><\/p><\/blockquote>\n<p class=\"article-text\">\n        <strong>Ainhoa entr\u00f3 al sal\u00f3n entre l\u00e1grimas <\/strong>porque sent\u00eda que \u00e9l hab\u00eda estado jugando con ella todo este tiempo. Lament\u00f3 que la pintara como la culpable de sus discusiones y \u00e9l lament\u00f3 que volvieran a estar pele\u00e1ndose continuamente.\n    <\/p>\n<p>    <a href=\"https:\/\/www.eldiario.es\/vertele\/noticias\/supervivientes-vive-surrealista-debate-final-ausencias-confesion-robos-protagonista-inesperado_1_13301225.html\" data-mrf-recirculation=\"saber-mas-abajo\" data-dl-event=\"saber-mas-abajo\" rel=\"nofollow noopener\" target=\"_blank\"><\/p>\n<p class=\"know-more__title\">&#8216;Supervivientes&#8217; vive un \u201csurrealista\u201d debate final con dos ausencias, confesi\u00f3n de robos y un protagonista inesperado<\/p>\n<p>            <img decoding=\"async\" class=\"lazy\" loading=\"lazy\" data-src=\"https:\/\/static.eldiario.es\/clip\/62560c5a-a9a7-470e-9a9e-d5333184fb5b_16-9-aspect-ratio_default_0.jpg\" src=\"data:image\/svg+xml,%3Csvg xmlns=\" http:=\"\" viewbox=\"0 0 880 495\" alt=\"'Supervivientes' vive un &quot;surrealista&quot; debate final con dos ausencias, confesi\u00f3n de robos y un protagonista inesperado\"\/><\/p>\n<p>                        <\/a><\/p>\n<p class=\"article-text\">\n        Finalmente, Barneda puso cabeza en la situaci\u00f3n: <strong>\u201cSalisteis de la isla muy enamorados y ahora segu\u00eds queriendo estar juntos, pero ten\u00e9is un problema de comunicaci\u00f3n\u201d,<\/strong> algo que ellos confirmaron. Los dos aseguraron querer marcharse juntos, de nuevo, y con una sonrisa por primera vez.\n    <\/p>\n<p>                                        <script async src=\"https:\/\/platform.twitter.com\/widgets.js\" charset=\"utf-8\"><\/script><\/p>\n","protected":false},"excerpt":{"rendered":"Este lunes, 15 de junio, La isla de las tentaciones 10 emiti\u00f3 la \u00faltima entrega de su reencuentro&hellip;\n","protected":false},"author":2,"featured_media":608854,"comment_status":"","ping_status":"","sticky":false,"template":"","format":"standard","meta":{"footnotes":""},"categories":[171],"tags":[5287,14733,146,147,25,24,12020,3643,7357,2477,20070,6924,23,4473,214,3667,111935],"class_list":["post-608853","post","type-post","status-publish","format-standard","has-post-thumbnail","category-tv","tag-5287","tag-emociona","tag-entertainment","tag-entretenimiento","tag-es","tag-espana","tag-irrompible","tag-isla","tag-lucas","tag-pareja","tag-reencuentro","tag-sorprende","tag-spain","tag-tentaciones","tag-tv","tag-ultimo","tag-yuli"],"share_on_mastodon":{"url":"https:\/\/pubeurope.com\/@es\/116757993002176248","error":""},"_links":{"self":[{"href":"https:\/\/www.europesays.com\/es\/wp-json\/wp\/v2\/posts\/608853","targetHints":{"allow":["GET"]}}],"collection":[{"href":"https:\/\/www.europesays.com\/es\/wp-json\/wp\/v2\/posts"}],"about":[{"href":"https:\/\/www.europesays.com\/es\/wp-json\/wp\/v2\/types\/post"}],"author":[{"embeddable":true,"href":"https:\/\/www.europesays.com\/es\/wp-json\/wp\/v2\/users\/2"}],"replies":[{"embeddable":true,"href":"https:\/\/www.europesays.com\/es\/wp-json\/wp\/v2\/comments?post=608853"}],"version-history":[{"count":0,"href":"https:\/\/www.europesays.com\/es\/wp-json\/wp\/v2\/posts\/608853\/revisions"}],"wp:featuredmedia":[{"embeddable":true,"href":"https:\/\/www.europesays.com\/es\/wp-json\/wp\/v2\/media\/608854"}],"wp:attachment":[{"href":"https:\/\/www.europesays.com\/es\/wp-json\/wp\/v2\/media?parent=608853"}],"wp:term":[{"taxonomy":"category","embeddable":true,"href":"https:\/\/www.europesays.com\/es\/wp-json\/wp\/v2\/categories?post=608853"},{"taxonomy":"post_tag","embeddable":true,"href":"https:\/\/www.europesays.com\/es\/wp-json\/wp\/v2\/tags?post=608853"}],"curies":[{"name":"wp","href":"https:\/\/api.w.org\/{rel}","templated":true}]}}