{"id":608928,"date":"2026-06-16T06:02:18","date_gmt":"2026-06-16T06:02:18","guid":{"rendered":"https:\/\/www.europesays.com\/es\/608928\/"},"modified":"2026-06-16T06:02:18","modified_gmt":"2026-06-16T06:02:18","slug":"alejandro-amenabar-cambia-la-alfombra-roja-del-zinemaldia-por-uno-de-los-templos-gastronomicos-de-san-sebastian","status":"publish","type":"post","link":"https:\/\/www.europesays.com\/es\/608928\/","title":{"rendered":"Alejandro Amen\u00e1bar cambia la alfombra roja del Zinemaldia por uno de los templos gastron\u00f3micos de San Sebasti\u00e1n"},"content":{"rendered":"<p class=\"v-d-p\" style=\"\">El cineasta <a href=\"https:\/\/www.diariovasco.com\/temas\/personajes\/alejandro-amenabar.html\" title=\"www.diariovasco.com\" data-voc-vtm-id=\"in-text-traffic\" data-mrf-link=\"www.diariovasco.com\" rel=\"nofollow noopener\" target=\"_blank\">Alejandro Amen\u00e1bar<\/a> (54 a\u00f1os) ha estado este fin de semana en San Sebasti\u00e1n, ciudad que ha sido testigo y trampol\u00edn de sus proyectos m\u00e1s ambiciosos. En esta ocasi\u00f3n, sin embargo, el director de cine no se ha paseado por la alfrombra roja del <a href=\"https:\/\/www.diariovasco.com\/culturas\/zinemaldia\/\" title=\"www.diariovasco.com\" data-voc-vtm-id=\"in-text-traffic\" data-mrf-link=\"www.diariovasco.com\" rel=\"nofollow noopener\" target=\"_blank\">Zinemaldia<\/a>, sino que se ha dejado ver en uno de los templos gastron\u00f3micos de Donostia: el restaurante Rekondo. <\/p>\n<p class=\"v-d-p\" style=\"\">Vestido con camisa blanca y pantal\u00f3n vaquero, Amen\u00e1bar fue recibido personalmente por Lourdes Rekondo y el chef I\u00f1aki Arrieta. \u00abUn placer Alejandro Amenabar\u00bb se puede leer en la cuenta de Instagram del restaurante, junto a una foto en la que el cineasta aparece sonriente y relajado.<\/p>\n<p class=\"v-d-p\" style=\"\">La conexi\u00f3n de Alejandro Amen\u00e1bar con la capital guipuzcoana es profunda y dilatada. Aunque sus primeras visitas fueron como invitado de su mentor, Jos\u00e9 Luis Cuerda, su idilio oficial con el Festival Internacional de Cine de San Sebasti\u00e1n se consolid\u00f3 en hitos clave. En 2015 inaugur\u00f3 la Secci\u00f3n Oficial del festival con Regresi\u00f3n y, en 2019 &#8216;Mientras dure la guerra&#8217;, la aclamada pel\u00edcula sobre la figura de Miguel de Unamuno y los inicios de la Guerra Civil Espa\u00f1ola, compiti\u00f3 por la Concha de Oro. <\/p>\n<p class=\"v-d-p\" style=\"\">En 2021, Amen\u00e1bar traslad\u00f3 a su equipo de producci\u00f3n a Gipuzkoa para filmar las escenas m\u00e1s espectaculares de la miniserie de televisi\u00f3n &#8216;La Fortuna&#8217;, que present\u00f3 en el Festival Internacional de Cine de San Sebasti\u00e1n de ese mismo a\u00f1o. M\u00e1r ecientemente, en mayo del a\u00f1o pasado, particip\u00f3 en una <a href=\"https:\/\/www.diariovasco.com\/culturas\/cine\/tesis-sorpresa-cambio-vida-siga-haciendo-cine-20250503002541-nt.html\" title=\"www.diariovasco.com\" data-voc-vtm-id=\"in-text-traffic\" data-mrf-link=\"www.diariovasco.com\" rel=\"nofollow noopener\" target=\"_blank\">proyecci\u00f3n especial de su primera pel\u00edcula, &#8216;Tesis&#8217;<\/a>, con ocasi\u00f3n de su 30 aniversario, en un acto que se celebr\u00f3 dentro del ciclo Cine y M\u00fasica de Tabakalera.<\/p>\n","protected":false},"excerpt":{"rendered":"El cineasta Alejandro Amen\u00e1bar (54 a\u00f1os) ha estado este fin de semana en San Sebasti\u00e1n, ciudad que ha&hellip;\n","protected":false},"author":2,"featured_media":608929,"comment_status":"","ping_status":"","sticky":false,"template":"","format":"standard","meta":{"footnotes":""},"categories":[174],"tags":[10114,19340,15992,1838,255,146,147,25,24,256,32243,13644,2228,11678,23,8258,24803],"class_list":["post-608928","post","type-post","status-publish","format-standard","has-post-thumbnail","category-famosos","tag-alejandro","tag-alfombra","tag-amenabar","tag-cambia","tag-celebrities","tag-entertainment","tag-entretenimiento","tag-es","tag-espana","tag-famosos","tag-gastronomico","tag-roja","tag-san","tag-sebastian","tag-spain","tag-templo","tag-zinemaldia"],"share_on_mastodon":{"url":"https:\/\/pubeurope.com\/@es\/116758272197448068","error":""},"_links":{"self":[{"href":"https:\/\/www.europesays.com\/es\/wp-json\/wp\/v2\/posts\/608928","targetHints":{"allow":["GET"]}}],"collection":[{"href":"https:\/\/www.europesays.com\/es\/wp-json\/wp\/v2\/posts"}],"about":[{"href":"https:\/\/www.europesays.com\/es\/wp-json\/wp\/v2\/types\/post"}],"author":[{"embeddable":true,"href":"https:\/\/www.europesays.com\/es\/wp-json\/wp\/v2\/users\/2"}],"replies":[{"embeddable":true,"href":"https:\/\/www.europesays.com\/es\/wp-json\/wp\/v2\/comments?post=608928"}],"version-history":[{"count":0,"href":"https:\/\/www.europesays.com\/es\/wp-json\/wp\/v2\/posts\/608928\/revisions"}],"wp:featuredmedia":[{"embeddable":true,"href":"https:\/\/www.europesays.com\/es\/wp-json\/wp\/v2\/media\/608929"}],"wp:attachment":[{"href":"https:\/\/www.europesays.com\/es\/wp-json\/wp\/v2\/media?parent=608928"}],"wp:term":[{"taxonomy":"category","embeddable":true,"href":"https:\/\/www.europesays.com\/es\/wp-json\/wp\/v2\/categories?post=608928"},{"taxonomy":"post_tag","embeddable":true,"href":"https:\/\/www.europesays.com\/es\/wp-json\/wp\/v2\/tags?post=608928"}],"curies":[{"name":"wp","href":"https:\/\/api.w.org\/{rel}","templated":true}]}}