{"id":609012,"date":"2026-06-16T07:16:13","date_gmt":"2026-06-16T07:16:13","guid":{"rendered":"https:\/\/www.europesays.com\/es\/609012\/"},"modified":"2026-06-16T07:16:13","modified_gmt":"2026-06-16T07:16:13","slug":"pablo-chiapella-llega-al-hormiguero-tenido-de-rubio-y-con-una-pista-sobre-su-personaje-en-la-que-se-avecina","status":"publish","type":"post","link":"https:\/\/www.europesays.com\/es\/609012\/","title":{"rendered":"Pablo Chiapella llega al &#8216;Hormiguero&#8217; te\u00f1ido de rubio y con una pista sobre su personaje en &#8216;La que se avecina&#8217;"},"content":{"rendered":"<p style=\"\">Pablo Chiapella y J.J. Vaquero fueron los invitados de anoche en el &#8216;Hormiguero&#8217;. El programa de Pablo Motos, que est\u00e1 a punto de culminar  &#8230; su vig\u00e9sima temporada, volver\u00e1 a afrontar el verano con los deberes hechos; vuelven a ganar a Broncano y &#8216;La Revuelta&#8217; y, a pesar de los a\u00f1os y la competencia, sigue consolid\u00e1ndose como el espacio de entretenimiento m\u00e1s visto de la televisi\u00f3n.<\/p>\n<p class=\"v-d-p\" style=\"\">As\u00ed que para arrancar el lunes qu\u00e9 mejor que llevar al programa a un viejo conocido -J.J. Vaquero estuvo una d\u00e9cada en el programa- y a un invitado ya casi de la &#8216;casa&#8217;. Porque Chiapella disfrut\u00f3 de un mini-homenaje por entrar en el club platino del programa.<\/p>\n<p class=\"v-d-p\" style=\"\">Casualidad que tambi\u00e9n llevase el pelo te\u00f1ido de rubio platino. Pablo Motos le pregunt\u00f3 por qu\u00e9. \u00abEstoy grabando &#8216;La que se avecina y a Amador le pasan cosas&#8230;\u00bb, desvel\u00f3 soltando una pista de lo que ser\u00e1 la nueva temporada de la serie de Amazon Prime y Telecinco.<\/p>\n<p class=\"v-d-p\" style=\"\">Chiapella y Vaquero llegaron subidos en un descapotable. \u00ab\u00a1Aparcao!\u00bb, solt\u00f3 el primero de ellos con un claro gui\u00f1o a su personaje de &#8216;La que se avecina&#8217;. El invitado se disculp\u00f3 por no poder estar el pasado mes de diciembre durante la promoci\u00f3n de la segunda entrega de &#8216;La Navidad en sus manos&#8217;. \u00abEstaba hecho polvo, con una gripe horrible. Digo puedo ir, pero le voy a llenar &#8216;El Hormiguero&#8217;&#8230;\u00bb, apunt\u00f3.<\/p>\n<p class=\"v-d-p\" style=\"\">Afortunadamente, aquel d\u00eda pudieron asistir Santiago Segura y Ernesto Sevilla. \u00abSi hubiera venido solo, hubiera ido\u00bb, le dijo a Motos, que acept\u00f3 entre risas sus disculpas.<\/p>\n<p class=\"v-d-p\" style=\"\">Esta vez, Chiapella y J.J. Vaquero presentaron la serie &#8216;Olivia&#8217;, que se estrena el pr\u00f3ximo 1 de julio en Disney+. \u00abUna producci\u00f3n familiar\u00bb que narra la historia del hombre del tiempo en la televisi\u00f3n, cont\u00f3 Vaquero.<\/p>\n","protected":false},"excerpt":{"rendered":"Pablo Chiapella y J.J. Vaquero fueron los invitados de anoche en el &#8216;Hormiguero&#8217;. El programa de Pablo Motos,&hellip;\n","protected":false},"author":2,"featured_media":609013,"comment_status":"","ping_status":"","sticky":false,"template":"","format":"standard","meta":{"footnotes":""},"categories":[171],"tags":[7746,62234,146,147,25,24,17775,5012,618,11250,5839,36948,14346,57,23,214],"class_list":["post-609012","post","type-post","status-publish","format-standard","has-post-thumbnail","category-tv","tag-avecina","tag-chiapella","tag-entertainment","tag-entretenimiento","tag-es","tag-espana","tag-hormiguero","tag-llega","tag-pablo","tag-personaje","tag-pista","tag-platino","tag-rubio","tag-sobre","tag-spain","tag-tv"],"share_on_mastodon":{"url":"https:\/\/pubeurope.com\/@es\/116758563165095821","error":""},"_links":{"self":[{"href":"https:\/\/www.europesays.com\/es\/wp-json\/wp\/v2\/posts\/609012","targetHints":{"allow":["GET"]}}],"collection":[{"href":"https:\/\/www.europesays.com\/es\/wp-json\/wp\/v2\/posts"}],"about":[{"href":"https:\/\/www.europesays.com\/es\/wp-json\/wp\/v2\/types\/post"}],"author":[{"embeddable":true,"href":"https:\/\/www.europesays.com\/es\/wp-json\/wp\/v2\/users\/2"}],"replies":[{"embeddable":true,"href":"https:\/\/www.europesays.com\/es\/wp-json\/wp\/v2\/comments?post=609012"}],"version-history":[{"count":0,"href":"https:\/\/www.europesays.com\/es\/wp-json\/wp\/v2\/posts\/609012\/revisions"}],"wp:featuredmedia":[{"embeddable":true,"href":"https:\/\/www.europesays.com\/es\/wp-json\/wp\/v2\/media\/609013"}],"wp:attachment":[{"href":"https:\/\/www.europesays.com\/es\/wp-json\/wp\/v2\/media?parent=609012"}],"wp:term":[{"taxonomy":"category","embeddable":true,"href":"https:\/\/www.europesays.com\/es\/wp-json\/wp\/v2\/categories?post=609012"},{"taxonomy":"post_tag","embeddable":true,"href":"https:\/\/www.europesays.com\/es\/wp-json\/wp\/v2\/tags?post=609012"}],"curies":[{"name":"wp","href":"https:\/\/api.w.org\/{rel}","templated":true}]}}