{"id":609121,"date":"2026-06-16T08:40:13","date_gmt":"2026-06-16T08:40:13","guid":{"rendered":"https:\/\/www.europesays.com\/es\/609121\/"},"modified":"2026-06-16T08:40:13","modified_gmt":"2026-06-16T08:40:13","slug":"toni-nadal-desvela-cuando-se-dio-cuenta-de-que-rafa-nadal-llegaria-a-ser-campeon-solo-se-lo-dije-a-su-padre","status":"publish","type":"post","link":"https:\/\/www.europesays.com\/es\/609121\/","title":{"rendered":"Toni Nadal desvela cu\u00e1ndo se dio cuenta de que Rafa Nadal llegar\u00eda a ser campe\u00f3n: \u00abSolo se lo dije a su padre\u00bb"},"content":{"rendered":"<p><img decoding=\"async\" class=\"v-ath__i\" loading=\"lazy\" src=\"https:\/\/www.europesays.com\/es\/wp-content\/uploads\/2026\/06\/autor-7102-foto-1.jpeg\" alt=\"Isaac Asenjo\"\/><\/p>\n<p>16\/06\/2026 a las 06:30h.<\/p>\n<p class=\"v-d-p\" style=\"\">Exentrenador y mentor de Rafael Nadal, fue una figura clave en el ascenso de la leyenda del tenis espa\u00f1ol, acompa\u00f1\u00e1ndolo durante casi tres d\u00e9cadas en su camino hacia los 22 t\u00edtulos de Grand Slam. <strong>Toni Nadal<\/strong>, t\u00edo y exentrenador del mejor tenista espa\u00f1ol de todos los tiempos, repas\u00f3 durante largo y tendido su relaci\u00f3n profesional con el balear as\u00ed como otros asuntos del deporte en una charla en el exitoso podcast de &#8216;Nude Project&#8217;.<\/p>\n<p class=\"v-d-p\" style=\"\">Quien ahora ejerce de conferenciante con charlas dirigidas a entrenadores deportivos, j\u00f3venes y empresas, form\u00f3 a uno de los m\u00e1s grandes deportistas de la historia, pero no pudo estar presente en sus \u00faltimas horas como tenista profesional, aquellas en las que los pa\u00f1uelos se dejaron ver desde la emoci\u00f3n en su discurso final en M\u00e1laga, en noviembre de 2024, cuando dijo adi\u00f3s a una carrera inimaginable y una conducta intachable.<\/p>\n<p class=\"v-d-p\" style=\"\">Mucha culpa de esto tuvo su t\u00edo Toni. Con una filosof\u00eda que <strong>combina el trabajo t\u00e9cnico, la formaci\u00f3n del car\u00e1cter y los valores<\/strong>, el preparador balear siempre se gan\u00f3 el respeto tanto dentro como fuera del mundo del deporte.<\/p>\n<p>\nDesde sus inicios se preve\u00eda que Nadal ser\u00eda uno de los dominadores del tenis espa\u00f1ol\n<\/p>\n<p class=\"v-d-p\" style=\"\">Con apenas 19 a\u00f1os, el jugador manacor\u00ed se hizo con la victoria en Roland Garros, el que ha sido, sin duda, su torneo fetiche. Y ya desde sus inicios se preve\u00eda que fuera uno de los dominadores de la disciplina en los a\u00f1os posteriores. \u00abEl reto principal en la vida que le puse a mi sobrino no fue ganar un Grand Slam, sino que fue por encima de todo mejorar. Ganar no depende solo de ti. No se si me va a tocar convivir con un Federer o dos o tres; o un Djokovic o cuatro o cinco\u00bb, apunt\u00f3 durante la charla.<\/p>\n<p class=\"v-a-t\">\n\u00abCada a\u00f1o iba cumpliendo con las expectativas con las que contaba\u00bb\n<\/p>\n<p class=\"v-pst__p\">Toni Nadal<\/p>\n<p class=\"v-pst__j\">Ex entrenador de Rafa Nadal<\/p>\n<p class=\"v-d-p\" style=\"\">En el podcast cont\u00f3 que, desde que le lanz\u00f3 la primera pelota a su sobrino a los tres a\u00f1os, pudo ver que hab\u00eda algo diferente en la forma en la que se la devolvi\u00f3 desde el otro lado de la pista.<\/p>\n<p class=\"v-d-p\" style=\"\">\u00abCon siete a\u00f1os le dije a su padre, mi hermano, que su hijo ser\u00eda campe\u00f3n de Espa\u00f1a\u00bb, desvel\u00f3 en la grabaci\u00f3n, en la que ahond\u00f3 que \u00e9l entrenaba a otro chico en ese momento y vio las condiciones de su sobrino. \u00abEran superiores, por lo que pens\u00e9 que ser\u00eda el primero; y cada a\u00f1o iba cumpliendo con las expectativas con las que contaba, por lo que me di cuenta de que llegar\u00eda a ser un gran jugador\u00bb.<\/p>\n<p class=\"v-d-p\" style=\"\">Si algo caracteriz\u00f3 al de Manacor fue su fortaleza mental, su resiliencia ante las situaciones dif\u00edciles. Un car\u00e1cter que forj\u00f3 en su etapa formativa, gracias al asesoramiento de su t\u00edo. Algo de lo que tambi\u00e9n en este podcast. \u00abEl tema mental no se prepara tan espec\u00edficamente; en la vida te preparas yendo al l\u00edmite y eso es lo que verdaderamente te prepara mentalmente. Si no est\u00e1s preparado para asumir la derrota, no juegues, le dec\u00eda siempre a Rafa. La fortaleza mental viene de asumir que las cosas pueden ir mal\u00bb, explic\u00f3 el expreparador espa\u00f1ol.<\/p>\n<p class=\"v-d-p\" style=\"\">\u00bfY como se prepara uno? Haci\u00e9ndolo. \u00abCuando Rafa ven\u00eda a entrenar de peque\u00f1o, le dec\u00eda que lo primero era poner buena cara. Si no eres capaz de derrotar a tu rival, al menos no le ayudes a que te derrote\u00bb, indic\u00f3.<\/p>\n","protected":false},"excerpt":{"rendered":"16\/06\/2026 a las 06:30h. Exentrenador y mentor de Rafael Nadal, fue una figura clave en el ascenso de&hellip;\n","protected":false},"author":2,"featured_media":609122,"comment_status":"","ping_status":"","sticky":false,"template":"","format":"standard","meta":{"footnotes":""},"categories":[274],"tags":[5773,2196,168,4083,14321,13653,25,24,114021,3489,39,12830,1138,23,167,327,326,19182],"class_list":["post-609121","post","type-post","status-publish","format-standard","has-post-thumbnail","category-tenis","tag-campeon","tag-cuenta","tag-deportes","tag-desvela","tag-dije","tag-dio","tag-es","tag-espana","tag-llegaria","tag-nadal","tag-padre","tag-rafa","tag-solo","tag-spain","tag-sports","tag-tenis","tag-tennis","tag-toni"],"share_on_mastodon":{"url":"https:\/\/pubeurope.com\/@es\/116758893569862669","error":""},"_links":{"self":[{"href":"https:\/\/www.europesays.com\/es\/wp-json\/wp\/v2\/posts\/609121","targetHints":{"allow":["GET"]}}],"collection":[{"href":"https:\/\/www.europesays.com\/es\/wp-json\/wp\/v2\/posts"}],"about":[{"href":"https:\/\/www.europesays.com\/es\/wp-json\/wp\/v2\/types\/post"}],"author":[{"embeddable":true,"href":"https:\/\/www.europesays.com\/es\/wp-json\/wp\/v2\/users\/2"}],"replies":[{"embeddable":true,"href":"https:\/\/www.europesays.com\/es\/wp-json\/wp\/v2\/comments?post=609121"}],"version-history":[{"count":0,"href":"https:\/\/www.europesays.com\/es\/wp-json\/wp\/v2\/posts\/609121\/revisions"}],"wp:featuredmedia":[{"embeddable":true,"href":"https:\/\/www.europesays.com\/es\/wp-json\/wp\/v2\/media\/609122"}],"wp:attachment":[{"href":"https:\/\/www.europesays.com\/es\/wp-json\/wp\/v2\/media?parent=609121"}],"wp:term":[{"taxonomy":"category","embeddable":true,"href":"https:\/\/www.europesays.com\/es\/wp-json\/wp\/v2\/categories?post=609121"},{"taxonomy":"post_tag","embeddable":true,"href":"https:\/\/www.europesays.com\/es\/wp-json\/wp\/v2\/tags?post=609121"}],"curies":[{"name":"wp","href":"https:\/\/api.w.org\/{rel}","templated":true}]}}