{"id":609230,"date":"2026-06-16T10:03:39","date_gmt":"2026-06-16T10:03:39","guid":{"rendered":"https:\/\/www.europesays.com\/es\/609230\/"},"modified":"2026-06-16T10:03:39","modified_gmt":"2026-06-16T10:03:39","slug":"briatore-apunta-al-trabajo-de-equipo-de-colapinto-con-gasly-en-barcelona","status":"publish","type":"post","link":"https:\/\/www.europesays.com\/es\/609230\/","title":{"rendered":"Briatore apunta al \u00abtrabajo de equipo\u00bb de Colapinto con Gasly en Barcelona"},"content":{"rendered":"<p>Alpine logr\u00f3 colocar a sus dos pilotos entre los diez primeros en el Gran Premio de Barcelona para cerrar de buena manera un fin de semana complicado para Franco Colapinto y Pierre Gasly debido al rendimiento del A526 en la pista catalana.<\/p>\n<p>Ambos pilotos tuvieron dificultades para encontrar el balance correcto durante el viernes y el s\u00e1bado, lo que dej\u00f3 a Colapinto en la 13\u00b0 posici\u00f3n de la clasificaci\u00f3n, un lugar por delante de Gasly.<\/p>\n<p>Sin embargo, el ritmo de los Alpine fue mejor durante la carrera del domingo y ambos avanzaron en el clasificador hasta cruzar la meta con Gasly s\u00e9ptimo y Colapinto octavo, aunque el argentino luego cay\u00f3 al d\u00e9cimo puesto por una sanci\u00f3n posterior.<\/p>\n<p>\u00abFue una gran remontada del equipo hoy teniendo en cuenta desde d\u00f3nde comenzamos el d\u00eda. Pasar de largar muy por fuera del top 10 a terminar con ambos autos dentro de los puntos es muy positivo\u00bb, dijo Flavio Briatore, asesor ejecutivo de Alpine.<\/p>\n<p>   <img decoding=\"async\" draggable=\"false\" src=\"https:\/\/www.europesays.com\/es\/wp-content\/uploads\/2026\/06\/franco-colapinto-alpine-pierre.jpg\" alt=\"Franco Colapinto, Alpine, Pierre Gasly, Alpine\" width=\"1200\" height=\"800\" loading=\"lazy\"\/> <\/p>\n<p class=\"title\">Franco Colapinto, Alpine, Pierre Gasly, Alpine<\/p>\n<p class=\"photographer\">Photo by: Simon Galloway \/ LAT Images via Getty Images<\/p>\n<p>El domingo en Barcelona volvi\u00f3 a reflejar una tendencia de Alpine esta temporada: el equipo suele rendir mejor en carrera que en clasificaci\u00f3n, una situaci\u00f3n que Briatore espera corregir en las pr\u00f3ximas rondas.<\/p>\n<p>\u00abNuestro auto parece rendir mejor y ser m\u00e1s competitivo los domingos que los s\u00e1bados, y necesitamos encontrar r\u00e1pidamente la manera de mejorar nuestro rendimiento general\u00bb, apunt\u00f3.<\/p>\n<p>Hubo un breve momento de tensi\u00f3n durante la carrera cuando Alpine le pidi\u00f3 a Colapinto que cediera su posici\u00f3n a Gasly en la vuelta 20 de las 66 previstas. Fue una solicitud que no le gust\u00f3 al argentino, pero que acat\u00f3, algo que Briatore destac\u00f3 posteriormente.<\/p>\n<p>\u00abHay que reconocer el trabajo de Pierre y Franco por su cooperaci\u00f3n y por trabajar como equipo para maximizar nuestra posici\u00f3n en la carrera y sumar la mayor cantidad de puntos posible, que siempre es nuestra prioridad n\u00famero uno\u00bb, concluy\u00f3.<\/p>\n<p>Tambi\u00e9n lee:<\/p>\n<p>            Queremos tu opini\u00f3n<\/p>\n<p class=\"mt-auto\">\u00bfQu\u00e9 le gustar\u00eda ver en Motorsport.com?<\/p>\n<p>            <a href=\"#\" class=\"ms-link text-link font-bold\">Responda a nuestra encuesta de 5 minutos.<\/a><\/p>\n<p class=\"mt-1 text-body\">&#8211; El equipo de Motorsport.com<\/p>\n","protected":false},"excerpt":{"rendered":"Alpine logr\u00f3 colocar a sus dos pilotos entre los diez primeros en el Gran Premio de Barcelona para&hellip;\n","protected":false},"author":2,"featured_media":609231,"comment_status":"","ping_status":"","sticky":false,"template":"","format":"standard","meta":{"footnotes":""},"categories":[93],"tags":[1331,114027,7684,168,25,24,1723,1230,113162,1330,23,167],"class_list":["post-609230","post","type-post","status-publish","format-standard","has-post-thumbnail","category-deportes","tag-alpine","tag-briatore-apunta-al-trabajo-de-equipo-de-colapinto-con-gasly-en-barcelona","tag-circuit-de-barcelona-catalunya","tag-deportes","tag-es","tag-espana","tag-franco-colapinto","tag-fu00f3rmula-1","tag-gp-de-barcelona-catalunya","tag-pierre-gasly","tag-spain","tag-sports"],"share_on_mastodon":{"url":"https:\/\/pubeurope.com\/@es\/116759220050016976","error":""},"_links":{"self":[{"href":"https:\/\/www.europesays.com\/es\/wp-json\/wp\/v2\/posts\/609230","targetHints":{"allow":["GET"]}}],"collection":[{"href":"https:\/\/www.europesays.com\/es\/wp-json\/wp\/v2\/posts"}],"about":[{"href":"https:\/\/www.europesays.com\/es\/wp-json\/wp\/v2\/types\/post"}],"author":[{"embeddable":true,"href":"https:\/\/www.europesays.com\/es\/wp-json\/wp\/v2\/users\/2"}],"replies":[{"embeddable":true,"href":"https:\/\/www.europesays.com\/es\/wp-json\/wp\/v2\/comments?post=609230"}],"version-history":[{"count":0,"href":"https:\/\/www.europesays.com\/es\/wp-json\/wp\/v2\/posts\/609230\/revisions"}],"wp:featuredmedia":[{"embeddable":true,"href":"https:\/\/www.europesays.com\/es\/wp-json\/wp\/v2\/media\/609231"}],"wp:attachment":[{"href":"https:\/\/www.europesays.com\/es\/wp-json\/wp\/v2\/media?parent=609230"}],"wp:term":[{"taxonomy":"category","embeddable":true,"href":"https:\/\/www.europesays.com\/es\/wp-json\/wp\/v2\/categories?post=609230"},{"taxonomy":"post_tag","embeddable":true,"href":"https:\/\/www.europesays.com\/es\/wp-json\/wp\/v2\/tags?post=609230"}],"curies":[{"name":"wp","href":"https:\/\/api.w.org\/{rel}","templated":true}]}}