{"id":609239,"date":"2026-06-16T10:08:19","date_gmt":"2026-06-16T10:08:19","guid":{"rendered":"https:\/\/www.europesays.com\/es\/609239\/"},"modified":"2026-06-16T10:08:19","modified_gmt":"2026-06-16T10:08:19","slug":"esta-sin-cuerda-huyen-tras-arrojar-al-vacio-a-una-joven-que-hacia-puenting-en-brasil","status":"publish","type":"post","link":"https:\/\/www.europesays.com\/es\/609239\/","title":{"rendered":"\u00ab\u00a1Est\u00e1 sin cuerda!\u00bb: Huyen tras arrojar al vac\u00edo a una joven que hac\u00eda puenting en Brasil"},"content":{"rendered":"<p>  Por&amp;nbsp<a href=\"https:\/\/es.euronews.com\/perfiles\/2898\" rel=\"nofollow noopener\" target=\"_blank\">Manuel Ribeiro <\/a>&amp;nbspcon&amp;nbsp<b>AFP<\/b><\/p>\n<p>\n                    Publicado                 15\/06\/2026 &#8211; 20:56 CEST\u2022\u00faltima actualizaci\u00f3n<br \/>\n                                     21:33\n                                        <\/p>\n<p>Una joven de 21 a\u00f1os muri\u00f3 el s\u00e1bado en Brasil, despu\u00e9s de participar en una actividad de salto con cuerda, conocida como &#8216;rope jumping&#8217;, <a href=\"https:\/\/es.euronews.com\/2015\/07\/22\/muere-una-joven-cuando-practicaba-puenting-en-lanjaron\" rel=\"nofollow noopener\" target=\"_blank\"><strong>una variedad m\u00e1s extrema del puenting tradicional<\/strong><\/a>, en la localidad de Limeira, a unos 150 km de S\u00e3o Paulo.<\/p>\n<p>          <img decoding=\"async\" class=\"c-ad__placeholder__logo\" src=\"https:\/\/static.euronews.com\/website\/images\/logos\/logo-euronews-stacked-outlined-72x72-grey-9.svg\" width=\"72\" height=\"72\" alt=\"\" loading=\"lazy\"\/><br \/>\n          PUBLICIDAD<\/p>\n<p>          <img decoding=\"async\" class=\"c-ad__placeholder__logo\" src=\"https:\/\/static.euronews.com\/website\/images\/logos\/logo-euronews-stacked-outlined-72x72-grey-9.svg\" width=\"72\" height=\"72\" alt=\"\" loading=\"lazy\"\/><br \/>\n          PUBLICIDAD<\/p>\n<p>Videos <strong>difundidos en redes sociales<\/strong> muestran la angustia de los presentes al darse cuenta de que la joven fue lanzada desde el <strong>puente do Esqueleto por tres empleados de la empresa Entre Cordas<\/strong>, organizadora de esta actividad extrema, sin la correspondiente cuerda de seguridad. \u00abEst\u00e1 sin cuerda\u00bb, dijo uno de los testigos del accidente.<\/p>\n<p>Las autoridades brasile\u00f1as acudieron al lugar para <strong>intentar auxiliar a la v\u00edctima<\/strong>, que cay\u00f3 desde una altura de 40 metros y sufri\u00f3 politraumatismos graves, y cuyo fallecimiento se confirm\u00f3 all\u00ed mismo.<\/p>\n<p>Tres hombres fueron detenidos por \u00abhomicidio con dolo eventual\u00bb, lo que significa que eran conscientes del riesgo de muerte, pero aun as\u00ed actuaron. \u00abEst\u00e1n en marcha investigaciones para <strong>determinar las circunstancias y responsabilidades<\/strong>\u00ab, se\u00f1al\u00f3 la Polic\u00eda, citada por la AFP.<\/p>\n<p>Seg\u00fan los medios de comunicaci\u00f3n brasile\u00f1os, <strong>los responsables del salto intentaron huir del lugar<\/strong>, pero fueron localizados por la Polic\u00eda con la ayuda de un helic\u00f3ptero. Seis personas acabaron detenidas, tres se encuentran en prisi\u00f3n preventiva.<\/p>\n<p>Siempre seg\u00fan la prensa local, la v\u00edctima fue identificada como Maria Eduarda Rodrigues de Freitas, de 21 a\u00f1os, que publicaba en redes sociales \u00ab<strong>fotos de actividades al aire libre y de contacto con la naturaleza<\/strong>\u00ab.<\/p>\n<p>\u00bfQui\u00e9n fue el loco que me dej\u00f3 venir a saltar desde un puente?<\/p>\n<p>Poco antes del accidente, Maria Eduarda public\u00f3 una imagen del lugar en Instagram con el mensaje \u00ab\u00bfQui\u00e9n fue el loco que me dej\u00f3 venir a saltar desde un puente?\u00bb Videos anteriores de este <a href=\"https:\/\/es.euronews.com\/viajes\/2026\/05\/10\/puentes-colgantes-peatonales-mas-largos-europa-mundo\" rel=\"nofollow noopener\" target=\"_blank\"><strong>deporte extremo en el puente<\/strong><\/a>, realizados por la empresa Entre Cordas, muestran a los participantes con una gruesa cuerda de seguridad alrededor de la cintura en el momento del salto.<\/p>\n<p>El salto con cuerda &#8216;rope jumping&#8217; se diferencia del &#8216;bungee jumping&#8217; en que utiliza una cuerda menos el\u00e1stica, lo que hace que los participantes se balanceen hacia delante y hacia atr\u00e1s en lugar de rebotar al final del salto.<\/p>\n","protected":false},"excerpt":{"rendered":"Por&amp;nbspManuel Ribeiro &amp;nbspcon&amp;nbspAFP Publicado 15\/06\/2026 &#8211; 20:56 CEST\u2022\u00faltima actualizaci\u00f3n 21:33 Una joven de 21 a\u00f1os muri\u00f3 el s\u00e1bado&hellip;\n","protected":false},"author":2,"featured_media":609240,"comment_status":"","ping_status":"","sticky":false,"template":"","format":"standard","meta":{"footnotes":""},"categories":[42],"tags":[3216,17,18,33358,13,14,11,61,62,63,64,19,20,4920,9,10,15,16,12,13077,21,22,65,66,67],"class_list":["post-609239","post","type-post","status-publish","format-standard","has-post-thumbnail","category-internacional","tag-brasil","tag-breaking-news","tag-breakingnews","tag-deportes-extremos","tag-featured-news","tag-featurednews","tag-headlines","tag-internacional","tag-international","tag-international-news","tag-internationalnews","tag-latest-news","tag-latestnews","tag-muerte","tag-news","tag-noticias","tag-noticias-destacadas","tag-noticiasdestacadas","tag-titulares","tag-tragedia","tag-ultimas-noticias","tag-ultimasnoticias","tag-world","tag-world-news","tag-worldnews"],"share_on_mastodon":{"url":"https:\/\/pubeurope.com\/@es\/116759240275672552","error":""},"_links":{"self":[{"href":"https:\/\/www.europesays.com\/es\/wp-json\/wp\/v2\/posts\/609239","targetHints":{"allow":["GET"]}}],"collection":[{"href":"https:\/\/www.europesays.com\/es\/wp-json\/wp\/v2\/posts"}],"about":[{"href":"https:\/\/www.europesays.com\/es\/wp-json\/wp\/v2\/types\/post"}],"author":[{"embeddable":true,"href":"https:\/\/www.europesays.com\/es\/wp-json\/wp\/v2\/users\/2"}],"replies":[{"embeddable":true,"href":"https:\/\/www.europesays.com\/es\/wp-json\/wp\/v2\/comments?post=609239"}],"version-history":[{"count":0,"href":"https:\/\/www.europesays.com\/es\/wp-json\/wp\/v2\/posts\/609239\/revisions"}],"wp:featuredmedia":[{"embeddable":true,"href":"https:\/\/www.europesays.com\/es\/wp-json\/wp\/v2\/media\/609240"}],"wp:attachment":[{"href":"https:\/\/www.europesays.com\/es\/wp-json\/wp\/v2\/media?parent=609239"}],"wp:term":[{"taxonomy":"category","embeddable":true,"href":"https:\/\/www.europesays.com\/es\/wp-json\/wp\/v2\/categories?post=609239"},{"taxonomy":"post_tag","embeddable":true,"href":"https:\/\/www.europesays.com\/es\/wp-json\/wp\/v2\/tags?post=609239"}],"curies":[{"name":"wp","href":"https:\/\/api.w.org\/{rel}","templated":true}]}}