{"id":609444,"date":"2026-06-16T12:39:14","date_gmt":"2026-06-16T12:39:14","guid":{"rendered":"https:\/\/www.europesays.com\/es\/609444\/"},"modified":"2026-06-16T12:39:14","modified_gmt":"2026-06-16T12:39:14","slug":"real-oviedo-se-fija-en-david-fernandez-ex-cazatalentos-de-real-madrid-y-barca-para-la-direccion-deportiva","status":"publish","type":"post","link":"https:\/\/www.europesays.com\/es\/609444\/","title":{"rendered":"Real Oviedo se fija en David Fern\u00e1ndez, ex cazatalentos de Real Madrid y Bar\u00e7a, para la direcci\u00f3n deportiva"},"content":{"rendered":"<p class=\"ft-text ft-helper-closenews\">El <strong>Real Oviedo<\/strong> avanza en la planificaci\u00f3n de su proyecto m\u00e1s all\u00e1 de la configuraci\u00f3n de la plantilla y est\u00e1 cerca de cerrar la llegada de un director deportivo que asuma los mandos. Tras el \u201cno\u201d de <strong>Cata<\/strong>, secretario t\u00e9cnico de <strong>Osasuna<\/strong>, el club ha activado diversas alternativas y una que gusta especialmente en la casa azul es la del catal\u00e1n <strong>David Fern\u00e1ndez<\/strong>, quien trabaj\u00f3 en su momento como ojeador de <strong>Real Madrid<\/strong> y actuaba en los \u00faltimos tiempos en la secretar\u00eda t\u00e9cnica del <strong>Barcelona<\/strong>.<\/p>\n<p class=\"ft-text\"><strong>David Fern\u00e1ndez<\/strong> (<strong>Badalona<\/strong>, 1985) tiene una amplia trayectoria en el mundo del f\u00fatbol, pero siempre en un discreto segundo plano, sin acaparar los focos. De hecho, no ha actuado como director deportivo o principal de una secretar\u00eda t\u00e9cnica antes, pero s\u00ed ha desarrollado un extenso trabajo en labores de scouting.<\/p>\n<p class=\"ft-text\">Su principal trabajo se desarroll\u00f3 en el <strong>Espanyol<\/strong>, donde trabaj\u00f3 15 a\u00f1os como entrenador de las categor\u00edas inferiores y, despu\u00e9s, como coordinador del \u00e1rea de formaci\u00f3n. El <strong>Real Madrid<\/strong> le contrat\u00f3 para convertirse en una pieza clave en el \u00e1rea de captaci\u00f3n como su director. Desde siempre destac\u00f3 por su labor de cazatalentos.<\/p>\n<p class=\"ft-text\">El cap\u00edtulo m\u00e1s llamativo en el pasado de <strong>Fern\u00e1ndez<\/strong> fue un ef\u00edmero paso por el <strong>Sporting<\/strong>. El club gijon\u00e9s anunci\u00f3 su incorporaci\u00f3n como responsable de captaci\u00f3n en julio de 2022, pero al mes sali\u00f3 de <strong>Mareo<\/strong> para firmar por el <strong>Bar\u00e7a<\/strong>. \u201c<strong>David<\/strong> ha comunicado al club su renuncia al puesto por motivos personales. El <strong>Real Sporting<\/strong> respeta su decisi\u00f3n, le muestra su apoyo y le desea lo mejor en su vida profesional y personal\u201d, expres\u00f3 entonces el club rojiblanco. Fue entonces cuando <strong>Mateu Alemany<\/strong> le fich\u00f3 para el <strong>Barcelona<\/strong> para ejercer de cazatalentos del juvenil y del filial.<\/p>\n<p class=\"ft-text\">Desde entonces ha trabajado como ojeador azulgrana, aunque su nombre tambi\u00e9n son\u00f3 para otros clubes. Especialmente como posible reemplazo de <strong>Garagarza<\/strong> en el <strong>Espanyol<\/strong>, donde guardan un gran recuerdo de su trabajo.<\/p>\n<p>Segundo intento<\/p>\n<p class=\"ft-text\">El de <strong>David Fern\u00e1ndez<\/strong> supondr\u00e1 la segunda posibilidad clara para reforzar la direcci\u00f3n deportiva tras el sorprendente desenlace con <strong>Cata<\/strong> hace algunas semanas, cuando el secretario t\u00e9cnico de <strong>Osasuna<\/strong> ten\u00eda todo listo para ser nombrado director deportivo. Pero finalmente se ech\u00f3 atr\u00e1s y la direcci\u00f3n deportiva qued\u00f3 vacante.<\/p>\n<p class=\"ft-text\">El <strong>Oviedo<\/strong> ya se hab\u00eda reunido en los \u00faltimos meses con <strong>David Fern\u00e1ndez<\/strong>, que siempre ha sido una alternativa, aunque por detr\u00e1s de <strong>Cata<\/strong>. Su llegada implicar\u00eda que <strong>Roberto Su\u00e1rez<\/strong>, hasta ahora director deportivo y que est\u00e1 llevando el peso en las incorporaciones hechas hasta ahora junto a <strong>Agust\u00edn Lleida<\/strong>, redefina su posici\u00f3n como secretario t\u00e9cnico.<\/p>\n<p data-close=\"closedContent\" class=\"subscribeHideForDisplay\">Suscr\u00edbete para seguir leyendo<\/p>\n","protected":false},"excerpt":{"rendered":"El Real Oviedo avanza en la planificaci\u00f3n de su proyecto m\u00e1s all\u00e1 de la configuraci\u00f3n de la plantilla&hellip;\n","protected":false},"author":2,"featured_media":609445,"comment_status":"","ping_status":"","sticky":false,"template":"","format":"standard","meta":{"footnotes":""},"categories":[268],"tags":[1798,2429,33298,168,25,24,10994,2540,280,282,1796,798,3048,3302,281,23,167],"class_list":["post-609444","post","type-post","status-publish","format-standard","has-post-thumbnail","category-futbol","tag-club","tag-david","tag-david-fernandez","tag-deportes","tag-es","tag-espana","tag-fernandez","tag-fija","tag-football","tag-futbol","tag-oviedo","tag-real","tag-real-madrid","tag-real-oviedo","tag-soccer","tag-spain","tag-sports"],"share_on_mastodon":{"url":"https:\/\/pubeurope.com\/@es\/116759833440290571","error":""},"_links":{"self":[{"href":"https:\/\/www.europesays.com\/es\/wp-json\/wp\/v2\/posts\/609444","targetHints":{"allow":["GET"]}}],"collection":[{"href":"https:\/\/www.europesays.com\/es\/wp-json\/wp\/v2\/posts"}],"about":[{"href":"https:\/\/www.europesays.com\/es\/wp-json\/wp\/v2\/types\/post"}],"author":[{"embeddable":true,"href":"https:\/\/www.europesays.com\/es\/wp-json\/wp\/v2\/users\/2"}],"replies":[{"embeddable":true,"href":"https:\/\/www.europesays.com\/es\/wp-json\/wp\/v2\/comments?post=609444"}],"version-history":[{"count":0,"href":"https:\/\/www.europesays.com\/es\/wp-json\/wp\/v2\/posts\/609444\/revisions"}],"wp:featuredmedia":[{"embeddable":true,"href":"https:\/\/www.europesays.com\/es\/wp-json\/wp\/v2\/media\/609445"}],"wp:attachment":[{"href":"https:\/\/www.europesays.com\/es\/wp-json\/wp\/v2\/media?parent=609444"}],"wp:term":[{"taxonomy":"category","embeddable":true,"href":"https:\/\/www.europesays.com\/es\/wp-json\/wp\/v2\/categories?post=609444"},{"taxonomy":"post_tag","embeddable":true,"href":"https:\/\/www.europesays.com\/es\/wp-json\/wp\/v2\/tags?post=609444"}],"curies":[{"name":"wp","href":"https:\/\/api.w.org\/{rel}","templated":true}]}}