{"id":60954,"date":"2025-08-20T20:43:11","date_gmt":"2025-08-20T20:43:11","guid":{"rendered":"https:\/\/www.europesays.com\/es\/60954\/"},"modified":"2025-08-20T20:43:11","modified_gmt":"2025-08-20T20:43:11","slug":"el-campo-de-futbol-de-a-malata-ya-dispone-de-videomarcadores","status":"publish","type":"post","link":"https:\/\/www.europesays.com\/es\/60954\/","title":{"rendered":"El campo de f\u00fatbol de A Malata ya dispone de videomarcadores"},"content":{"rendered":"<p>\t\t\t\t\t\tEra una vieja aspiraci\u00f3n del consejo de administraci\u00f3n del Racing de Ferrol<br \/>\n\t\t\t\t\t\t\t\t\t\t\t\t<strong>20 ago 2025<\/strong> . Actualizado a las 18:06 h.\t\t\t\t\t\t<\/p>\n<p class=\"first-paragraph txt\">La mejoras introducidas en los tres \u00faltimos a\u00f1os en el campo de f\u00fatbol de A Malata est\u00e1n cambiando de forma notable una instalaci\u00f3n deportiva, la m\u00e1s importante de la ciudad, que se hab\u00eda quedado obsoleta con el paso de los a\u00f1os y debido a la falta de inversiones para su modernizaci\u00f3n. En la pr\u00f3xima temporada de liga la instalaci\u00f3n no solo contar\u00e1 con una nueva iluminaci\u00f3n artificial, con el sistema LED de \u00faltima generaci\u00f3n, sino que adem\u00e1s se estrenar\u00e1n dos videomarcadores. Uno estar\u00e1 instalado en el Fondo Norte y otro estar\u00e1 en el Fondo Sur.<\/p>\n<p class=\"txt\">Los actuales marcadores de A Malata, que tan solo aportaban como informaci\u00f3n el tanteo del partido y el tiempo disputado, ya estaban muy deteriorados e incluso el de Fondo Sur se aver\u00edo en el comienzo de la pasada temporada de liga y estuvo inoperativo hasta que acab\u00f3 la campa\u00f1a, con el consiguiente perjuicio para los aficionados de Fondo Norte.<\/p>\n<p class=\"txt\">Los videomarcadores eran una vieja aspiraci\u00f3n de los propietarios del club, el Grupo \u00c9lite, que siempre manifestaron su aspiraci\u00f3n de dotar al campo al de estas pantallas LED, de una gran definici\u00f3n, en la que poder aportar a los aficionados informaci\u00f3n, oferta de productos, notificaciones o meter publicidad de los patrocinadores del club.<\/p>\n<p class=\"txt\">La pantalla LED de fondo norte, ya est\u00e1 instalada de hace un par de d\u00edas y en la jornada de ayer se trabajaba para instalar el videomarcador de Fondo Sur. El club informa que ya estar\u00e1n disponibles para el partido del s\u00e1bado frente al Celta Fortuna, en la disputa de una nueva edici\u00f3n de trofeo Concepci\u00f3n Arenal. Se ha trabajado duro en los \u00faltimos d\u00edas con la instalaci\u00f3n de las pantallas, as\u00ed como todo el cableado para suministrar a las pantallas de energ\u00eda el\u00e9ctrica, as\u00ed como de la se\u00f1al de v\u00eddeo. Tambi\u00e9n fueron necesarias pruebas del funcionamiento del sistema. Todo estar\u00e1 listo para el Concepci\u00f3n Arenal y el arranque de la liga, el viernes, d\u00eda 29 de enero, en el choque contra el Talavera.<\/p>\n<p class=\"txt\">En cuanto al coste de la instalaci\u00f3n de estos dos videomarcadores de \u00faltima generaci\u00f3n nada se ha informado de forma p\u00fablica, ya que la iniciativa ha sido del consejo de administraci\u00f3n del Racing de Ferrol, que es el que ha asumido el gasto, tanto de la compra de las pantallas LED como de su instalaci\u00f3n y quien se ha encargado de elegir a la empresa que hace la obra.<\/p>\n<p class=\"ladillo\">Una obra ejecutada apor la multinacional Trison<\/p>\n<p class=\"txt\">La instalaci\u00f3n de las pantallas LED ha estado a cargo de la empresa Trison, una compa\u00f1\u00eda gallega especializada en la digitalizaci\u00f3n de espacios f\u00edsicos y en m\u00e1rketing sensorial fundada por el actual presidente, Carlos Saavedra. Hist\u00f3rica proveedora de Inditex, a lo largo de los a\u00f1os tambi\u00e9n se ha especializado en la demostraci\u00f3n de experiencias digitales inmersivas en espacios comerciales, deportivos y de entretenimiento, integrando sistemas audiovisuales y contenidos digitales creativos. Y sobresale tambi\u00e9n en su trayectoria el despliegue en marcas de moda, automoci\u00f3n y de lujo.<\/p>\n<p class=\"txt\">Recientemente acaba de ampliar su sede en Reino Unido, cuyo mercado representa el 15 % de todo el negocio del Grupo. Desde el pasado mes de julio tiene nuevas instalaciones en Hertford (al norte de Londres). En el pa\u00eds la presencia de Trison abarca todo tipo de segmentos y entre las intervenciones m\u00e1s emblem\u00e1ticas destaca la colaboraci\u00f3n que Trison mantiene con el equipo de m\u00e1rketing de la FA (el ente regulador del f\u00fatbol ingl\u00e9s) para crear y desarrollar gr\u00e1ficos en movimiento para las pantallas LED del emblem\u00e1tico estadio de f\u00fatbol Wembley, incluyendo la pantalla LES y las que se ubican dentro del estadio.<\/p>\n<p class=\"txt\">Con presencia en 14 pa\u00edses y operaciones en m\u00e1s de cien, la sociedad atraviesa una etapa de expansi\u00f3n iniciada a finales del 2023 cuando el fondo de capital riesgo L-GAM, de Luxemburgo, adquiri\u00f3 la mayor parte del accionariado de Trison, por un valor que entonces se estim\u00f3 en unos 200 millones de euros. Carlos Saavedra conserva alrededor del 20 % del capital de la sociedad.<\/p>\n<p>&#13;<br \/>\n\tArchivado en:&#13;<br \/>\n\t\t\t\t\t<a href=\"https:\/\/www.lavozdegalicia.es\/temas\/racing-de-ferrol\/\" target=\"_blank\" class=\"mg-l\" rel=\"nofollow noopener\">Racing de Ferrol<\/a>&#13;<br \/>\n\t\t\t\t\t<a href=\"https:\/\/www.lavozdegalicia.es\/temas\/ferrol-ciudad\/\" target=\"_blank\" class=\"mg-l\" rel=\"nofollow noopener\">Ferrol ciudad<\/a>&#13;<br \/>\n\t&#13;<\/p>\n","protected":false},"excerpt":{"rendered":"Era una vieja aspiraci\u00f3n del consejo de administraci\u00f3n del Racing de Ferrol 20 ago 2025 . Actualizado a&hellip;\n","protected":false},"author":2,"featured_media":60955,"comment_status":"","ping_status":"","sticky":false,"template":"","format":"standard","meta":{"footnotes":""},"categories":[268],"tags":[168,25,24,7859,280,282,12815,281,23,167],"class_list":{"0":"post-60954","1":"post","2":"type-post","3":"status-publish","4":"format-standard","5":"has-post-thumbnail","7":"category-futbol","8":"tag-deportes","9":"tag-es","10":"tag-espana","11":"tag-ferrol-ciudad","12":"tag-football","13":"tag-futbol","14":"tag-racing-de-ferrol","15":"tag-soccer","16":"tag-spain","17":"tag-sports"},"share_on_mastodon":{"url":"","error":""},"_links":{"self":[{"href":"https:\/\/www.europesays.com\/es\/wp-json\/wp\/v2\/posts\/60954","targetHints":{"allow":["GET"]}}],"collection":[{"href":"https:\/\/www.europesays.com\/es\/wp-json\/wp\/v2\/posts"}],"about":[{"href":"https:\/\/www.europesays.com\/es\/wp-json\/wp\/v2\/types\/post"}],"author":[{"embeddable":true,"href":"https:\/\/www.europesays.com\/es\/wp-json\/wp\/v2\/users\/2"}],"replies":[{"embeddable":true,"href":"https:\/\/www.europesays.com\/es\/wp-json\/wp\/v2\/comments?post=60954"}],"version-history":[{"count":0,"href":"https:\/\/www.europesays.com\/es\/wp-json\/wp\/v2\/posts\/60954\/revisions"}],"wp:featuredmedia":[{"embeddable":true,"href":"https:\/\/www.europesays.com\/es\/wp-json\/wp\/v2\/media\/60955"}],"wp:attachment":[{"href":"https:\/\/www.europesays.com\/es\/wp-json\/wp\/v2\/media?parent=60954"}],"wp:term":[{"taxonomy":"category","embeddable":true,"href":"https:\/\/www.europesays.com\/es\/wp-json\/wp\/v2\/categories?post=60954"},{"taxonomy":"post_tag","embeddable":true,"href":"https:\/\/www.europesays.com\/es\/wp-json\/wp\/v2\/tags?post=60954"}],"curies":[{"name":"wp","href":"https:\/\/api.w.org\/{rel}","templated":true}]}}