{"id":609588,"date":"2026-06-16T14:16:14","date_gmt":"2026-06-16T14:16:14","guid":{"rendered":"https:\/\/www.europesays.com\/es\/609588\/"},"modified":"2026-06-16T14:16:14","modified_gmt":"2026-06-16T14:16:14","slug":"john-fogerty-de-creedence-clearwater-revival-elige-al-actor-para-su-biopic","status":"publish","type":"post","link":"https:\/\/www.europesays.com\/es\/609588\/","title":{"rendered":"John Fogerty de Creedence Clearwater Revival elige al actor para su biopic"},"content":{"rendered":"<p class=\"wp-block-paragraph\"><strong>John Fogerty<\/strong>, miembro fundador de <a href=\"https:\/\/indiehoy.com\/historias\/el-error-que-condeno-a-creedence-clearwater-revival-a-su-peor-disco\/\" target=\"_blank\" rel=\"noreferrer noopener nofollow\">Creedence Clearwater Revival<\/a>, revel\u00f3 que <strong>se est\u00e1 trabajando en una pel\u00edcula sobre su vida y ya sabe a qu\u00e9 actor quiere para interpretarlo<\/strong>. En el marco de la edici\u00f3n 55 del Songwriters Hall of Fame, el m\u00fasico habl\u00f3 con The Hollywood Reporter y cont\u00f3 que en este momento se est\u00e1 escribiendo el guion del film.<\/p>\n<p class=\"wp-block-paragraph\">\u201c<strong>Estoy muy emocionado. Es un gran honor que hagan una pel\u00edcula sobre m\u00ed<\/strong>\u201d, dijo Fogerty. \u201cEstoy encantado y feliz de que por fin vaya a estrenarse. Creo que est\u00e1n trabajando en ello. Eso es todo lo que puedo decir\u201d. Acto seguido, el artista fue consultado por el actor que deber\u00eda interpretarlo y su respuesta no fue del todo llamativa.<\/p>\n<p><img loading=\"lazy\" decoding=\"async\" width=\"1200\" height=\"800\" src=\"https:\/\/www.europesays.com\/es\/wp-content\/uploads\/2026\/04\/john-fogerty.webp.webp\" alt=\"John Fogerty\" class=\"wp-image-833300\"  \/>John Fogerty.<\/p>\n<p>La elecci\u00f3n de Fogerty<\/p>\n<p class=\"wp-block-paragraph\">\u00ab<strong>Sol\u00eda decir en broma: &#8216;\u00a1Ah, Brad Pitt!&#8217;<\/strong>\u00ab, dijo entre risas John. Sin embargo, en di\u00e1logo con <a href=\"https:\/\/www.usmagazine.com\/entertainment\/news\/john-fogerty-reveals-who-he-wants-to-play-him-in-biopic\/\" target=\"_blank\" rel=\"noreferrer noopener nofollow\">Us Weekly<\/a>, fue un poco m\u00e1s espec\u00edfico con su elecci\u00f3n: \u00ab<strong>Quienquiera que fuera ese tal Bob Dylan. Ser\u00eda genial<\/strong>\u00ab. Con esta declaraci\u00f3n, Fogerty se refer\u00eda a <strong>Timoth\u00e9e Chalamet, quien le dio vida a Dylan en el film <a href=\"https:\/\/indiehoy.com\/cine\/critica-un-completo-desconocido-fiel-retrato-cuando-bob-dylan-volvio-electrico-timothee-chalamet\/\" target=\"_blank\" rel=\"noreferrer noopener nofollow\">Un completo desconocido<\/a><\/strong>.<\/p>\n<p class=\"wp-block-paragraph\">La pel\u00edcula, dirigida por\u00a0<strong>James Mangold<\/strong>, se centra en el mete\u00f3rico ascenso del m\u00fasico de Minnesota, hasta culminar con su hist\u00f3rica presentaci\u00f3n en el Newport Folk Festival de 1965 donde\u00a0<a href=\"https:\/\/indiehoy.com\/noticias\/bob-dylan-el-show-de-1965-en-el-que-sorprendio-a-todos-con-una-guitarra-electrica\/\" target=\"_blank\" rel=\"noreferrer noopener nofollow\">se \u00abvolvi\u00f3 el\u00e9ctrico\u00bb<\/a>.<\/p>\n","protected":false},"excerpt":{"rendered":"John Fogerty, miembro fundador de Creedence Clearwater Revival, revel\u00f3 que se est\u00e1 trabajando en una pel\u00edcula sobre su&hellip;\n","protected":false},"author":2,"featured_media":609589,"comment_status":"","ping_status":"","sticky":false,"template":"","format":"standard","meta":{"footnotes":""},"categories":[170],"tags":[20651,146,147,25,24,20650,184,185,23,33953],"class_list":["post-609588","post","type-post","status-publish","format-standard","has-post-thumbnail","category-musica","tag-creedence-clearwater-revival","tag-entertainment","tag-entretenimiento","tag-es","tag-espana","tag-john-fogerty","tag-music","tag-musica","tag-spain","tag-timothee-chalamet"],"share_on_mastodon":{"url":"https:\/\/pubeurope.com\/@es\/116760215483774506","error":""},"_links":{"self":[{"href":"https:\/\/www.europesays.com\/es\/wp-json\/wp\/v2\/posts\/609588","targetHints":{"allow":["GET"]}}],"collection":[{"href":"https:\/\/www.europesays.com\/es\/wp-json\/wp\/v2\/posts"}],"about":[{"href":"https:\/\/www.europesays.com\/es\/wp-json\/wp\/v2\/types\/post"}],"author":[{"embeddable":true,"href":"https:\/\/www.europesays.com\/es\/wp-json\/wp\/v2\/users\/2"}],"replies":[{"embeddable":true,"href":"https:\/\/www.europesays.com\/es\/wp-json\/wp\/v2\/comments?post=609588"}],"version-history":[{"count":0,"href":"https:\/\/www.europesays.com\/es\/wp-json\/wp\/v2\/posts\/609588\/revisions"}],"wp:featuredmedia":[{"embeddable":true,"href":"https:\/\/www.europesays.com\/es\/wp-json\/wp\/v2\/media\/609589"}],"wp:attachment":[{"href":"https:\/\/www.europesays.com\/es\/wp-json\/wp\/v2\/media?parent=609588"}],"wp:term":[{"taxonomy":"category","embeddable":true,"href":"https:\/\/www.europesays.com\/es\/wp-json\/wp\/v2\/categories?post=609588"},{"taxonomy":"post_tag","embeddable":true,"href":"https:\/\/www.europesays.com\/es\/wp-json\/wp\/v2\/tags?post=609588"}],"curies":[{"name":"wp","href":"https:\/\/api.w.org\/{rel}","templated":true}]}}