{"id":609617,"date":"2026-06-16T14:35:21","date_gmt":"2026-06-16T14:35:21","guid":{"rendered":"https:\/\/www.europesays.com\/es\/609617\/"},"modified":"2026-06-16T14:35:21","modified_gmt":"2026-06-16T14:35:21","slug":"irene-montero-le-canta-cumpleanos-feliz-a-trump-en-la-eurocamara-para-criticar-la-posicion-de-la-ue-ante-la-guerra-de-iran","status":"publish","type":"post","link":"https:\/\/www.europesays.com\/es\/609617\/","title":{"rendered":"Irene Montero le canta cumplea\u00f1os feliz a Trump en la Euroc\u00e1mara para criticar la posici\u00f3n de la UE ante la guerra de Ir\u00e1n"},"content":{"rendered":"<p class=\"article-text\">\n        La europarlamentaria de Podemos, Irene Montero, ha dado este martes la nota de color en la Euroc\u00e1mara cuando le ha cantado el cumplea\u00f1os feliz al presidente de EEUU, Donald Trump, como cr\u00edtica a la pol\u00edtica exterior de la Uni\u00f3n Europea. \u201c\u00bfQu\u00e9 celebra Europa? \u00bfPodemos celebrar que hemos impedido un genocidio? \u00bfHemos parado una agresi\u00f3n ilegal de Estados Unidos e Israel contra Ir\u00e1n? \u00bfPodemos celebrar que hemos roto relaciones con Israel? \u00bfHemos parado la ocupaci\u00f3n del L\u00edbano? No, nada de eso podemos celebrar\u201d, ha comentado la eurodiputada.\n    <\/p>\n<p>    <a href=\"https:\/\/www.eldiario.es\/internacional\/la-semana-internacional\/derrota-trump-iran-rostro-obama-servido-guerra_132_13306940.html\" data-mrf-recirculation=\"saber-mas\" data-dl-event=\"saber-mas\" rel=\"nofollow noopener\" target=\"_blank\"><\/p>\n<p class=\"know-more__title\">La derrota de Trump en Ir\u00e1n tiene rostro de Obama: \u00bfpara qu\u00e9 ha servido la guerra?<\/p>\n<p>            <img decoding=\"async\" class=\"lazy\" loading=\"lazy\" data-src=\"https:\/\/static.eldiario.es\/clip\/0f68c1a6-65af-4860-a355-41b9921e2422_16-9-aspect-ratio_default_0.jpg\" src=\"data:image\/svg+xml,%3Csvg xmlns=\" http:=\"\" viewbox=\"0 0 880 495\" alt=\"La derrota de Trump en Ir\u00e1n tiene rostro de Obama: \u00bfpara qu\u00e9 ha servido la guerra?\"\/><\/p>\n<p>                        <\/a><\/p>\n<p class=\"article-text\">\n        Montero se ha dirigido a la jefa de la diplomacia de la Uni\u00f3n Europea, Kaja Kallas, que se encontraba en el Parlamento Europeo: \u201c\u00bfQu\u00e9 celebra usted se\u00f1ora Kallas? \u00bfCelebra usted el cumplea\u00f1os de Donald Trump? Entonces vamos a cantarle\u201d.\n    <\/p>\n<p class=\"article-text\">\n        Ha sido en ese momento cuando la representante de Podemos en la Euroc\u00e1mara ha empezado a cantar en ingl\u00e9s el cumplea\u00f1os feliz. \u201cHappy birthday to Trump, happy birhday mister Genocide&#8230; (Cumplea\u00f1os feliz para Trump, cumplea\u00f1os feliz se\u00f1or Genocidio\u201d.\n    <\/p>\n<blockquote class=\"twitter-tweet\" data-lang=\"es\"><p><a href=\"https:\/\/twitter.com\/X\/status\/2066840315768566060?ref_src=twsrc%5Etfw\" rel=\"nofollow noopener\" target=\"_blank\"><\/p><\/blockquote>\n<p class=\"article-text\">\n        Kallas se encontraba en la Euroc\u00e1mara porque el pleno estaba debatiendo una resoluci\u00f3n bajo el t\u00edtulo &#8216;El papel de la UE en los esfuerzos por la paz y la estabilidad en todo Oriente Medio tras el anuncio del acuerdo entre Estados Unidos e Ir\u00e1n&#8217;. Kallas ha se\u00f1alado en el Parlamento Europeo que hab\u00eda \u201cmotivos para un optimismo cauto en cuanto a la situaci\u00f3n en Oriente Medio. Una vez (el acuerdo) est\u00e9 plenamente implementado, deber\u00eda adem\u00e1s\u00a0contribuir a aliviar la presi\u00f3n en los mercados globales de energ\u00eda\u201d.\n    <\/p>\n<p class=\"article-text\">\n        Montero ha asegurado que Europa no tiene nada que celebrar en esta guerra. \u201c\u00bfQu\u00e9 est\u00e1 celebrando Europa? Ir\u00e1n est\u00e1 celebrando que ha ganado. Y Donald Trump, como no puede celebrar que ha ganado, celebra su ochenta cumplea\u00f1os mont\u00e1ndose su propio imperio romano  poniendo a sus gladiadores a romperse la cara como se la han roto a Topuria\u201d.\n    <\/p>\n<p class=\"article-text\">\n        Otros grupos pol\u00edticos se han mostrado cr\u00edticos con la liviana posici\u00f3n de la UE frente a la guerra iniciada por Estados Unidos e Israel contra Ir\u00e1n. Iratxe Garc\u00eda, l\u00edder de los socialdem\u00f3cratas en la Euroc\u00e1mara, ha destacado que \u201cel acuerdo de paz entre Estados Unidos e Ir\u00e1n es una buena noticia. Pero tambi\u00e9n demuestra el absoluto sinsentido de esta guerra. Tras miles de muertos y semanas de inestabilidad global, volvemos al punto de partida: la libre circulaci\u00f3n por el estrecho de Ormuz\u201d.\n    <\/p>\n<p>    <a href=\"https:\/\/www.eldiario.es\/internacional\/iran-trump-han-anunciado-acuerdo-acabar-guerra-son-claves_1_13301311.html\" data-mrf-recirculation=\"saber-mas-abajo\" data-dl-event=\"saber-mas-abajo\" rel=\"nofollow noopener\" target=\"_blank\"><\/p>\n<p class=\"know-more__title\">Ormuz, el programa nuclear o los fondos embargados: qu\u00e9 sabemos del acuerdo entre Ir\u00e1n y EEUU\n<\/p>\n<p>            <img decoding=\"async\" class=\"lazy\" loading=\"lazy\" data-src=\"https:\/\/static.eldiario.es\/clip\/826ac292-556d-4efe-9b0b-ac6795decdd3_16-9-aspect-ratio_default_0.jpg\" src=\"data:image\/svg+xml,%3Csvg xmlns=\" http:=\"\" viewbox=\"0 0 880 495\" alt=\"Ormuz, el programa nuclear o los fondos embargados: qu\u00e9 sabemos del acuerdo entre Ir\u00e1n y EEUU\"\/><\/p>\n<p>                        <\/a><\/p>\n<p class=\"article-text\">\n        Por su parte, Val\u00e9rie Hayer, presidenta de Renew, el grupo de los liberales en la Euroc\u00e1mara, ha comentado que \u201cdurante casi cuatro meses, esta guerra absurda ha supuesto graves riesgos para la seguridad nuclear mundial. Ha desestabilizado Oriente Medio, la econom\u00eda europea y el comercio global. Nuestro pensamiento est\u00e1 con el pueblo iran\u00ed, que sufre desde hace d\u00e9cadas la represi\u00f3n y el terror de un r\u00e9gimen que le priva de libertad y dignidad. Ojal\u00e1 este acuerdo de paz con Estados Unidos abra un camino de esperanza\u201d.\n    <\/p>\n<p>                                        <script async src=\"https:\/\/platform.twitter.com\/widgets.js\" charset=\"utf-8\"><\/script><\/p>\n","protected":false},"excerpt":{"rendered":"La europarlamentaria de Podemos, Irene Montero, ha dado este martes la nota de color en la Euroc\u00e1mara cuando&hellip;\n","protected":false},"author":2,"featured_media":609618,"comment_status":"","ping_status":"","sticky":false,"template":"","format":"standard","meta":{"footnotes":""},"categories":[174],"tags":[36328,255,30028,6996,146,147,25,24,37481,256,6664,69,3137,8363,3294,2466,6205,23,936,943],"class_list":["post-609617","post","type-post","status-publish","format-standard","has-post-thumbnail","category-famosos","tag-canta","tag-celebrities","tag-criticar","tag-cumpleanos","tag-entertainment","tag-entretenimiento","tag-es","tag-espana","tag-eurocamara","tag-famosos","tag-feliz","tag-guerra","tag-iran","tag-irene","tag-le","tag-montero","tag-posicion","tag-spain","tag-trump","tag-ue"],"share_on_mastodon":{"url":"https:\/\/pubeurope.com\/@es\/116760289423593580","error":""},"_links":{"self":[{"href":"https:\/\/www.europesays.com\/es\/wp-json\/wp\/v2\/posts\/609617","targetHints":{"allow":["GET"]}}],"collection":[{"href":"https:\/\/www.europesays.com\/es\/wp-json\/wp\/v2\/posts"}],"about":[{"href":"https:\/\/www.europesays.com\/es\/wp-json\/wp\/v2\/types\/post"}],"author":[{"embeddable":true,"href":"https:\/\/www.europesays.com\/es\/wp-json\/wp\/v2\/users\/2"}],"replies":[{"embeddable":true,"href":"https:\/\/www.europesays.com\/es\/wp-json\/wp\/v2\/comments?post=609617"}],"version-history":[{"count":0,"href":"https:\/\/www.europesays.com\/es\/wp-json\/wp\/v2\/posts\/609617\/revisions"}],"wp:featuredmedia":[{"embeddable":true,"href":"https:\/\/www.europesays.com\/es\/wp-json\/wp\/v2\/media\/609618"}],"wp:attachment":[{"href":"https:\/\/www.europesays.com\/es\/wp-json\/wp\/v2\/media?parent=609617"}],"wp:term":[{"taxonomy":"category","embeddable":true,"href":"https:\/\/www.europesays.com\/es\/wp-json\/wp\/v2\/categories?post=609617"},{"taxonomy":"post_tag","embeddable":true,"href":"https:\/\/www.europesays.com\/es\/wp-json\/wp\/v2\/tags?post=609617"}],"curies":[{"name":"wp","href":"https:\/\/api.w.org\/{rel}","templated":true}]}}