{"id":609931,"date":"2026-06-16T18:24:34","date_gmt":"2026-06-16T18:24:34","guid":{"rendered":"https:\/\/www.europesays.com\/es\/609931\/"},"modified":"2026-06-16T18:24:34","modified_gmt":"2026-06-16T18:24:34","slug":"el-fbi-asegura-que-la-semana-pasada-frustro-un-ataque-con-drones-explosivos-contra-la-gala-de-la-ufc-en-la-casa-blanca-el-mundo","status":"publish","type":"post","link":"https:\/\/www.europesays.com\/es\/609931\/","title":{"rendered":"El FBI asegura que la semana pasada frustr\u00f3 un ataque con drones explosivos contra la gala de la UFC en la Casa Blanca &#8211; El Mundo"},"content":{"rendered":"<ol>\n<li><a href=\"https:\/\/news.google.com\/rss\/articles\/CBMigwFBVV95cUxQbm9vT243VFFETnF3UGpnY1ZuWGx5a19fWnB3SXBOM3cxYlJOMTEwLVhqeHFaOTVDY2FVMWNGZWhZaEFjczdvM01kejRpWVNHcGUtWGFZLUF6UW5YcEw2cjhpZno0dEJvejdzbTQyU0k4MERGTUVNdmluZUF5VDFjV1ItZ9IBgwFBVV95cUxOZENGQy1aMTB6RjltU0xlbFhpbUREdUh1UDJVQUpaWmdNWmFybllRQ0FHWlNkQWd6LURnc2dYZGlpZ3RSbFE5QWRqTjJQVm5zVlprTGp0RUFZd3VuR01SOHgtQXptUnduUmlEbUhPeUd5SWFTb0dOeTN1cGJVY2JOVXlGMA?oc=5\" target=\"_blank\" rel=\"nofollow noopener\">El FBI asegura que la semana pasada frustr\u00f3 un ataque con drones explosivos contra la gala de la UFC en la Casa Blanca<\/a>&nbsp;&nbsp;El Mundo<\/li>\n<li><a href=\"https:\/\/news.google.com\/rss\/articles\/CBMiggFBVV95cUxQWldpbVZFR09Hbl9na28xbmVFMElCNXBNekRWQWp5VTU1U3QzWXJPY3lneERyOXdfRFBaRTJzaFR1ZGN0c2JsRER3UFpsZm9Xc1V6RlMxcXBjTVhFTEVxcENtREptcW1GazFOcjNTaWxRX2Y2VEs0aXNsTFVSLTdYMmZB0gGHAUFVX3lxTE5tZk5mVzhveGNpSnJKdnBkTzJobG52cmZudFpKY3MyT2xxYkJGbEtOM1pUaFotSjJ5cVQyVWVRQlNib2lrRjRJVXRacXQyb0xyMkZ2YVBtejZEbTZDSUt0UnFGRUxEanpvR3IzWDhlNmljWEdXQVB2d1N5N0Q3ejFVRXc5WDZ1TQ?oc=5\" target=\"_blank\" rel=\"nofollow noopener\">M\u00e1s golpes que velas<\/a>&nbsp;&nbsp;La Vanguardia<\/li>\n<li><a href=\"https:\/\/news.google.com\/rss\/articles\/CBMingFBVV95cUxPajRjQ0V1RGJpcGo0emluMHNGQlZhUDR6MTZFU2ZSRG9xNlNxM21kd1FZRDdhbXBUS1lOZHRTUU5LZGJBb2E2MllDcVo1OG1VZHEwZ19hSTBQbzMyeXFCTUlFZ0l6M3RRSlB5aV94Y1VDTXlxNVVWQllPM1BSNjh0cXlFcmZsRmp2dl9BcWFicXpwUERobktTVHFsQUNQUQ?oc=5\" target=\"_blank\" rel=\"nofollow noopener\">Pedro Rodr\u00edguez: \u00bfC\u00f3mo interpretar el cumplea\u00f1os de Trump y el acuerdo con Ir\u00e1n?<\/a>&nbsp;&nbsp;ABC<\/li>\n<li><a href=\"https:\/\/news.google.com\/rss\/articles\/CBMi0wFBVV95cUxQd29hN3pmOURKMEJjbHhpLWVRT3Z2aVptS0JQbEZic3NFTDE5Y25JM29jcU9NZVQzSnVMY0RwYmNPOUNIYjNkZ0lZWllmZndBVWFBRWhXNGUwZXNXM1FjTGdzNUxHbTBjdGVZdlJERFo2VFgtMjBzY3R5SC1wd3JrclNPM01RUncwOWhDV3hPVzVFV2NlYktWclNnNlVlbzl6SnR5eUNoSExRT2c0MndHc2VINk9yM2V1UzBaUzA2Y1hsSUVtLWJWU0w0MUtGemY5a01n?oc=5\" target=\"_blank\" rel=\"nofollow noopener\">Un cumplea\u00f1os hist\u00f3rico marcado por las ajetreadas negociaciones de paz<\/a>&nbsp;&nbsp;La Voz de Galicia<\/li>\n<li><a href=\"https:\/\/news.google.com\/rss\/articles\/CBMi1wFBVV95cUxQQXJVdHpuQ1h5aDhlWHA5MktQUVJJWE5KeHpRZlhGWG1vZi1YSHNYZHZtVW5rT0JrQi1yWk05MHpQOTlZRWtKY3AwMkFQS0pFRS1yNm5URXVBeV9OeGdDUkpsREh0ZEgtSGlJdHJxQ1RTWEFyY2w4UVJJOVY5a0RsVlExMXRKQ1UzU0R0VWdua0FPY0hlSnkzS0g4Um5vMnR4c3NCcjBBajFsSVNNbEh0WHVGYVZrTVF3TGRpZTh1SWVxU2RfQ3E5MVF6S3hpYTlmcHhETXQxdw?oc=5\" target=\"_blank\" rel=\"nofollow noopener\">Donald Trump, a los 80 a\u00f1os, a trav\u00e9s de las mujeres que han marcado su vida: del hombre \u00abencantador\u00bb al hermano \u00abcruel\u00bb<\/a>&nbsp;&nbsp;Vanitatis<\/li>\n<\/ol>\n","protected":false},"excerpt":{"rendered":"El FBI asegura que la semana pasada frustr\u00f3 un ataque con drones explosivos contra la gala de la&hellip;\n","protected":false},"author":2,"featured_media":609932,"comment_status":"","ping_status":"","sticky":false,"template":"","format":"standard","meta":{"footnotes":""},"categories":[5],"tags":[17,18,352,25,24,629,13,14,11,61,19,20,9,10,15,16,23,12,343,21,22],"class_list":["post-609931","post","type-post","status-publish","format-standard","has-post-thumbnail","category-titulares","tag-breaking-news","tag-breakingnews","tag-donald-trump","tag-es","tag-espana","tag-estados-unidos","tag-featured-news","tag-featurednews","tag-headlines","tag-internacional","tag-latest-news","tag-latestnews","tag-news","tag-noticias","tag-noticias-destacadas","tag-noticiasdestacadas","tag-spain","tag-titulares","tag-ufc","tag-ultimas-noticias","tag-ultimasnoticias"],"share_on_mastodon":{"url":"https:\/\/pubeurope.com\/@es\/116761189888811847","error":""},"_links":{"self":[{"href":"https:\/\/www.europesays.com\/es\/wp-json\/wp\/v2\/posts\/609931","targetHints":{"allow":["GET"]}}],"collection":[{"href":"https:\/\/www.europesays.com\/es\/wp-json\/wp\/v2\/posts"}],"about":[{"href":"https:\/\/www.europesays.com\/es\/wp-json\/wp\/v2\/types\/post"}],"author":[{"embeddable":true,"href":"https:\/\/www.europesays.com\/es\/wp-json\/wp\/v2\/users\/2"}],"replies":[{"embeddable":true,"href":"https:\/\/www.europesays.com\/es\/wp-json\/wp\/v2\/comments?post=609931"}],"version-history":[{"count":0,"href":"https:\/\/www.europesays.com\/es\/wp-json\/wp\/v2\/posts\/609931\/revisions"}],"wp:featuredmedia":[{"embeddable":true,"href":"https:\/\/www.europesays.com\/es\/wp-json\/wp\/v2\/media\/609932"}],"wp:attachment":[{"href":"https:\/\/www.europesays.com\/es\/wp-json\/wp\/v2\/media?parent=609931"}],"wp:term":[{"taxonomy":"category","embeddable":true,"href":"https:\/\/www.europesays.com\/es\/wp-json\/wp\/v2\/categories?post=609931"},{"taxonomy":"post_tag","embeddable":true,"href":"https:\/\/www.europesays.com\/es\/wp-json\/wp\/v2\/tags?post=609931"}],"curies":[{"name":"wp","href":"https:\/\/api.w.org\/{rel}","templated":true}]}}