{"id":61006,"date":"2025-08-20T21:10:16","date_gmt":"2025-08-20T21:10:16","guid":{"rendered":"https:\/\/www.europesays.com\/es\/61006\/"},"modified":"2025-08-20T21:10:16","modified_gmt":"2025-08-20T21:10:16","slug":"cuando-vuelven-el-hormiguero-y-la-revuelta","status":"publish","type":"post","link":"https:\/\/www.europesays.com\/es\/61006\/","title":{"rendered":"\u00bfcu\u00e1ndo vuelven &#8216;El Hormiguero&#8217; y &#8216;La Revuelta&#8217;?"},"content":{"rendered":"<p><img loading=\"lazy\" decoding=\"async\" src=\"https:\/\/www.europesays.com\/es\/wp-content\/uploads\/2025\/08\/david.jpg\" itemtype=\"\/\/schema.org\/ImageObject\" itemprop=\"url\" alt=\"David Saiz\" width=\"64\" height=\"64\" pinger-seen=\"true\"\/><\/p>\n<p><b>Pablo Motos<\/b> y <b>David Broncano<\/b> preparan el segundo asalto de la guerra que protagonizan en el access prime time de Antena 3 y TVE, respectivamente. El Hormiguero y La Revuelta volver\u00e1n pr\u00f3ximamente a la parrilla, pero lo har\u00e1n en fechas distintas. El programa de Antena 3 estrenar\u00e1 el curso el pr\u00f3ximo 1 de septiembre, mientras que el de la cadena p\u00fablica lo har\u00e1 una semana despu\u00e9s, el d\u00eda 8. <\/p>\n<p><b><a href=\"https:\/\/www.eleconomista.es\/informalia\/television\/noticias\/13439766\/06\/25\/pablo-motos-derrota-a-broncano-en-la-batalla-mas-dura-jamas-contada-en-television-estas-son-sus-notas-de-fin-de-curso.html\" title=\"Pablo Motos derrota a Broncano en la batalla m\u00e1s dura jam\u00e1s contada en televisi\u00f3n: estas son sus notas de fin de curso\" rel=\"nofollow noopener\" target=\"_blank\">El Hormiguero termin\u00f3 la temporada siendo l\u00edder<\/a><\/b>, con una media del 15,3% frente al 13,6% de La Revuelta, un dato que, en cualquier caso, es un gran resultado para La 1. El \u00fanico problema es que La Revuelta comenz\u00f3 el pasado curso muy fuerte pero poco a poco fue perdiendo fuelle, especialmente a partir de enero, cuando el triunfo de Pablo Motos comenz\u00f3 a ser una constante. <b>\u00abHemos hecho muy buenos programas este a\u00f1o. Incluso hemos llegado a ser l\u00edderes de audiencia durante un tiempo, aunque luego las cosas han vuelto a su orden<\/b> natural\u00bb, explic\u00f3 Broncano en la \u00faltima entrega de La Revuelta.<\/p>\n<p>En cualquier caso, el resultado de La Revuelta dej\u00f3 un buen sabor de boca en TVE, aunque la cadena p\u00fablica anunci\u00f3 que har\u00e1 cambios en el programa de Broncano. \u00abEstamos muy contentos porque estamos ofreciendo un producto de televisi\u00f3n p\u00fablica alternativo, que refleja a una sociedad diversa y que tambi\u00e9n debe tener su espacio en la televisi\u00f3n\u00bb, explic\u00f3 Jos\u00e9 Pablo L\u00f3pez, presidente de RTVE, a final de temporada. <b>\u00abYa estamos trabajando con el equipo de David para introducir algunas novedades de cara a septiembre\u00bb<\/b>, dijo, aunque aclar\u00f3 que no ser\u00e1n modificaciones \u00abprofundas\u00bb. \u00abAhora contamos con el hist\u00f3rico de una temporada completa y podemos identificar qu\u00e9 tipo de personajes funcionan mejor y cu\u00e1les menos. Tenemos una ventaja que pocos programas tienen: estabilidad y un producto del que nos sentimos plenamente orgullosos\u00bb, manifest\u00f3 L\u00f3pez en El Nacional.<\/p>\n<p>En el caso de El Hormiguero, se da por hecho que el programa seguir\u00e1 apostando por sus pilares de siempre que tan buenos resultados le han dado hasta ahora: entrevistas con grandes invitados y otras secciones como las tertulias. <\/p>\n<p>Pablo Motos cerr\u00f3 la temporada en Antena 3 muy satisfecho con el resultado despu\u00e9s de meses duros luchando contra La Revuelta. \u00abLa competencia nos ha dado un extra para que la gente se una. Es un equipo que lleva 19 a\u00f1os unido. Bueno, aquellos que han sobrevivido, claro, porque los malos no han sobrevivido a los 19 a\u00f1os\u00bb,<b> <a href=\"https:\/\/www.eleconomista.es\/informalia\/television\/noticias\/13455672\/07\/25\/pablo-motos-se-confiesa-sobre-la-pelea-que-ha-tenido-con-broncano-a-mi-me-gusta-ganar.html\" title=\"Pablo Motos se confiesa sobre la &quot;pelea&quot; que ha tenido con Broncano: &quot;A m\u00ed me gusta ganar&quot;\" rel=\"nofollow noopener\" target=\"_blank\">dijo en una entrevista<\/a><\/b>. \u00abPero nos ha unido y, por otro lado, estamos m\u00e1s finos que nunca y <b>estoy muy contento con la audiencia, los patrocinadores y la calidad del programa<\/b>\u00ab. Motos record\u00f3 entonces que la audiencia de la \u00faltima temporada de El Hormiguero fue \u00abmejor\u00bb que la anterior y admiti\u00f3 que era una persona competitiva. <b>\u00abA m\u00ed me gusta ganar\u00bb.<\/b><\/p>\n<p>WhatsApp<a href=\"https:\/\/api.whatsapp.com\/send?text=https:\/\/www.eleconomista.es\/informalia\/television\/noticias\/13511330\/08\/25\/pablo-motos-y-broncano-se-preparan-para-su-nuevo-cara-a-cara-cuando-vuelven-el-hormiguero-y-la-revuelta.html?utm_source%3Dwhatsapp%26utm_medium%3Dshare_button&amp;id=1648118629957_whatsapp\" target=\"_blank\" data-action=\"share\/whatsapp\/share\" aria-label=\"Compartir en Whatsapp\" rel=\"nofollow noopener\"><\/a>Facebook<a id=\"fb-share\" href=\"#\" target=\"_blank\" rel=\"noopener noreferrer\" aria-label=\"Compartir en Facebook\"><\/a>Twitter<a href=\"https:\/\/twitter.com\/share?text=Pablo+Motos+y+Broncano+se+preparan+para+su+nuevo+cara+a+cara%3A+%C2%BFcu%C3%A1ndo+vuelven+%27El+Hormiguero%27+y+%27La+Revuelta%27%3F&amp;url=https:\/\/www.eleconomista.es\/informalia\/television\/noticias\/13511330\/08\/25\/pablo-motos-y-broncano-se-preparan-para-su-nuevo-cara-a-cara-cuando-vuelven-el-hormiguero-y-la-revuelta.html&amp;via=Informalia&amp;id=1648118839245_twitter\" target=\"_blank\" aria-label=\"Compartir en Twitter\" rel=\"nofollow noopener\"><\/a>Linkedin<a onclick=\"return abrirLinkedin();\" href=\"https:\/\/www.linkedin.com\/shareArticle?text=Pablo+Motos+y+Broncano+se+preparan+para+su+nuevo+cara+a+cara%3A+%C2%BFcu%C3%A1ndo+vuelven+%27El+Hormiguero%27+y+%27La+Revuelta%27%3F&amp;url=https:\/\/www.eleconomista.es\/informalia\/television\/noticias\/13511330\/08\/25\/pablo-motos-y-broncano-se-preparan-para-su-nuevo-cara-a-cara-cuando-vuelven-el-hormiguero-y-la-revuelta.html&amp;mini=true\" target=\"_blank\" aria-label=\"Compartir en linkedin\" rel=\"nofollow noopener\"><\/a>Beloud<a href=\"https:\/\/beloud.com\/share?text=Pablo+Motos+y+Broncano+se+preparan+para+su+nuevo+cara+a+cara%3A+%C2%BFcu%C3%A1ndo+vuelven+%27El+Hormiguero%27+y+%27La+Revuelta%27%3F&amp;url=https:\/\/www.eleconomista.es\/informalia\/television\/noticias\/13511330\/08\/25\/pablo-motos-y-broncano-se-preparan-para-su-nuevo-cara-a-cara-cuando-vuelven-el-hormiguero-y-la-revuelta.html&amp;via=Informalia&amp;id=1648118839245_beloud\" target=\"_blank\" aria-label=\"Compartir en beloud\" rel=\"nofollow noopener\"><\/a>Bluesky<a href=\"https:\/\/bsky.app\/intent\/compose?text=https:\/\/bsky.app\/intent\/compose?text=https:\/\/www.eleconomista.es\/informalia\/television\/noticias\/13511330\/08\/25\/pablo-motos-y-broncano-se-preparan-para-su-nuevo-cara-a-cara-cuando-vuelven-el-hormiguero-y-la-revuelta.html&amp;url=https:\/\/www.eleconomista.es\/informalia\/television\/noticias\/13511330\/08\/25\/pablo-motos-y-broncano-se-preparan-para-su-nuevo-cara-a-cara-cuando-vuelven-el-hormiguero-y-la-revuelta.html&amp;via=elEconomistaes&amp;id=1648118839245_bluesky\" target=\"_blank\" aria-label=\"Compartir en bluesky\" rel=\"nofollow noopener\"><\/a><\/p>\n<p><script async src=\"https:\/\/platform.twitter.com\/widgets.js\" charset=\"utf-8\"><\/script><\/p>\n","protected":false},"excerpt":{"rendered":"Pablo Motos y David Broncano preparan el segundo asalto de la guerra que protagonizan en el access prime&hellip;\n","protected":false},"author":2,"featured_media":61007,"comment_status":"","ping_status":"","sticky":false,"template":"","format":"standard","meta":{"footnotes":""},"categories":[171],"tags":[146,147,25,24,23,807,214],"class_list":{"0":"post-61006","1":"post","2":"type-post","3":"status-publish","4":"format-standard","5":"has-post-thumbnail","7":"category-tv","8":"tag-entertainment","9":"tag-entretenimiento","10":"tag-es","11":"tag-espana","12":"tag-spain","13":"tag-television","14":"tag-tv"},"share_on_mastodon":{"url":"","error":""},"_links":{"self":[{"href":"https:\/\/www.europesays.com\/es\/wp-json\/wp\/v2\/posts\/61006","targetHints":{"allow":["GET"]}}],"collection":[{"href":"https:\/\/www.europesays.com\/es\/wp-json\/wp\/v2\/posts"}],"about":[{"href":"https:\/\/www.europesays.com\/es\/wp-json\/wp\/v2\/types\/post"}],"author":[{"embeddable":true,"href":"https:\/\/www.europesays.com\/es\/wp-json\/wp\/v2\/users\/2"}],"replies":[{"embeddable":true,"href":"https:\/\/www.europesays.com\/es\/wp-json\/wp\/v2\/comments?post=61006"}],"version-history":[{"count":0,"href":"https:\/\/www.europesays.com\/es\/wp-json\/wp\/v2\/posts\/61006\/revisions"}],"wp:featuredmedia":[{"embeddable":true,"href":"https:\/\/www.europesays.com\/es\/wp-json\/wp\/v2\/media\/61007"}],"wp:attachment":[{"href":"https:\/\/www.europesays.com\/es\/wp-json\/wp\/v2\/media?parent=61006"}],"wp:term":[{"taxonomy":"category","embeddable":true,"href":"https:\/\/www.europesays.com\/es\/wp-json\/wp\/v2\/categories?post=61006"},{"taxonomy":"post_tag","embeddable":true,"href":"https:\/\/www.europesays.com\/es\/wp-json\/wp\/v2\/tags?post=61006"}],"curies":[{"name":"wp","href":"https:\/\/api.w.org\/{rel}","templated":true}]}}