{"id":610146,"date":"2026-06-16T20:57:13","date_gmt":"2026-06-16T20:57:13","guid":{"rendered":"https:\/\/www.europesays.com\/es\/610146\/"},"modified":"2026-06-16T20:57:13","modified_gmt":"2026-06-16T20:57:13","slug":"el-musico-que-estaba-infravalorado-segun-bruce-springsteen","status":"publish","type":"post","link":"https:\/\/www.europesays.com\/es\/610146\/","title":{"rendered":"El m\u00fasico que estaba infravalorado seg\u00fan Bruce Springsteen"},"content":{"rendered":"<p class=\"wp-block-paragraph\"><strong>Bruce Springsteen<\/strong>, una de las figuras m\u00e1s influyentes del rock estadounidense, nunca desaprovech\u00f3 una oportunidad para compartir con el mundo su profunda admiraci\u00f3n por artistas que moldearon su visi\u00f3n musical. En una reveladora charla durante el festival SXSW en 2012, <strong>The Boss destac\u00f3 a James Brown como una de sus mayores inspiraciones, llegando a compararlo con dos gigantes de la<\/strong> <strong>m\u00fasica: <\/strong><a href=\"https:\/\/indiehoy.com\/historias\/banda-anti-estados-unidos-segun-elvis-presley\/\" target=\"_blank\" rel=\"noreferrer noopener nofollow\"><strong>Elvis<\/strong>\u00a0<strong>Presley<\/strong><\/a> y <a href=\"https:\/\/indiehoy.com\/historias\/de-que-trata-blowin-in-the-wind-bob-dylan\/\" target=\"_blank\" rel=\"noreferrer noopener nofollow\"><strong>Bob<\/strong> <strong>Dylan<\/strong><\/a>.<\/p>\n<p class=\"wp-block-paragraph\">Recordando una experiencia en la que comparti\u00f3 escenario con el rey del soul, <a href=\"https:\/\/indiehoy.com\/noticias\/donald-trump-amenaza-a-bruce-springsteen-deberia-cerrar-la-boca-hasta-que-vuelva-al-pais\/\" target=\"_blank\" rel=\"noreferrer noopener nofollow\">Springsteen<\/a> expres\u00f3 su asombro por el talento de su colega: \u00abNo puedo describ\u00edrtelo. Estar en el escenario junto a James Brown&#8230; fue como, &#8216;Carajos, \u00bfqu\u00e9 estoy haciendo ac\u00e1?'\u00bb. Para el autor de \u201cBorn in the U.S.A.\u201d, Brown encarnaba una combinaci\u00f3n \u00fanica de talento y presencia esc\u00e9nica, lo que llev\u00f3 a compararlo con dos grandes leyendas del cuarto arte.<\/p>\n<p class=\"wp-block-paragraph\">\u00abEs una influencia tan grande\u201d, admiti\u00f3. \u201c<strong>James Brown est\u00e1 infravalorado. A\u00fan hoy, infravalorado. Es Elvis. Es Dylan<\/strong>\u00ab. Esta comparaci\u00f3n resalta la dualidad de Brown: la energ\u00eda y carisma de Elvis en el escenario, junto con la profundidad l\u00edrica y visi\u00f3n social de Dylan. Para Springsteen, el m\u00fasico nacido en Barnwell no solo era un int\u00e9rprete excepcional, sino tambi\u00e9n un narrador que capturaba la esencia de la sociedad estadounidense.<\/p>\n<p>Springsteen tambi\u00e9n compar\u00f3 a Dylan con Elvis<\/p>\n<p class=\"wp-block-paragraph\">Las palabras de Springsteen no son menores, especialmente teniendo en cuenta su parecer sobre Dylan. En la inducci\u00f3n del cantautor de folk al Sal\u00f3n de la Fama del Rock and Roll dijo: \u00abLa primera vez que escuch\u00e9 a Bob Dylan, estaba en el coche con mi madre escuchando WMCA, y son\u00f3 ese golpe de tambor que parec\u00eda como si alguien hubiera abierto la puerta de tu mente de un puntapi\u00e9\u00bb, record\u00f3.<\/p>\n<p class=\"wp-block-paragraph\">Acto seguido, continu\u00f3: \u00ab<strong>De la misma manera en que Elvis liberaba tu cuerpo, Dylan liberaba tu mente y nos mostraba que porque la m\u00fasica fuera f\u00edsica no significaba que fuera anti intelectual<\/strong>. Ten\u00eda la visi\u00f3n y el talento para hacer una canci\u00f3n pop que contuviera el mundo entero. Invent\u00f3 una nueva forma en que un cantante pop pod\u00eda sonar, rompi\u00f3 las limitaciones de lo que una grabaci\u00f3n pod\u00eda lograr y cambi\u00f3 la cara del rock and roll para siempre\u00bb.<\/p>\n","protected":false},"excerpt":{"rendered":"Bruce Springsteen, una de las figuras m\u00e1s influyentes del rock estadounidense, nunca desaprovech\u00f3 una oportunidad para compartir con&hellip;\n","protected":false},"author":2,"featured_media":610147,"comment_status":"","ping_status":"","sticky":false,"template":"","format":"standard","meta":{"footnotes":""},"categories":[170],"tags":[22714,146,147,25,24,184,185,23],"class_list":["post-610146","post","type-post","status-publish","format-standard","has-post-thumbnail","category-musica","tag-bruce-springsteen","tag-entertainment","tag-entretenimiento","tag-es","tag-espana","tag-music","tag-musica","tag-spain"],"share_on_mastodon":{"url":"https:\/\/pubeurope.com\/@es\/116761791581376332","error":""},"_links":{"self":[{"href":"https:\/\/www.europesays.com\/es\/wp-json\/wp\/v2\/posts\/610146","targetHints":{"allow":["GET"]}}],"collection":[{"href":"https:\/\/www.europesays.com\/es\/wp-json\/wp\/v2\/posts"}],"about":[{"href":"https:\/\/www.europesays.com\/es\/wp-json\/wp\/v2\/types\/post"}],"author":[{"embeddable":true,"href":"https:\/\/www.europesays.com\/es\/wp-json\/wp\/v2\/users\/2"}],"replies":[{"embeddable":true,"href":"https:\/\/www.europesays.com\/es\/wp-json\/wp\/v2\/comments?post=610146"}],"version-history":[{"count":0,"href":"https:\/\/www.europesays.com\/es\/wp-json\/wp\/v2\/posts\/610146\/revisions"}],"wp:featuredmedia":[{"embeddable":true,"href":"https:\/\/www.europesays.com\/es\/wp-json\/wp\/v2\/media\/610147"}],"wp:attachment":[{"href":"https:\/\/www.europesays.com\/es\/wp-json\/wp\/v2\/media?parent=610146"}],"wp:term":[{"taxonomy":"category","embeddable":true,"href":"https:\/\/www.europesays.com\/es\/wp-json\/wp\/v2\/categories?post=610146"},{"taxonomy":"post_tag","embeddable":true,"href":"https:\/\/www.europesays.com\/es\/wp-json\/wp\/v2\/tags?post=610146"}],"curies":[{"name":"wp","href":"https:\/\/api.w.org\/{rel}","templated":true}]}}