{"id":61032,"date":"2025-08-20T21:25:09","date_gmt":"2025-08-20T21:25:09","guid":{"rendered":"https:\/\/www.europesays.com\/es\/61032\/"},"modified":"2025-08-20T21:25:09","modified_gmt":"2025-08-20T21:25:09","slug":"no-puede-mas-y-se-baja-del-us-open","status":"publish","type":"post","link":"https:\/\/www.europesays.com\/es\/61032\/","title":{"rendered":"No puede m\u00e1s y se baja del US Open"},"content":{"rendered":"<p class=\"parrafo\"><strong>Un porcentaje grand\u00edsimo de la vida de un tenista es el f\u00edsico<\/strong>, pues sin \u00e9l es imposible competir durante tant\u00edsimas semanas a un nivel tan alto. Las temporadas duran pr\u00e1cticamente once meses y no hay apenas tiempo para descansar, por eso mismo, a poco que llegan las lesiones se puede entrar en un c\u00edrculo vicioso del que es casi imposible salir. Un ejemplo claro de esto es <strong>lo que le est\u00e1 pasando a Arthur Fils<\/strong>, quien se lesion\u00f3 la espalda hace ya muchos meses y no levanta cabeza. Ahora <a href=\"https:\/\/www.estadiodeportivo.com\/tenis\/dramas-alegrias-del-tenis-espanol-open-20250820-508525.html\" target=\"_blank\" class=\"intext-link\" rel=\"nofollow noopener\">se va a perder el US Open<\/a>, en lo que es <strong>el segundo Grand Slam que se pierde de forma consecutiva<\/strong>.<\/p>\n<p>Noticias Relacionadas<\/p>\n<p class=\"parrafo\">Estas semanas <strong>el galo ha intentado volver en Toronto y en Cincinnati,<\/strong><strong> pero no le fue bien<\/strong>, cediendo en tercera ronda en Canad\u00e1 y ni siquiera saltando a la pista en Ohio, lo que no le ha dejado ninguna opci\u00f3n a parte de bajarse del torneo de Nueva York, en una dura pero entendible decisi\u00f3n que ha cmpartido en sus redes sociales. \u201c<strong>Tras una lesi\u00f3n que me mantuvo alejado de las pistas<\/strong>, una se\u00f1al de alerta durante mi regreso me llev\u00f3 a tomar la dif\u00edcil pero razonable decisi\u00f3n de retirarme <a href=\"https:\/\/www.estadiodeportivo.com\/tenis\/inicio-del-open-habla-espanol-20250818-508330.html\" target=\"_blank\" class=\"intext-link\" rel=\"nofollow noopener\">del US Open<\/a>\u00ab.<\/p>\n<p><img decoding=\"async\" src=\"https:\/\/www.europesays.com\/es\/wp-content\/uploads\/2025\/08\/96c99721-21d6-42fd-8d13-592af0b12db3_800x450.jpeg\" loading=\"lazy\"\/><\/p>\n<p class=\"parrafo\">Fils ha confesado que toma esta decisi\u00f3n con un objetivo, <strong>el de mejorar paso a paso y tratar de reencontrarse con su f\u00edsico, el que hace tanto que le ha abandonado<\/strong>: \u201cEstoy trabajando duro cada d\u00eda con mi equipo para volver con fuerza y estar listo para este final de temporada. Gracias por todo su apoyo\u201d.<\/p>\n<p><a class=\"elementos-rel-t2\" href=\"https:\/\/www.estadiodeportivo.com\/tenis\/dramas-alegrias-del-tenis-espanol-open-20250820-508525.html\" title=\"Dramas y alegr\u00edas del tenis espa\u00f1ol en el US Open\" rel=\"nofollow noopener\" target=\"_blank\">Dramas y alegr\u00edas del tenis espa\u00f1ol en el US Open<img decoding=\"async\" src=\"https:\/\/www.europesays.com\/es\/wp-content\/uploads\/2025\/08\/9bd89a74-5638-4619-82d7-29e23395fd54_320x180.jpeg\" alt=\"Dramas y alegr\u00edas del tenis espa\u00f1ol en el US Open\"\/><\/a><a class=\"elementos-rel-t2\" href=\"https:\/\/www.estadiodeportivo.com\/tenis\/tenis-espanol-celebra-winstonsalem-20250820-508545.html\" title=\"El tenis espa\u00f1ol celebra en Winston-Salem\" rel=\"nofollow noopener\" target=\"_blank\">El tenis espa\u00f1ol celebra en Winston-Salem<img decoding=\"async\" src=\"https:\/\/www.europesays.com\/es\/wp-content\/uploads\/2025\/08\/6232c3da-0cba-4aec-bff7-68f1ee1c4fcc_320x180.jpeg\" alt=\"El tenis espa\u00f1ol celebra en Winston-Salem\"\/><\/a><a class=\"elementos-rel-t2\" href=\"https:\/\/www.estadiodeportivo.com\/tenis\/tenis-espanol-empieza-grande-winstonsalem-20250818-508323.html\" title=\"El tenis espa\u00f1ol empieza a lo grande en Winston-Salem\" rel=\"nofollow noopener\" target=\"_blank\">El tenis espa\u00f1ol empieza a lo grande en Winston-Salem<img decoding=\"async\" src=\"https:\/\/www.europesays.com\/es\/wp-content\/uploads\/2025\/08\/f67b5c9d-e2bd-4c87-adf3-fdc0c7d19a8a_320x180.jpeg\" alt=\"El tenis espa\u00f1ol empieza a lo grande en Winston-Salem\"\/><\/a>Toda la temporada con problemas<\/p>\n<p class=\"parrafo\">El jugador de 21 a\u00f1os se retir\u00f3 antes de su partido de tercera ronda en Roland Garros y no volvi\u00f3 a jugar hasta el ATP Masters 1000 de Canad\u00e1 a finales de julio, lo que habla del calvario que est\u00e1 atravesando. Esto <strong>se traduce en el ranking, donde ahora mismo ocupa el n\u00famero 20<\/strong>. Aunque tiene un r\u00e9cord de 22-11 esta temporada.<\/p>\n<p class=\"parrafo\">De hecho, este estaba siendo su a\u00f1o, especialmente en la arcilla, donde <strong>hasta caer en Roland Garros disput\u00f3 grandes paridos en Montecarlo o Barcelona<\/strong> y apuntaba m\u00e1s pronto que tarde a colarse en el top 10, de hecho  alcanz\u00f3 el puesto n\u00famero 14 del mundo, su mejor marca personal, en abril, pero no pudo mejorarla m\u00e1s y ahora <strong>va a tener que empezar desde atr\u00e1s para tratar de volver a ser el jugador peligroso que siempre ha sido<\/strong>.<\/p>\n","protected":false},"excerpt":{"rendered":"Un porcentaje grand\u00edsimo de la vida de un tenista es el f\u00edsico, pues sin \u00e9l es imposible competir&hellip;\n","protected":false},"author":2,"featured_media":61033,"comment_status":"","ping_status":"","sticky":false,"template":"","format":"standard","meta":{"footnotes":""},"categories":[274],"tags":[168,25,24,284,23,167,327,326,541],"class_list":{"0":"post-61032","1":"post","2":"type-post","3":"status-publish","4":"format-standard","5":"has-post-thumbnail","7":"category-tenis","8":"tag-deportes","9":"tag-es","10":"tag-espana","11":"tag-estadio-deportivo","12":"tag-spain","13":"tag-sports","14":"tag-tenis","15":"tag-tennis","16":"tag-us-open"},"share_on_mastodon":{"url":"","error":""},"_links":{"self":[{"href":"https:\/\/www.europesays.com\/es\/wp-json\/wp\/v2\/posts\/61032","targetHints":{"allow":["GET"]}}],"collection":[{"href":"https:\/\/www.europesays.com\/es\/wp-json\/wp\/v2\/posts"}],"about":[{"href":"https:\/\/www.europesays.com\/es\/wp-json\/wp\/v2\/types\/post"}],"author":[{"embeddable":true,"href":"https:\/\/www.europesays.com\/es\/wp-json\/wp\/v2\/users\/2"}],"replies":[{"embeddable":true,"href":"https:\/\/www.europesays.com\/es\/wp-json\/wp\/v2\/comments?post=61032"}],"version-history":[{"count":0,"href":"https:\/\/www.europesays.com\/es\/wp-json\/wp\/v2\/posts\/61032\/revisions"}],"wp:featuredmedia":[{"embeddable":true,"href":"https:\/\/www.europesays.com\/es\/wp-json\/wp\/v2\/media\/61033"}],"wp:attachment":[{"href":"https:\/\/www.europesays.com\/es\/wp-json\/wp\/v2\/media?parent=61032"}],"wp:term":[{"taxonomy":"category","embeddable":true,"href":"https:\/\/www.europesays.com\/es\/wp-json\/wp\/v2\/categories?post=61032"},{"taxonomy":"post_tag","embeddable":true,"href":"https:\/\/www.europesays.com\/es\/wp-json\/wp\/v2\/tags?post=61032"}],"curies":[{"name":"wp","href":"https:\/\/api.w.org\/{rel}","templated":true}]}}