{"id":610335,"date":"2026-06-16T23:19:13","date_gmt":"2026-06-16T23:19:13","guid":{"rendered":"https:\/\/www.europesays.com\/es\/610335\/"},"modified":"2026-06-16T23:19:13","modified_gmt":"2026-06-16T23:19:13","slug":"estiman-mas-de-1-37-millones-de-muertes-cardiovasculares-prematuras-atribuibles-a-la-obesidad-para-2050","status":"publish","type":"post","link":"https:\/\/www.europesays.com\/es\/610335\/","title":{"rendered":"Estiman m\u00e1s de 1 37 millones de muertes cardiovasculares prematuras atribuibles a la obesidad para 2050"},"content":{"rendered":"<p>La obesidad es una enfermedad metab\u00f3lica que altera la forma en que el cuerpo procesa el az\u00facar, la grasa y la inflamaci\u00f3n, y da\u00f1a silenciosamente el metabolismo a lo largo de los a\u00f1os.\u00a0\u00a0Hay evidencia de que la obesidad est\u00e1 transformando la crisis mundial de enfermedades cardiovasculares.Al respecto, un reciente estudio &#8230;            &#13;\n        <\/p>\n<p> &#13;<br \/>\n&#13;<br \/>\n&#13;<\/p>\n<p>La obesidad es una enfermedad metab\u00f3lica que altera la forma en que el cuerpo procesa el az\u00facar, la grasa y la inflamaci\u00f3n, y da\u00f1a silenciosamente el metabolismo a lo largo de los a\u00f1os.\u00a0\u00a0Hay evidencia de que la obesidad est\u00e1 transformando la crisis mundial de enfermedades cardiovasculares.<\/p>\n<p>Al respecto, un reciente estudio con\u00a0datos procedentes de 204 pa\u00edses revelan que la incidencia de enfermedades card\u00edacas ahora alcanza su punto m\u00e1ximo en personas de 50 a 54 a\u00f1os, en lugar de en personas mayores.\u00a0Este trabajo es el primero en analizar un mapa del impacto pa\u00eds por pa\u00eds, estratificado por edad, y una proyecci\u00f3n basada en evidencia de muertes para 2050 basada en la trayectoria actual. El principal dato a destacar es la proyecci\u00f3n de\u00a0m\u00e1s de 1,37 millones de muertes cardiovasculares prematuras atribuidas a la obesidad cada a\u00f1o para 2050.<\/p>\n<p>Los autores del estudio Hardik Dineshbhai Desai, Multispecialty Hospital en Ahmedabad, Gujarat (India), el Dr. Digantkumar Patel, de Springfield Clinic en Illinois\u00a0y la Dra. Mounika Kotte, del Prime South GME Consortium en Harlingen, en Texas (EEUU),\u00a0llevaron a cabo un an\u00e1lisis exhaustivo de datos secundarios y de referencia utilizando el estudio Carga Global de Enfermedad (GBD) 2023 e incorporando registros de mortalidad, historiales hospitalarios, encuestas y sistemas de vigilancia de 204 pa\u00edses y territorios. <\/p>\n<p>El estudio analiz\u00f3 a adultos de 30 a 69 a\u00f1os, seg\u00fan la definici\u00f3n de mortalidad prematura de la Organizaci\u00f3n Mundial de la Salud, durante el per\u00edodo 1990-2023. La exposici\u00f3n de inter\u00e9s fue un \u00edndice de masa corporal (IMC) elevado (IMC \u2265 25 kg\/m\u00b2). Los resultados fueron muertes cardiovasculares prematuras, a\u00f1os de vida ajustados por discapacidad (AVAD) y a\u00f1os de vida perdidos (AVP). Las fracciones atribuibles a la poblaci\u00f3n se calcularon utilizando distribuciones de exposici\u00f3n, riesgos relativos y el nivel de exposici\u00f3n de riesgo m\u00ednimo te\u00f3rico.<\/p>\n<p> &#13;<br \/>\n&#13;<\/p>\n<p> Las tendencias se cuantificaron utilizando el cambio porcentual anual estimado (CPAE) derivado de la regresi\u00f3n log-lineal, estratificado por grupo de edad, sexo, pa\u00eds, superregi\u00f3n de la Carga Global de Enfermedad (GBD) y quintil del \u00cdndice de Desarrollo Social (IDS). Las proyecciones hasta 2050 se generaron extrapolando el modelo de regresi\u00f3n ajustado.<\/p>\n<p>A nivel mundial, los CPAE aumentaron un 1,999% anual para las muertes, y los YLL aumentaron un 2,086% anual. Los aumentos regionales m\u00e1s r\u00e1pidos se dieron en el sur de Asia (7,35%), pa\u00edses con SDI bajo (5,55%), pa\u00edses con SDI medio-bajo (4,69%) y \u00c1frica subsahariana (4,61%). Los cambios en los pa\u00edses de altos ingresos fueron estables (aumento del 0,09%), y Europa central\/oriental y Asia central mostraron una disminuci\u00f3n del 0,68%. El grupo de edad con la aceleraci\u00f3n m\u00e1s pronunciada fue de 50 a 54 a\u00f1os.<\/p>\n<p>\u00abEsto representa una llamada de atenci\u00f3n para el mundo. Las enfermedades cardiovasculares derivadas de la obesidad ya no son un problema exclusivo de los pa\u00edses ricos, pero tampoco iban a limitarse a una sola regi\u00f3n. Las enfermedades no transmisibles no cruzan fronteras como lo hace una infecci\u00f3n, pero su impacto se propaga entre naciones a trav\u00e9s del comercio, la productividad y la movilidad de las personas, por lo que ning\u00fan pa\u00eds, por muy avanzado que sea su sistema de salud, est\u00e1 exento de una crisis que surge en otro lugar\u00bb, tal como expuso el prof. Desai.<\/p>\n<p>A su juicio, \u00abse requiere un\u00a0liderazgo orientado hacia una agenda global colaborativa contra la obesidad,\u00a0 que podr\u00eda revertir la tendencia observadas para todos los pa\u00edses Nuestras proyecciones para 2050 no son un pron\u00f3stico; son esencialmente una factura\u00bb, concluy\u00f3.<\/p>\n","protected":false},"excerpt":{"rendered":"La obesidad es una enfermedad metab\u00f3lica que altera la forma en que el cuerpo procesa el az\u00facar, la&hellip;\n","protected":false},"author":2,"featured_media":610336,"comment_status":"","ping_status":"","sticky":false,"template":"","format":"standard","meta":{"footnotes":""},"categories":[92],"tags":[3830,1611,114151,5609,53901,17547,11072,83463,24692,1293,25,24,874,53841,86245,165,61,1294,34789,7818,4724,4920,4809,3013,795,5693,1092,318,3479,114150,15068,18313,166,48832,9218,7768,23,3271,3342],"class_list":["post-610335","post","type-post","status-publish","format-standard","has-post-thumbnail","category-salud","tag-alerta","tag-ano","tag-atribuibles","tag-aumento","tag-cambiando","tag-cardiovasculares","tag-causa","tag-desplazando","tag-edades","tag-enfermedades","tag-es","tag-espana","tag-esta","tag-estas","tag-estiman","tag-health","tag-internacional","tag-investigacion","tag-mediados","tag-millon","tag-millones","tag-muerte","tag-muertes","tag-mundo","tag-nueva","tag-obesidad","tag-patologias","tag-perfil","tag-podria","tag-prematuras","tag-principal","tag-provocar","tag-salud","tag-siendo","tag-siglo","tag-siguen","tag-spain","tag-su","tag-tempranas"],"share_on_mastodon":{"url":"https:\/\/pubeurope.com\/@es\/116762350459913337","error":""},"_links":{"self":[{"href":"https:\/\/www.europesays.com\/es\/wp-json\/wp\/v2\/posts\/610335","targetHints":{"allow":["GET"]}}],"collection":[{"href":"https:\/\/www.europesays.com\/es\/wp-json\/wp\/v2\/posts"}],"about":[{"href":"https:\/\/www.europesays.com\/es\/wp-json\/wp\/v2\/types\/post"}],"author":[{"embeddable":true,"href":"https:\/\/www.europesays.com\/es\/wp-json\/wp\/v2\/users\/2"}],"replies":[{"embeddable":true,"href":"https:\/\/www.europesays.com\/es\/wp-json\/wp\/v2\/comments?post=610335"}],"version-history":[{"count":0,"href":"https:\/\/www.europesays.com\/es\/wp-json\/wp\/v2\/posts\/610335\/revisions"}],"wp:featuredmedia":[{"embeddable":true,"href":"https:\/\/www.europesays.com\/es\/wp-json\/wp\/v2\/media\/610336"}],"wp:attachment":[{"href":"https:\/\/www.europesays.com\/es\/wp-json\/wp\/v2\/media?parent=610335"}],"wp:term":[{"taxonomy":"category","embeddable":true,"href":"https:\/\/www.europesays.com\/es\/wp-json\/wp\/v2\/categories?post=610335"},{"taxonomy":"post_tag","embeddable":true,"href":"https:\/\/www.europesays.com\/es\/wp-json\/wp\/v2\/tags?post=610335"}],"curies":[{"name":"wp","href":"https:\/\/api.w.org\/{rel}","templated":true}]}}