{"id":61040,"date":"2025-08-20T21:29:12","date_gmt":"2025-08-20T21:29:12","guid":{"rendered":"https:\/\/www.europesays.com\/es\/61040\/"},"modified":"2025-08-20T21:29:12","modified_gmt":"2025-08-20T21:29:12","slug":"los-nombres-del-dia-en-el-mercado-del-cd-castellon","status":"publish","type":"post","link":"https:\/\/www.europesays.com\/es\/61040\/","title":{"rendered":"Los nombres del d\u00eda en el mercado del CD Castell\u00f3n"},"content":{"rendered":"<p class=\"ft-text ft-helper-closenews\">Como todos los clubs del f\u00fatbol profesional, el <strong>CD Castell\u00f3n<\/strong> est\u00e1 compatibilizando el inicio de la competici\u00f3n con las \u00faltimas semanas del <a class=\"ft-link ft-link--decoration\" href=\"https:\/\/www.elperiodicomediterraneo.com\/tags\/mercado\/\" rel=\"nofollow noopener\" target=\"_blank\">mercado <\/a>estival de fichajes. Con la intenci\u00f3n vigente de reforzar la plantilla en las curvas finales de agosto, el club albinegro est\u00e1 avanzando tambi\u00e9n en<strong> movimientos de salida, tanto en el filial como en el primer equipo<\/strong>.<\/p>\n<p>Dos cesiones confirmadas<\/p>\n<p class=\"ft-text\">En cuando al filial de <a class=\"ft-link ft-link--decoration\" href=\"https:\/\/www.elperiodicomediterraneo.com\/tags\/pablo-hernandez\/\" rel=\"nofollow noopener\" target=\"_blank\">Pablo Hern\u00e1ndez<\/a>, que esta temporada se estrena en Segunda RFEF, este mi\u00e9rcoles se hicieron oficiales dos salidas, ambas en calidad de pr\u00e9stamo.<\/p>\n<p class=\"ft-text\">El m\u00e1s conocido es Santi Borik\u00f3, que el a\u00f1o pasado tuvo minutos con el primer equipo. En concreto, el defensa jug\u00f3 cuatro partidos de Liga con los mayores (Cartagena en el <a class=\"ft-link ft-link--decoration\" href=\"https:\/\/www.elperiodicomediterraneo.com\/tags\/skyfi-castalia\/\" rel=\"nofollow noopener\" target=\"_blank\">SkyFi Castalia<\/a> y Deportivo, C\u00e1diz y Granada fuera). Adem\u00e1s, fue pieza importante en el ascenso del filial. <strong>Santi Borik\u00f3<\/strong>, natural de Sant Joan d\u2019Esp\u00ed (Barcelona) y con 22 a\u00f1os, se marcha cedido al Arenas de Getxo, de Primera RFEF.<\/p>\n<p><img decoding=\"async\" src=\"https:\/\/www.europesays.com\/es\/wp-content\/uploads\/2025\/08\/580b7585-8f60-45cc-8624-f8ec88166210_alta-libre-aspect-ratio_default_0.jpg\" width=\"1200\" height=\"742\" alt=\"Santi Borik\u00f3 y Douga Fofana pelean un bal\u00f3n en el partido de este s\u00e1bado.\" class=\"ft-helper-img-rd\" loading=\"lazy\" hasdataaida=\"true\"\/><\/p>\n<p class=\"ft-helper-fontColor-quaternary ft-helper-fontSize-body-S ft-helper-spacer-t-xxs\">Santi Borik\u00f3 pelea un bal\u00f3n.  \/ Juan Francisco Roca<\/p>\n<p class=\"ft-text\">Tambi\u00e9n se va del filial albinegro, el <strong>centrocampista Manu Vila<\/strong>, cedido al <strong>Tudelano<\/strong>, en este caso de Segunda RFEF. El futbolista lleg\u00f3 al CD Castell\u00f3n el pasado invierno para sumarse a la disciplina del Juvenil \u2018A\u2019 procedente de la cantera del <a class=\"ft-link ft-link--decoration\" href=\"https:\/\/www.elperiodicomediterraneo.com\/tags\/barcelona\/\" rel=\"nofollow noopener\" target=\"_blank\">FC Barcelona<\/a>, anotando dos goles y llegando a\u00a0debutar con el filial albinegro en Tercera Federaci\u00f3n.<\/p>\n<p>El primer equipo<\/p>\n<p class=\"ft-text\">En cuanto al primer equipo, las \u00faltimas informaciones indican que<strong> Albert Lottin est\u00e1 cerca de marcharse cedido a la segunda divisi\u00f3n de Portugal<\/strong>. As\u00ed lo avanz\u00f3 \u00c1ngel Garc\u00eda Cazurreando, quien apunt\u00f3 el<strong> Uniao de Leiria <\/strong>como posible destino del futbolista franc\u00e9s del CD Castell\u00f3n.<\/p>\n<p class=\"ft-text\">Lottin se incorpor\u00f3 a la disciplina albinegra mediada la temporada 2023\/24, procedente del f\u00fatbol griego.<\/p>\n<p class=\"ft-text\">El mediocentro (reconvertido \u00faltimamente a lateral derecho) avanzado el mes de febrero y ocup\u00f3 una ficha libre. Firm\u00f3 por el club orellut despu\u00e9s de pasar unos d\u00edas a prueba. Proced\u00eda del <strong>Panachaiki <\/strong>de la segunda divisi\u00f3n griega. En su juventud, <strong>Girondins de Bordeaux y Utrecht<\/strong> hab\u00edan sido sus otros equipos.<\/p>\n<p class=\"ft-text\">Disput\u00f3 11 partidos en Primera RFEF y marc\u00f3 un gol (en <a class=\"ft-link ft-link--decoration\" href=\"https:\/\/www.elperiodicomediterraneo.com\/tags\/murcia\/\" rel=\"nofollow noopener\" target=\"_blank\">Murcia<\/a>), en la antesala del ascenso. El curso pasado, en Segunda, jug\u00f3 15 partidos y anot\u00f3 otro tanto.<\/p>\n<p>M\u00e1s cesiones<\/p>\n<p class=\"ft-text\">Adem\u00e1s de Lottin, otros dos jugadores albinegros podr\u00edan salir a pr\u00e9stamo antes del cierre del mercado. Se trata del extremo<strong> Mamadou Traor\u00e9,<\/strong> de 23 a\u00f1os, y del centrocampista <a class=\"ft-link ft-link--decoration\" href=\"https:\/\/www.elperiodicomediterraneo.com\/tags\/gonzalo-pastor\/\" rel=\"nofollow noopener\" target=\"_blank\">Gonzalo Pastor<\/a>, de 19. Como Lottin, no fueron convocados en el primer partido de Liga ante el Racing de Santander.<\/p>\n<p data-close=\"closedContent\" class=\"subscribeHideForDisplay\">Suscr\u00edbete para seguir leyendo<\/p>\n","protected":false},"excerpt":{"rendered":"Como todos los clubs del f\u00fatbol profesional, el CD Castell\u00f3n est\u00e1 compatibilizando el inicio de la competici\u00f3n con&hellip;\n","protected":false},"author":2,"featured_media":61041,"comment_status":"","ping_status":"","sticky":false,"template":"","format":"standard","meta":{"footnotes":""},"categories":[268],"tags":[16753,3965,16752,168,25,24,285,6077,280,282,1044,25428,1239,1550,281,23,167,25429],"class_list":{"0":"post-61040","1":"post","2":"type-post","3":"status-publish","4":"format-standard","5":"has-post-thumbnail","7":"category-futbol","8":"tag-albinegro","9":"tag-castellon","10":"tag-cd-castellon","11":"tag-deportes","12":"tag-es","13":"tag-espana","14":"tag-fichajes","15":"tag-filial","16":"tag-football","17":"tag-futbol","18":"tag-liga","19":"tag-lottin","20":"tag-mercado","21":"tag-rfef","22":"tag-soccer","23":"tag-spain","24":"tag-sports","25":"tag-traore"},"share_on_mastodon":{"url":"","error":""},"_links":{"self":[{"href":"https:\/\/www.europesays.com\/es\/wp-json\/wp\/v2\/posts\/61040","targetHints":{"allow":["GET"]}}],"collection":[{"href":"https:\/\/www.europesays.com\/es\/wp-json\/wp\/v2\/posts"}],"about":[{"href":"https:\/\/www.europesays.com\/es\/wp-json\/wp\/v2\/types\/post"}],"author":[{"embeddable":true,"href":"https:\/\/www.europesays.com\/es\/wp-json\/wp\/v2\/users\/2"}],"replies":[{"embeddable":true,"href":"https:\/\/www.europesays.com\/es\/wp-json\/wp\/v2\/comments?post=61040"}],"version-history":[{"count":0,"href":"https:\/\/www.europesays.com\/es\/wp-json\/wp\/v2\/posts\/61040\/revisions"}],"wp:featuredmedia":[{"embeddable":true,"href":"https:\/\/www.europesays.com\/es\/wp-json\/wp\/v2\/media\/61041"}],"wp:attachment":[{"href":"https:\/\/www.europesays.com\/es\/wp-json\/wp\/v2\/media?parent=61040"}],"wp:term":[{"taxonomy":"category","embeddable":true,"href":"https:\/\/www.europesays.com\/es\/wp-json\/wp\/v2\/categories?post=61040"},{"taxonomy":"post_tag","embeddable":true,"href":"https:\/\/www.europesays.com\/es\/wp-json\/wp\/v2\/tags?post=61040"}],"curies":[{"name":"wp","href":"https:\/\/api.w.org\/{rel}","templated":true}]}}