{"id":61044,"date":"2025-08-20T21:31:14","date_gmt":"2025-08-20T21:31:14","guid":{"rendered":"https:\/\/www.europesays.com\/es\/61044\/"},"modified":"2025-08-20T21:31:14","modified_gmt":"2025-08-20T21:31:14","slug":"jose-carlos-ortiz-inaugura-su-exposicion-el-realismo-desde-las-entranas","status":"publish","type":"post","link":"https:\/\/www.europesays.com\/es\/61044\/","title":{"rendered":"Jos\u00e9 Carlos Ortiz inaugura su exposici\u00f3n \u201cEl realismo desde las entra\u00f1as\u201d"},"content":{"rendered":"<p>&#8211; Publicidad &#8211;<br \/>\n      <a href=\"http:\/\/www.kiele.es\/\" target=\"_blank\" rel=\"nofollow noopener\"> <img decoding=\"async\" src=\" https:\/\/infosocuellamos.com\/wp-content\/uploads\/2024\/11\/KIELE-01.gif\" alt=\"\"\/> <\/a><\/p>\n<p><\/p>\n<p>El pr\u00f3ximo <strong>jueves 21 de agosto a las 21:00 horas<\/strong> tendr\u00e1 lugar la inauguraci\u00f3n de la exposici\u00f3n \u201cEl realismo desde las entra\u00f1as\u201d del pintor <strong>Jos\u00e9 Carlos Ortiz<\/strong> en el <strong>Centro de Arte Carmen Arias<\/strong> de Socu\u00e9llamos (Ciudad Real).<\/p>\n<p>La muestra estar\u00e1 abierta al p\u00fablico <strong>del 21 de agosto al 8 de septiembre<\/strong>, en horario de <strong>martes a domingo de 20:00 a 22:00 horas<\/strong>, ofreciendo a los visitantes una oportunidad \u00fanica para adentrarse en el minucioso realismo de la obra del artista.<\/p>\n<p>      <a href=\"https:\/\/infosocuellamos.com\/guia-comercial\/\" target=\"_blank\" rel=\"nofollow noopener\"> <img decoding=\"async\" src=\"https:\/\/www.europesays.com\/es\/wp-content\/uploads\/2025\/08\/JESUS-PARRA-banner-ventanas.gif\" alt=\"\"\/> <\/a><\/p>\n<p><\/p>\n<p>Como parte de la programaci\u00f3n, se han organizado <strong>visitas guiadas<\/strong> los <strong>jueves y domingos a las 20:00 horas<\/strong>, para conocer de cerca el proceso creativo y los detalles que caracterizan el trabajo de Ortiz.<\/p>\n<p>El evento, organizado con la colaboraci\u00f3n del Ayuntamiento de Socu\u00e9llamos, ser\u00e1 una oportunidad de disfrutar de la obra de este gran artista socuellamino.<\/p>\n<p>Jos\u00e9 Carlos Ortiz, se autodefine como pintor <strong>autodidacta<\/strong>, dibujante, muralista y dise\u00f1ador, aunque ha sido reconocido a nivel acad\u00e9mico: es <strong>Acad\u00e9mico de Honor en Bellas Artes<\/strong>, recibi\u00f3 el <strong>Gran Collar de Donatello<\/strong> por la Academia \u00abIl Marzocco\u00bb en Florencia en 2003 y es miembro de prestigiosas instituciones art\u00edsticas como la <strong>Academia de las Artes de Francia<\/strong>, la <strong>Academia de las Artes de Brasil (ANAP)<\/strong>, y la <strong>Federaci\u00f3n Internacional de Artistas Pl\u00e1sticos (ACEA&#8217;s)<\/strong> con sede en Barcelona.<\/p>\n<p>Su obra abarca una gran diversidad t\u00e9cnica: <strong>\u00f3leo, acr\u00edlico, t\u00e9cnica mixta, dibujos con bol\u00edgrafo sin boceto previo<\/strong>, e incluso ilustraciones, murales y dise\u00f1o gr\u00e1fico. Los temas se inspiran en la luz, sus vivencias en La Mancha, Menorca o el Cuerno de \u00c1frica, as\u00ed como en momentos creativos espont\u00e1neos a los que \u00e9l mismo llama \u201cdivertimentos\u201d.<\/p>\n<p>Es autor de obras que reflejan una b\u00fasqueda de luz continua, y confiesa sentirse guiado por pintores a quienes admira, como <strong>Antonio L\u00f3pez<\/strong>, <strong>Andr\u00e9s Garc\u00eda Ib\u00e1\u00f1ez<\/strong> y <strong>Rafael Rodr\u00edguez Carrasco<\/strong> (este \u00faltimo tambi\u00e9n su maestro).<\/p>\n<p>Ha sido distinguido con numerosos premios, entre ellos el <strong>Premio Remo Brindisi<\/strong> (Italia), la <strong>Medalla de Plata<\/strong> de la Academia de Arte de Brasil, la <strong>Medaille d\u2019Argent<\/strong> en B\u00e9ziers (Francia), y el <strong>Prix Conectarte<\/strong> de C\u00f3rdoba.<\/p>\n<p><img fetchpriority=\"high\" decoding=\"async\" width=\"640\" height=\"900\" src=\"https:\/\/www.europesays.com\/es\/wp-content\/uploads\/2025\/08\/CARTEL-4.jpg\" alt=\"\" class=\"wp-image-95836\"  \/><\/p>\n<p><img loading=\"lazy\" decoding=\"async\" width=\"1200\" height=\"350\" src=\"https:\/\/www.europesays.com\/es\/wp-content\/uploads\/2025\/08\/CARRUSEL-04.gif\" alt=\"\" class=\"wp-image-78411\"  \/><br \/>\n&#8211; Publicidad &#8211;<a href=\"https:\/\/www.facebook.com\/centroauditivomariajosecarrasco\" target=\"_blank\" rel=\"nofollow noopener\"><img decoding=\"async\" src=\"https:\/\/www.europesays.com\/es\/wp-content\/uploads\/2025\/08\/1755725474_599_MARIA-JOSE-CARRASCO.gif\" alt=\"\"\/> <\/a> <\/p>\n","protected":false},"excerpt":{"rendered":"&#8211; Publicidad &#8211; El pr\u00f3ximo jueves 21 de agosto a las 21:00 horas tendr\u00e1 lugar la inauguraci\u00f3n de&hellip;\n","protected":false},"author":2,"featured_media":61045,"comment_status":"","ping_status":"","sticky":false,"template":"","format":"standard","meta":{"footnotes":""},"categories":[173],"tags":[229,233,231,230,232,234,146,147,25,24,23],"class_list":{"0":"post-61044","1":"post","2":"type-post","3":"status-publish","4":"format-standard","5":"has-post-thumbnail","7":"category-arte-y-diseno","8":"tag-arte","9":"tag-arte-y-diseno","10":"tag-arts","11":"tag-arts-and-design","12":"tag-design","13":"tag-diseno","14":"tag-entertainment","15":"tag-entretenimiento","16":"tag-es","17":"tag-espana","18":"tag-spain"},"share_on_mastodon":{"url":"","error":""},"_links":{"self":[{"href":"https:\/\/www.europesays.com\/es\/wp-json\/wp\/v2\/posts\/61044","targetHints":{"allow":["GET"]}}],"collection":[{"href":"https:\/\/www.europesays.com\/es\/wp-json\/wp\/v2\/posts"}],"about":[{"href":"https:\/\/www.europesays.com\/es\/wp-json\/wp\/v2\/types\/post"}],"author":[{"embeddable":true,"href":"https:\/\/www.europesays.com\/es\/wp-json\/wp\/v2\/users\/2"}],"replies":[{"embeddable":true,"href":"https:\/\/www.europesays.com\/es\/wp-json\/wp\/v2\/comments?post=61044"}],"version-history":[{"count":0,"href":"https:\/\/www.europesays.com\/es\/wp-json\/wp\/v2\/posts\/61044\/revisions"}],"wp:featuredmedia":[{"embeddable":true,"href":"https:\/\/www.europesays.com\/es\/wp-json\/wp\/v2\/media\/61045"}],"wp:attachment":[{"href":"https:\/\/www.europesays.com\/es\/wp-json\/wp\/v2\/media?parent=61044"}],"wp:term":[{"taxonomy":"category","embeddable":true,"href":"https:\/\/www.europesays.com\/es\/wp-json\/wp\/v2\/categories?post=61044"},{"taxonomy":"post_tag","embeddable":true,"href":"https:\/\/www.europesays.com\/es\/wp-json\/wp\/v2\/tags?post=61044"}],"curies":[{"name":"wp","href":"https:\/\/api.w.org\/{rel}","templated":true}]}}