{"id":610570,"date":"2026-06-17T02:28:16","date_gmt":"2026-06-17T02:28:16","guid":{"rendered":"https:\/\/www.europesays.com\/es\/610570\/"},"modified":"2026-06-17T02:28:16","modified_gmt":"2026-06-17T02:28:16","slug":"irene-montero-cantando-el-cumpleanos-feliz-a-trump-va-a-ser-lo-mas-comentado-del-dia-del-mes-y-del-ano","status":"publish","type":"post","link":"https:\/\/www.europesays.com\/es\/610570\/","title":{"rendered":"Irene Montero cantando el cumplea\u00f1os feliz a Trump va a ser lo m\u00e1s comentado del d\u00eda, del mes y del a\u00f1o"},"content":{"rendered":"<p>Irene Montero ha publicado un v\u00eddeo en redes sociales que <a href=\"https:\/\/www.huffingtonpost.es\/virales\/irene-montero-ningun-problema-decir-piensa-florentino-perez-resume-dos-palabras-f202605.html\" rel=\"nofollow noopener\" target=\"_blank\">no est\u00e1 dejando indiferente a nadie tanto de dentro como de fuera de la pol\u00edtica<\/a>. La diputada de Unidas Podemos en el Parlamento Europeo <b>le ha cantado en ingl\u00e9s el cumplea\u00f1os feliz al presidente de los Estados Unidos, Donald Trump.\u00a0<\/b><\/p>\n<p>\u00abSe\u00f1or\u00edas, qu\u00e9 celebra Europa porque Ir\u00e1n est\u00e1 celebrando que ha ganado y Donald Trump, como no puede celebrar que ha ganado, celebra su 80 cumplea\u00f1os mont\u00e1ndose su propio imperio romano <b>poniendo a sus gladiadores a romperse la cara como se la han roto a Topuria\u00bb<\/b>, ha dicho Montero.\u00a0<\/p>\n<p>Una frase en referencia a la competici\u00f3n <a href=\"https:\/\/www.huffingtonpost.es\/virales\/topuria-presenta-trump-velada-ufc-casa-blanca-deja-frase-sobre-presidente-esta-dando-vuelta-mundo-f202605.html\" rel=\"nofollow noopener\" target=\"_blank\">que Trump mont\u00f3 en los jardines de la Casa Blanca<\/a> y que se sald\u00f3 con la <b>primera derrota del hispanogeorgiano Ilia Topuria<\/b>, que qued\u00f3 desfigurado tras su pelea contra\u00a0Justin Gaethje.\u00a0<\/p>\n<p>Un evento que, tal y como ha sabido ahora, <a href=\"https:\/\/www.huffingtonpost.es\/global\/intento-atentado-drones-casa-blanca-fbi-detiene-cinco-terroristas-querian-atacar-evento-ufc-rpc-f202606.html\" rel=\"nofollow noopener\" target=\"_blank\">estuvo al borde del atentado<\/a>.\u00a0El FBI ha detenido por el momento a cinco personas e investiga una trama en la que estar\u00eda involucrada m\u00e1s de una veintena de sospechosos de pretender atentar contra el evento de la UFC que se celebr\u00f3 en los jardines de la Casa Blanca el pasado domingo y que tanto ha dado que hablar, sobre todo por los comentarios que all\u00ed se dijeron.\u00a0<\/p>\n<p>Ha proseguido Irene Montero preguntando de nuevo qu\u00e9 celebra Europa: \u00ab\u00bfPodemos celebrar que hemos impedido un genocidio, que hemos parado una agresi\u00f3n ilegal de Estados Unidos e Israel contra Ir\u00e1n? <b>\u00bfPodemos celebrar que hemos roto relaciones con Israel, que hemos parado la ocupaci\u00f3n del L\u00edbano?\u00bb.\u00a0<\/b><\/p>\n<p>Como no se puede festejar nada de esto, Irene Montero se ha lanzado a comentar lo \u00fanico que, seg\u00fan ella, puede celebrar Europa: el cumplea\u00f1os de Donald Trump. Por ello se ha dirigido directamente a Kaja Kallas,\u00a0Vicepresidenta de la Comisi\u00f3n Europea, para cantarle a la cara el cumplea\u00f1os feliz a Donald Trump.\u00a0<\/p>\n","protected":false},"excerpt":{"rendered":"Irene Montero ha publicado un v\u00eddeo en redes sociales que no est\u00e1 dejando indiferente a nadie tanto de&hellip;\n","protected":false},"author":2,"featured_media":610571,"comment_status":"","ping_status":"","sticky":false,"template":"","format":"standard","meta":{"footnotes":""},"categories":[42],"tags":[17,18,352,13,14,11,61,62,63,64,29823,19,20,9,10,15,16,12,21,22,65,66,67],"class_list":["post-610570","post","type-post","status-publish","format-standard","has-post-thumbnail","category-internacional","tag-breaking-news","tag-breakingnews","tag-donald-trump","tag-featured-news","tag-featurednews","tag-headlines","tag-internacional","tag-international","tag-international-news","tag-internationalnews","tag-irene-montero","tag-latest-news","tag-latestnews","tag-news","tag-noticias","tag-noticias-destacadas","tag-noticiasdestacadas","tag-titulares","tag-ultimas-noticias","tag-ultimasnoticias","tag-world","tag-world-news","tag-worldnews"],"share_on_mastodon":{"url":"https:\/\/pubeurope.com\/@es\/116763092801492490","error":""},"_links":{"self":[{"href":"https:\/\/www.europesays.com\/es\/wp-json\/wp\/v2\/posts\/610570","targetHints":{"allow":["GET"]}}],"collection":[{"href":"https:\/\/www.europesays.com\/es\/wp-json\/wp\/v2\/posts"}],"about":[{"href":"https:\/\/www.europesays.com\/es\/wp-json\/wp\/v2\/types\/post"}],"author":[{"embeddable":true,"href":"https:\/\/www.europesays.com\/es\/wp-json\/wp\/v2\/users\/2"}],"replies":[{"embeddable":true,"href":"https:\/\/www.europesays.com\/es\/wp-json\/wp\/v2\/comments?post=610570"}],"version-history":[{"count":0,"href":"https:\/\/www.europesays.com\/es\/wp-json\/wp\/v2\/posts\/610570\/revisions"}],"wp:featuredmedia":[{"embeddable":true,"href":"https:\/\/www.europesays.com\/es\/wp-json\/wp\/v2\/media\/610571"}],"wp:attachment":[{"href":"https:\/\/www.europesays.com\/es\/wp-json\/wp\/v2\/media?parent=610570"}],"wp:term":[{"taxonomy":"category","embeddable":true,"href":"https:\/\/www.europesays.com\/es\/wp-json\/wp\/v2\/categories?post=610570"},{"taxonomy":"post_tag","embeddable":true,"href":"https:\/\/www.europesays.com\/es\/wp-json\/wp\/v2\/tags?post=610570"}],"curies":[{"name":"wp","href":"https:\/\/api.w.org\/{rel}","templated":true}]}}