{"id":6106,"date":"2025-07-27T03:07:16","date_gmt":"2025-07-27T03:07:16","guid":{"rendered":"https:\/\/www.europesays.com\/es\/6106\/"},"modified":"2025-07-27T03:07:16","modified_gmt":"2025-07-27T03:07:16","slug":"jessica-bueno-explica-el-motivo-por-el-que-vuelve-a-supervivientes","status":"publish","type":"post","link":"https:\/\/www.europesays.com\/es\/6106\/","title":{"rendered":"Jessica Bueno explica el motivo por el que vuelve a &#8216;Supervivientes&#8217;"},"content":{"rendered":"<p class=\"v-mdl-ath__p v-mdl-ath__p--6\">\nS\u00e1bado, 26 de julio 2025, 11:53<\/p>\n<p class=\"v-p\">Jessica Bueno volver\u00e1 a sumergirse en Honduras en el mundo de los realities. La modelo sevillana, afincada durante a\u00f1os en Bizkaia, <a href=\"https:\/\/www.elcorreo.com\/culturas\/tv\/jessica-bueno-regresara-supervivientes-edicion-all-stars-20250722203021-nt.html\" target=\"_self\" data-voc-vtm-id=\"in-text-traffic\" title=\"participar\u00e1 en &#039;Supervivientes&#039;, en la modalidad especial &#039;All Stars&#039; que reunir\u00e1 a algunos de los mejores concursantes de todas las ediciones\" data-mrf-link=\"www.elcorreo.com\" rel=\"nofollow noopener\">participar\u00e1 en &#8216;Supervivientes&#8217;, en la modalidad especial &#8216;All Stars&#8217; que reunir\u00e1 a algunos de los mejores concursantes de todas las ediciones<\/a>. La ex de Kiko Rivera y Jota Peleteiro es el primer nombre confirmado oficialmente por Mediaset. <\/p>\n<p class=\"v-p\">Su presencia en la isla fue desvelada en &#8216;\u00a1De viernes!&#8217;. All\u00ed explic\u00f3 los motivos (m\u00e1s all\u00e1 de los econ\u00f3micos) que le han animado a embarcarse en la aventura. Tambi\u00e9n lo hizo poco despu\u00e9s a trav\u00e9s de sus redes sociales. \u00abVuelvo a  muchos a\u00f1os despu\u00e9s de mi primera participaci\u00f3n siendo ahora una mujer m\u00e1s madura, una madre de tres hijos, que son mi motor y la raz\u00f3n principal por la que vuelvo: demostrarles que soy capaz de cualquier cosa por ellos, pero tambi\u00e9n por m\u00ed misma\u00bb, adelantaba.<\/p>\n<p class=\"v-p\">Para Bueno \u00abesta aventura es un enorme desaf\u00edo personal\u00bb. \u00abA lo largo de mi vida me he enfrentado a muchos obst\u00e1culos, y detr\u00e1s de mi imagen p\u00fablica hay una mujer que se ha levantado muchas veces, volvi\u00e9ndome m\u00e1s luchadora y segura\u00bb. La modelo asegura estar \u00ablista\u00bb para tratar de \u00abmejorar su participaci\u00f3n anterior, crecer como persona, dejando la comodidad del d\u00eda a d\u00eda por la supervivencia m\u00e1s pura y salvaje\u00bb. \u00abEstoy lista para vivir esta experiencia al l\u00edmite, mostrar una versi\u00f3n de m\u00ed que va m\u00e1s all\u00e1 de una pantalla, que esta aventura sea un punto de inflexi\u00f3n en mi vida y en la percepci\u00f3n que se tiene de m\u00ed y por supuesto vengo a luchar para llegar hasta el final\u00bb, terminaba.<\/p>\n<p class=\"v-p\">En su primera participaci\u00f3n en 2011 qued\u00f3 sexta (se embols\u00f3 200.000 euros) y pas\u00f3 casi 80 d\u00edas en los Cayos Cochinos. Lo que parece algo m\u00e1s calmada es su guerra abierta con Jota Peleteiro. La modelo ha explicado que actualmente paga la pensi\u00f3n alimenticia de sus hijos, algo que hace unos meses denunci\u00f3 que no hac\u00eda, y que hay un juicio pendiente para acordar cu\u00e1nto debe pagar el exfutbolista por el cuidado de sus dos hijos en com\u00fan. El tercero, el m\u00e1s mayor, es fruto de su relaci\u00f3n con Kiko Rivera. \u00abSi \u00e9l (por Jota) se puede mudar a Sevilla, ning\u00fan problema\u00bb, coment\u00f3 sobre el cuidado de los peque\u00f1os durante su estancia en el concurso. <\/p>\n<p class=\"v-p\">La lista completa de concursantes ya se ha filtrado en algunos medios especializados. Al parecer, a Bueno le acompa\u00f1ar\u00e1n otros famosos como Gloria Camila, Fani Carbajo, Elena Rodr\u00edguez, Sonia Monroy, Tony Spina, Iv\u00e1n Gonz\u00e1lez, Miri P\u00e9rez, Noel Bayarri, Rub\u00e9n Torres, Carlos Alba, Alejandro Albal\u00e1 o Kike Calleja. <\/p>\n<p>Comenta<\/p>\n<p>Reporta un error<\/p>\n","protected":false},"excerpt":{"rendered":"S\u00e1bado, 26 de julio 2025, 11:53 Jessica Bueno volver\u00e1 a sumergirse en Honduras en el mundo de los&hellip;\n","protected":false},"author":2,"featured_media":6107,"comment_status":"","ping_status":"","sticky":false,"template":"","format":"standard","meta":{"footnotes":""},"categories":[171],"tags":[5133,146,147,25,24,5134,5132,5135,23,3947,214,739],"class_list":{"0":"post-6106","1":"post","2":"type-post","3":"status-publish","4":"format-standard","5":"has-post-thumbnail","7":"category-tv","8":"tag-bueno","9":"tag-entertainment","10":"tag-entretenimiento","11":"tag-es","12":"tag-espana","13":"tag-explica","14":"tag-jessica","15":"tag-motivo","16":"tag-spain","17":"tag-supervivientes","18":"tag-tv","19":"tag-vuelve"},"share_on_mastodon":{"url":"","error":""},"_links":{"self":[{"href":"https:\/\/www.europesays.com\/es\/wp-json\/wp\/v2\/posts\/6106","targetHints":{"allow":["GET"]}}],"collection":[{"href":"https:\/\/www.europesays.com\/es\/wp-json\/wp\/v2\/posts"}],"about":[{"href":"https:\/\/www.europesays.com\/es\/wp-json\/wp\/v2\/types\/post"}],"author":[{"embeddable":true,"href":"https:\/\/www.europesays.com\/es\/wp-json\/wp\/v2\/users\/2"}],"replies":[{"embeddable":true,"href":"https:\/\/www.europesays.com\/es\/wp-json\/wp\/v2\/comments?post=6106"}],"version-history":[{"count":0,"href":"https:\/\/www.europesays.com\/es\/wp-json\/wp\/v2\/posts\/6106\/revisions"}],"wp:featuredmedia":[{"embeddable":true,"href":"https:\/\/www.europesays.com\/es\/wp-json\/wp\/v2\/media\/6107"}],"wp:attachment":[{"href":"https:\/\/www.europesays.com\/es\/wp-json\/wp\/v2\/media?parent=6106"}],"wp:term":[{"taxonomy":"category","embeddable":true,"href":"https:\/\/www.europesays.com\/es\/wp-json\/wp\/v2\/categories?post=6106"},{"taxonomy":"post_tag","embeddable":true,"href":"https:\/\/www.europesays.com\/es\/wp-json\/wp\/v2\/tags?post=6106"}],"curies":[{"name":"wp","href":"https:\/\/api.w.org\/{rel}","templated":true}]}}