{"id":61062,"date":"2025-08-20T21:42:04","date_gmt":"2025-08-20T21:42:04","guid":{"rendered":"https:\/\/www.europesays.com\/es\/61062\/"},"modified":"2025-08-20T21:42:04","modified_gmt":"2025-08-20T21:42:04","slug":"lo-que-estamos-viendo-hoy-son-sesenta-anos-de-abandono-rural","status":"publish","type":"post","link":"https:\/\/www.europesays.com\/es\/61062\/","title":{"rendered":"\u00abLo que estamos viendo hoy son sesenta a\u00f1os de abandono rural\u00bb"},"content":{"rendered":"<p style=\"\">Javier Madrigal contempla impotente un <a href=\"https:\/\/www.abc.es\/sociedad\/mapa-incendios-espana-20250818141207-nt.html\" target=\"_self\" data-voc-vtm-id=\"in-text-traffic\" title=\"fuego sin control\" data-mrf-link=\"www.abc.es\" rel=\"nofollow noopener\">fuego sin control<\/a> que devora decenas de miles de hect\u00e1reas en el noroeste de Espa\u00f1a. Pero, a diferencia de la mayor\u00eda, \u00e9l lo hace ya sin sorpresa, con la mirada del experto que se ha cansado de avisar lo  &#8230; que estaba por llegar. Sus avisos llegan en sus publicaciones cient\u00edficas, a trav\u00e9s de su blog FuegoLab y tambi\u00e9n desde la <a href=\"https:\/\/www.oficinac.es\/es\" target=\"_self\" data-voc-vtm-id=\"in-text-traffic\" title=\"Oficina de Ciencia y Tecnolog\u00eda\" data-mrf-link=\"www.oficinac.es\" rel=\"nofollow noopener\">Oficina de Ciencia y Tecnolog\u00eda<\/a> que asesora al Congreso de los Diputados. Dice que lo que est\u00e1 ocurriendo este verano es \u00abextraordinario\u00bb y confirma lo que otros cient\u00edficos e ingenieros de Montes como \u00e9l pronosticaron hace veinte a\u00f1os.<\/p>\n<p class=\"voc-p\" style=\"\"><strong>\u2014Todos los a\u00f1os el monte se quema, \u00bfpor qu\u00e9 este a\u00f1o la situaci\u00f3n es extraordinaria?<\/strong><\/p>\n<p class=\"voc-p\" style=\"\">\u2014Por la simultaneidad de los fuegos. Tenemos grandes incendios al mismo tiempo con comportamientos muy complicados por el viento y que, adem\u00e1s, est\u00e1n cerca de poblaciones. El manejo de este tipo de emergencias es muy complicado. Esta situaci\u00f3n desborda a los sistemas de extinci\u00f3n y es casi imposible atender a todos los afectados. <\/p>\n<p class=\"voc-p\" style=\"\"><strong>\u2014El invierno pasado termin\u00f3 una sequ\u00eda larga que dej\u00f3 los \u00e1rboles secos. Despu\u00e9s tuvimos una primavera muy lluviosa que trajo una vegetaci\u00f3n que ahora se ha convertido en el mejor combustible. \u00bfNadie podr\u00eda prever lo que pod\u00eda ocurrir este verano?<\/strong><\/p>\n<p class=\"voc-p\" style=\"\">\u2014Esto no es un problema de uno o dos a\u00f1os atr\u00e1s. El problema empez\u00f3 en los a\u00f1os 60-70 del pasado siglo y se agrav\u00f3 con la migraci\u00f3n a las ciudades. Aunque este a\u00f1o se hubiera limpiado el exceso de vegetaci\u00f3n de la primavera, no podr\u00edamos haber evitado lo que est\u00e1 ocurriendo. La respuesta est\u00e1 en hacer una planificaci\u00f3n a largo plazo. Lo que estamos viendo hoy es la consecuencia de sesenta a\u00f1os de abandono del mundo rural.<\/p>\n<p class=\"voc-p\" style=\"\"><strong>\u2014Tenemos menos incendios, \u00bfpero son m\u00e1s tr\u00e1gicos?<\/strong><\/p>\n<p class=\"voc-p\" style=\"\">\u2014Hemos pasado de tener, a finales del siglo XX, 30 o 40.000 incendios al a\u00f1o y ahora estamos en torno a 8-10.000 fuegos anuales. Como hay menos gente en las zonas rurales, tambi\u00e9n hay menos negligencias. Parad\u00f3jicamente, al haber menos focos, se acumula combustible en la siguiente campa\u00f1a y en la siguiente y eso hace que en campa\u00f1as como esta, donde se re\u00fanen las peores condiciones con mucho combustible vegetal y mala meteorolog\u00eda, asistamos a estos grandes fuegos. Lo que estamos viendo no es ni ser\u00e1 un problema de las zonas rurales. Este a\u00f1o hemos visto el incendio de Tres Cantos, en Madrid, a las puertas de una gran urbe y hace a\u00f1os en Vigo, donde ca\u00edan las pavesas directamente sobre la ciudad. Son advertencias de que los nuevos fuegos tambi\u00e9n pueden llegar a las ciudades.<\/p>\n<p class=\"voc-p\" style=\"\"><strong>\u2014\u00bfNos enfrentamos a incendios de sexta generaci\u00f3n?<\/strong><\/p>\n<p class=\"voc-p\" style=\"\">\u2014Bueno, ah\u00ed hay discusi\u00f3n entre autores. Este concepto se ha popularizado para definir aquellos incendios que est\u00e1n fuera de la capacidad de extinci\u00f3n y generan su propia meteorolog\u00eda. Lo que estamos viendo este a\u00f1o entrar\u00eda m\u00e1s en la categor\u00eda de cuarta y quinta generaci\u00f3n con muchos incendios activos al mismo tiempo, cercanos a poblaciones. <\/p>\n<p class=\"voc-p\" style=\"\"><strong>\u2014Los pol\u00edticos, los vecinos afectados est\u00e1n pidiendo m\u00e1s medios de extinci\u00f3n, m\u00e1s brigadas profesionalizadas, \u00bfson necesarios?<\/strong><\/p>\n<p class=\"voc-p\" style=\"\">\u2014Un aumento del contingente no traer\u00eda una mejora importante. La situaci\u00f3n actual es fruto de unas circunstancias extraordinarias, no porque haya pocos medios. Es l\u00f3gico que se reivindique una mayor profesionalizaci\u00f3n de los bomberos forestales y m\u00e1s en esta situaci\u00f3n de calentamiento global. Lo que mejorar\u00eda nuestra situaci\u00f3n ser\u00eda una apuesta pol\u00edtica seria por la gesti\u00f3n de nuestras zonas forestales con cambios socioecon\u00f3micos fuertes y a largo plazo. Son medidas pol\u00edticas muy valientes y que no se asumen. Actuar sobre el territorio, no actuar solamente sobre los medios de extinci\u00f3n, eso s\u00ed ser\u00eda prevenci\u00f3n real. \u00bfEso quiere decir que tendr\u00edamos que olvidarnos de los medios? No, pero ser\u00eda mucho mejor mantener los que tenemos y mejorar su formaci\u00f3n y situaci\u00f3n laboral.<\/p>\n<p class=\"voc-title\">\u00abSi no hay nadie viviendo en el monte, no sirven de nada las medidas que se propongan\u00bb<\/p>\n<p class=\"voc-p\" style=\"\"><strong>\u2014C\u00edteme alguna de esas medidas valientes que no se est\u00e1n tomando a nivel pol\u00edtico.<\/strong><\/p>\n<p class=\"voc-p\" style=\"\">\u2014Tenemos un ministerio de Reto Demogr\u00e1fico, pero ese reto a\u00fan no se ha afrontado. Por mucho que propongamos medidas eficaces como favorecer el pastoreo o las explotaciones forestales si no hay nadie viviendo en el monte o en los pueblos no sirve de nada. Necesitamos zonas rurales con mejores medios de transporte, colegios y servicio m\u00e9dico para atraer poblaci\u00f3n. Debemos eliminar el estigma de trabajar en el campo que es algo tan digno y valioso como vivir en la ciudad. Eso no es f\u00e1cil, ni se puede conseguir a corto plazo. Ponerlo en marcha a nivel nacional implica un pacto de Estado.<\/p>\n<p><img decoding=\"async\" loading=\"lazy\" src=\"https:\/\/www.europesays.com\/es\/wp-content\/uploads\/2025\/08\/madrigal-U47116226313uTa-760x427@diario_abc.jpeg\" class=\"voc-img\" width=\"760\" height=\"427\" alt=\"Javier Madrigal, en su laboratorio\" data-voc-vtm-id=\"in-text-traffic\"\/><\/p>\n<p>Javier Madrigal, en su laboratorio<\/p>\n<p class=\"voc-p\" style=\"\"><strong>\u2014Si debemos convivir con el fuego, \u00bfc\u00f3mo podemos convertirlo en nuestro aliado?<\/strong><\/p>\n<p class=\"voc-p\" style=\"\">\u2014Eso es el concepto de fuego amigo, utilizarlo en nuestro beneficio. Es una de nuestras v\u00edas de trabajo: usarlo de manera controlada, planificada y orientada en \u00e9pocas en las que se puede hacer con seguridad para prevenir incendios fuera de control. El problema es que no es un mensaje f\u00e1cil de entender por parte de la poblaci\u00f3n. C\u00f3mo explicas que la administraci\u00f3n, en colaboraci\u00f3n con los propietarios privados, va a empezar a quemar montes de forma planificada.<\/p>\n<p class=\"voc-title\">\u00abHay ciencia y t\u00e9cnica que demuestra que quemar monte en invierno es seguro y puede prevenir incendios fuera de control como los que vivimos\u00bb<\/p>\n<p class=\"voc-p\" style=\"\"><strong>\u2014Hablamos de quemar el monte en invierno para que no se queme en verano, \u00bfno es muy radical?<\/strong><\/p>\n<p class=\"voc-p\" style=\"\">\u2014Hay ciencia y t\u00e9cnica que demuestra que esto se puede hacer con seguridad, y ahora lo que hace falta es una apuesta de las comunidades aut\u00f3nomas junto a otras medidas muy necesarias como el uso de la ganader\u00eda extensiva o limpiar el monte con tratamientos mec\u00e1nicos. Permitir\u00eda dar trabajo durante todo el a\u00f1o a los bomberos forestales.<\/p>\n<p class=\"voc-p\" style=\"\"><strong>\u2014\u00bfQu\u00e9 pa\u00eds es un ejemplo a seguir por su estrategia? Hay quien pone como ejemplo la gesti\u00f3n de Australia.<\/strong><\/p>\n<p class=\"voc-p\" style=\"\">\u2014Precisamente en el suroeste de Australia se est\u00e1n recurriendo al fuego t\u00e9cnico. Imitan las t\u00e1cticas de los abor\u00edgenes australianos de manera tecnificada y controlada. Siempre habr\u00e1 incendios, pero se evita que se generen de esta intensidad y que haya puntos de oportunidad para los medios de extinci\u00f3n, desde donde pueden trabajar con eficacia. Esto tambi\u00e9n favorece la regeneraci\u00f3n espont\u00e1nea de especies forestales sin tener que invertir en grandes repoblaciones. <\/p>\n<p class=\"voc-p\" style=\"\"><strong>\u2014Hay zonas donde estructuralmente siempre hay incendios en verano y otras como la provincia de Soria que parece protegida. \u00bfEsto no puede depender solo de la meteorolog\u00eda?<\/strong><\/p>\n<p class=\"voc-p\" style=\"\">\u2014No, claro, que no. El fuego es un problema socioecon\u00f3mico y cultural y estructural. Soria tiene varias circunstancias por las que no hay tantos incendios o cuando los hay no son tan dram\u00e1ticos. Es una provincia donde hay tradicionalmente explotaciones forestales, de madera, resinas o de setas. Sus poblaciones viven de esos recursos y hacen por cuidarlos. \u00bfEse modelo es v\u00e1lido en todas las provincias? No, cada una tiene su paisaje y paisanaje y debe buscar su camino. <\/p>\n<p class=\"voc-p\" style=\"\"><strong>\u2014No s\u00e9 si conoce la petici\u00f3n en la plataforma change.org donde se recogen firma estos d\u00edas para pedir la prisi\u00f3n permanente revisable para los incendiarios. \u00bfUsted la apoya?<\/strong><\/p>\n<p class=\"voc-p\" style=\"\">\u2014Personalmente, no. Ya de por s\u00ed las penas para quien provoque un incendio con la voluntad de hacer da\u00f1o son muy altas, pueden caer hasta 20 a\u00f1os. No podemos resolver problemas socioculturales con medidas policiales y judiciales.<\/p>\n","protected":false},"excerpt":{"rendered":"Javier Madrigal contempla impotente un fuego sin control que devora decenas de miles de hect\u00e1reas en el noroeste&hellip;\n","protected":false},"author":2,"featured_media":61063,"comment_status":"","ping_status":"","sticky":false,"template":"","format":"standard","meta":{"footnotes":""},"categories":[8],"tags":[9731,988,17,18,25,24,13,14,11,315,5264,19,20,25441,9,10,15,16,2241,25443,23,12,21,22,25442],"class_list":{"0":"post-61062","1":"post","2":"type-post","3":"status-publish","4":"format-standard","5":"has-post-thumbnail","7":"category-espana","8":"tag-abandono","9":"tag-anos","10":"tag-breaking-news","11":"tag-breakingnews","12":"tag-es","13":"tag-espana","14":"tag-featured-news","15":"tag-featurednews","16":"tag-headlines","17":"tag-hoy","18":"tag-javier","19":"tag-latest-news","20":"tag-latestnews","21":"tag-madrigal","22":"tag-news","23":"tag-noticias","24":"tag-noticias-destacadas","25":"tag-noticiasdestacadas","26":"tag-rural","27":"tag-sesenta","28":"tag-spain","29":"tag-titulares","30":"tag-ultimas-noticias","31":"tag-ultimasnoticias","32":"tag-viendo"},"share_on_mastodon":{"url":"","error":""},"_links":{"self":[{"href":"https:\/\/www.europesays.com\/es\/wp-json\/wp\/v2\/posts\/61062","targetHints":{"allow":["GET"]}}],"collection":[{"href":"https:\/\/www.europesays.com\/es\/wp-json\/wp\/v2\/posts"}],"about":[{"href":"https:\/\/www.europesays.com\/es\/wp-json\/wp\/v2\/types\/post"}],"author":[{"embeddable":true,"href":"https:\/\/www.europesays.com\/es\/wp-json\/wp\/v2\/users\/2"}],"replies":[{"embeddable":true,"href":"https:\/\/www.europesays.com\/es\/wp-json\/wp\/v2\/comments?post=61062"}],"version-history":[{"count":0,"href":"https:\/\/www.europesays.com\/es\/wp-json\/wp\/v2\/posts\/61062\/revisions"}],"wp:featuredmedia":[{"embeddable":true,"href":"https:\/\/www.europesays.com\/es\/wp-json\/wp\/v2\/media\/61063"}],"wp:attachment":[{"href":"https:\/\/www.europesays.com\/es\/wp-json\/wp\/v2\/media?parent=61062"}],"wp:term":[{"taxonomy":"category","embeddable":true,"href":"https:\/\/www.europesays.com\/es\/wp-json\/wp\/v2\/categories?post=61062"},{"taxonomy":"post_tag","embeddable":true,"href":"https:\/\/www.europesays.com\/es\/wp-json\/wp\/v2\/tags?post=61062"}],"curies":[{"name":"wp","href":"https:\/\/api.w.org\/{rel}","templated":true}]}}