{"id":610689,"date":"2026-06-17T04:24:34","date_gmt":"2026-06-17T04:24:34","guid":{"rendered":"https:\/\/www.europesays.com\/es\/610689\/"},"modified":"2026-06-17T04:24:34","modified_gmt":"2026-06-17T04:24:34","slug":"el-correcillas-y-rodillazo-saltan-a-la-gran-pantalla-con-el-documental-el-monte-del-marques","status":"publish","type":"post","link":"https:\/\/www.europesays.com\/es\/610689\/","title":{"rendered":"El Correcillas y Rodillazo saltan a la gran pantalla con el documental &#8216;El Monte del Marqu\u00e9s&#8217;"},"content":{"rendered":"<p style=\"\">El largometraje documental &#8216;El Monte del Marqu\u00e9s&#8217; dio su paso definitivo antes de terminar su postproducci\u00f3n y montaje en sala de edici\u00f3n en la Monta\u00f1a  &#8230; Central Leonesa, donde la productora leonesa Bambara Zinema y la Asociaci\u00f3n Cultural Faceira culminaron con \u00e9xito tres intensas jornadas de rodaje en las localidades de Correcillas y Rodillazo, capturando las \u00faltimas tomas pendientes y las secuencias que pondr\u00e1n el broche de oro a la pel\u00edcula.<\/p>\n<p class=\"v-d-p\" style=\"\">Durante el rodaje sumaron fuerzas grandes profesionales del sector audiovisual y del cine de Le\u00f3n, entremezcl\u00e1ndose de forma org\u00e1nica con los propios vecinos de estos dos pueblos de la Monta\u00f1a Central Leonesa.<\/p>\n<ul class=\"v-cmp-rld__u\">\n<li class=\"v-cmp-rld__l\">\n<p><a class=\"v-a-lnk\" href=\"http:\/\/www.leonoticias.com\/culturas\/cine\/leon-luces-camara-accion-series-peliculas-cortos-20260602081755-nt.html#vtm_modulosEngag=noticiasrelacionadas-cmp-uno:culturas:noticia:1\" title=\"En Le\u00f3n... luces, c\u00e1mara y acci\u00f3n: las series, pel\u00edculas y cortos que se han rodado en los \u00faltimos a\u00f1os\" data-voc-vtm-id=\"in-text-traffic\" rel=\"nofollow noopener\" target=\"_blank\"><br \/>\n<img decoding=\"async\" loading=\"lazy\" src=\"https:\/\/www.europesays.com\/es\/wp-content\/uploads\/2026\/06\/newspaint-1779814075198-1200x840-kZW--366x256@Leonoticias.jpg\" class=\"v-a-img\" width=\"258\" height=\"180\" alt=\"En Le\u00f3n... luces, c\u00e1mara y acci\u00f3n: las series, pel\u00edculas y cortos que se han rodado en los \u00faltimos a\u00f1os\"\/><br \/>\n<\/a><\/p>\n<\/li>\n<\/ul>\n<p class=\"v-d-p\" style=\"\">&#8216;El Monte del Marqu\u00e9s&#8217; narra la historia de uni\u00f3n vecinal en favor de la recuperaci\u00f3n del hist\u00f3rico camino que une Rodillazo y Correcillas, atravesando el Valle del Marqu\u00e9s bajo la sombra del Pico Polvoreda, un paso tradicional que hoy en d\u00eda est\u00e1 cerrado por vallas que impiden el tr\u00e1nsito. <\/p>\n<p>Momentos de la grabaci\u00f3n..<\/p>\n<p>(LN)<\/p>\n<p class=\"v-d-p\" style=\"\">El inter\u00e9s y la sensibilidad que despierta la causa quedaron patentes en la plataforma Platino Crowdfunding, donde el proyecto super\u00f3 en pocos d\u00edas su objetivo m\u00ednimo de financiaci\u00f3n. El equipo mantiene activa la campa\u00f1a para alcanzar el objetivo \u00f3ptimo, que permitir\u00e1 dotar a la pel\u00edcula de la m\u00e1xima calidad t\u00e9cnica en sonido color y creaci\u00f3n de banda sonora, asegurando que esta puesta en valor del patrimonio rural llegue lo m\u00e1s lejos posible.<\/p>\n","protected":false},"excerpt":{"rendered":"El largometraje documental &#8216;El Monte del Marqu\u00e9s&#8217; dio su paso definitivo antes de terminar su postproducci\u00f3n y montaje&hellip;\n","protected":false},"author":2,"featured_media":610690,"comment_status":"","ping_status":"","sticky":false,"template":"","format":"standard","meta":{"footnotes":""},"categories":[169],"tags":[177,114197,6084,146,147,25,24,176,3956,9087,12893,175,23155,114198,24783,23],"class_list":["post-610689","post","type-post","status-publish","format-standard","has-post-thumbnail","category-cine","tag-cine","tag-correcillas","tag-documental","tag-entertainment","tag-entretenimiento","tag-es","tag-espana","tag-film","tag-gran","tag-marques","tag-monte","tag-movies","tag-pantalla","tag-rodillazo","tag-saltan","tag-spain"],"share_on_mastodon":{"url":"https:\/\/pubeurope.com\/@es\/116763550319280405","error":""},"_links":{"self":[{"href":"https:\/\/www.europesays.com\/es\/wp-json\/wp\/v2\/posts\/610689","targetHints":{"allow":["GET"]}}],"collection":[{"href":"https:\/\/www.europesays.com\/es\/wp-json\/wp\/v2\/posts"}],"about":[{"href":"https:\/\/www.europesays.com\/es\/wp-json\/wp\/v2\/types\/post"}],"author":[{"embeddable":true,"href":"https:\/\/www.europesays.com\/es\/wp-json\/wp\/v2\/users\/2"}],"replies":[{"embeddable":true,"href":"https:\/\/www.europesays.com\/es\/wp-json\/wp\/v2\/comments?post=610689"}],"version-history":[{"count":0,"href":"https:\/\/www.europesays.com\/es\/wp-json\/wp\/v2\/posts\/610689\/revisions"}],"wp:featuredmedia":[{"embeddable":true,"href":"https:\/\/www.europesays.com\/es\/wp-json\/wp\/v2\/media\/610690"}],"wp:attachment":[{"href":"https:\/\/www.europesays.com\/es\/wp-json\/wp\/v2\/media?parent=610689"}],"wp:term":[{"taxonomy":"category","embeddable":true,"href":"https:\/\/www.europesays.com\/es\/wp-json\/wp\/v2\/categories?post=610689"},{"taxonomy":"post_tag","embeddable":true,"href":"https:\/\/www.europesays.com\/es\/wp-json\/wp\/v2\/tags?post=610689"}],"curies":[{"name":"wp","href":"https:\/\/api.w.org\/{rel}","templated":true}]}}