{"id":61074,"date":"2025-08-20T21:52:08","date_gmt":"2025-08-20T21:52:08","guid":{"rendered":"https:\/\/www.europesays.com\/es\/61074\/"},"modified":"2025-08-20T21:52:08","modified_gmt":"2025-08-20T21:52:08","slug":"yangel-herrera-clave-en-la-llegada-de-sadiq-a-mestalla","status":"publish","type":"post","link":"https:\/\/www.europesays.com\/es\/61074\/","title":{"rendered":"Yangel Herrera, clave en la llegada de Sadiq a Mestalla"},"content":{"rendered":"<p class=\"ft-text\">Sadiq es el hombre clave de la recta final de mercado en el <a class=\"ft-link ft-link--decoration\" href=\"https:\/\/www.superdeporte.es\/tags\/valencia-cf\/\" rel=\"nofollow noopener\" target=\"_blank\">Valencia CF<\/a>. El conjunto de Corber\u00e1n necesita otro atacante, el nigeriano quiere volver a <a class=\"ft-link ft-link--decoration\" href=\"https:\/\/www.superdeporte.es\/tags\/mestalla\/\" rel=\"nofollow noopener\" target=\"_blank\">Mestalla<\/a> y el t\u00e9cnico tambi\u00e9n aprieta para que \u00e9l sea el elegido. A partir de ah\u00ed <strong>la Real Sociedad juega su mercado y tiene claro que quiere dar salida a Sadiq<\/strong> en una operaci\u00f3n de venta y no de cesi\u00f3n. Y <strong>adem\u00e1s pretende usar al nueve como moneda de cambio y el nombre de Yangel Herrera ha entrado con fuerza en San Sebasti\u00e1n<\/strong>.<\/p>\n<p class=\"ft-text\"><a class=\"ft-link ft-link--decoration\" href=\"https:\/\/www.superdeporte.es\/valencia-cf\/2025\/08\/17\/regreso-sadiq-calienta-valencia-real-120699384.html\" rel=\"nofollow noopener\" target=\"_blank\">El cuadro txuri urdin quiere m\u00e1s futbolistas para la medular y de un perfil concreto: que muerdan<\/a>. Yangel tiene llegada, tiene talento y en asociaci\u00f3n ya ha demostrado que no desentona, pero sobre todo encaja porque<strong> la Real no tiene demasiados futbolistas de robo en el centro del campo y sobre todo con ese car\u00e1cter<\/strong>. Gorrotxategi es un jugador de gran talento, pivote y que cuando se recupere de las molestias deber\u00eda hacerse con un puesto fijo pero no es el perfil m\u00f3vil de Yangel. Tampoco Turrientes o Pablo Mar\u00edn y tanto Brais como Sucic son otro tipo de futbolista. Urko s\u00ed tiene capacidad para morder y asociarse, pero la Real quiere m\u00e1s jugadores en esa zona y Yangel encaja. Por eso, y ante la insistencia del Girona por Sadiq, el club donostiarra pretende abaratar el coste del venezolano con el nueve nigeriano.<\/p>\n<p>\u00bfEn qu\u00e9 punto est\u00e1 la operaci\u00f3n? <\/p>\n<p class=\"ft-text\">El Girona ya ha trasladado su intenci\u00f3n de comprar a Sadiq, pero el delantero ha dejado claro que no quiere moverse en direcci\u00f3n a Montilivi. No le convence el proyecto y prefiere Mestalla, donde se sinti\u00f3 c\u00f3modo y donde encaj\u00f3 a la perfecci\u00f3n. <strong>El Girona era uno de los equipos junto a Celta y Alav\u00e9s que han sido competencia este verano para el Valencia CF. Eso s\u00ed, el primero en hacer oferta negro sobre blanco fue el cuadro de Mestalla, que pidi\u00f3 una cesi\u00f3n con opci\u00f3n de compra<\/strong>. La Real Sociedad no acept\u00f3 pero <a class=\"ft-link ft-link--decoration\" href=\"https:\/\/www.superdeporte.es\/valencia-cf\/2025\/08\/15\/umar-sadiq-aceleron-fichaje-valencia-120653275.html\" rel=\"nofollow noopener\" target=\"_blank\">con el paso de las semanas esa alternativa pas\u00f3 de ser un imposible a una posibilidad<\/a>.<\/p>\n<p class=\"ft-text\">La Real Sociedad sigue prefiriendo la venta, pero la postura de Sadiq (en estos momentos y es algo que puede cambiar) es que Mestalla o nada. A falta de algo m\u00e1s de 10 d\u00edas para el cierre de mercado.<strong> En cualquier caso, con el paso de los d\u00edas eso puede cambiar tanto en el caso del nigeriano como del propio club donostiarra, que como es l\u00f3gico est\u00e1 jugando su mercado<\/strong>. Y, consciente de las peculiaridades de la ventana de transferencias, el club no descarta qued\u00e1rselo al tener dos dorsales libres, tal y como inform\u00f3 &#8216;El Diario Vasco&#8217;.<\/p>\n<p>Postura del Valencia CF <\/p>\n<p class=\"ft-text\">El Valencia tiene claro que Sadiq es el nueve elegido pero maneja alternativas. No apurar\u00e1 hasta el \u00faltimo d\u00eda, aunque tiene claro que a\u00fan hay margen. La oferta de cesi\u00f3n est\u00e1 sobre la mesa y en ese tira y afloja est\u00e1 por la labor de ceder en algo pero no en todo.<\/p>\n<p class=\"ft-text\"><strong>De momento pagar\u00eda toda la ficha, Sadiq pondr\u00eda de su parte y las diferencias est\u00e1n en estos momentos en el pago de la cesi\u00f3n y en la opci\u00f3n de compra<\/strong>. Sobre todo porque desde San Sebasti\u00e1n entienden que si el Valencia pag\u00f3 una cantidad alta por la cesi\u00f3n de media temporada ahora debe estar a la altura siendo una campa\u00f1a entera.<\/p>\n<p class=\"ft-text\">En definitiva, el mercado sigue su curso,<a class=\"ft-link ft-link--decoration\" href=\"https:\/\/www.superdeporte.es\/valencia-cf\/2025\/08\/13\/umar-sadiq-compra-club-nigeria-120603181.html\" rel=\"nofollow noopener\" target=\"_blank\"> el Valencia espera a Sadiq y todo apunta a que terminar\u00e1 en Mestalla gracias a la insistencia del nigeriano <\/a>y a que la Real Sociedad en todo momento ha sido un club con el que ha habido buena qu\u00edmica en la negociaci\u00f3n, m\u00e1s all\u00e1 incluso de no haber acuerdo. Por ese motivo, Sadiq no da la situaci\u00f3n por perdida y hace fuerza para aterrizar en Mestalla.<\/p>\n","protected":false},"excerpt":{"rendered":"Sadiq es el hombre clave de la recta final de mercado en el Valencia CF. El conjunto de&hellip;\n","protected":false},"author":2,"featured_media":53538,"comment_status":"","ping_status":"","sticky":false,"template":"","format":"standard","meta":{"footnotes":""},"categories":[268],"tags":[12554,168,13463,25,24,280,282,2140,5808,23081,7209,23444,281,23,167,5419,25444],"class_list":{"0":"post-61074","1":"post","2":"type-post","3":"status-publish","4":"format-standard","5":"has-post-thumbnail","7":"category-futbol","8":"tag-clave","9":"tag-deportes","10":"tag-el-valencia","11":"tag-es","12":"tag-espana","13":"tag-football","14":"tag-futbol","15":"tag-herrera","16":"tag-llegada","17":"tag-mestalla","18":"tag-real-sociedad","19":"tag-sadiq","20":"tag-soccer","21":"tag-spain","22":"tag-sports","23":"tag-valencia-cf","24":"tag-yangel"},"share_on_mastodon":{"url":"","error":""},"_links":{"self":[{"href":"https:\/\/www.europesays.com\/es\/wp-json\/wp\/v2\/posts\/61074","targetHints":{"allow":["GET"]}}],"collection":[{"href":"https:\/\/www.europesays.com\/es\/wp-json\/wp\/v2\/posts"}],"about":[{"href":"https:\/\/www.europesays.com\/es\/wp-json\/wp\/v2\/types\/post"}],"author":[{"embeddable":true,"href":"https:\/\/www.europesays.com\/es\/wp-json\/wp\/v2\/users\/2"}],"replies":[{"embeddable":true,"href":"https:\/\/www.europesays.com\/es\/wp-json\/wp\/v2\/comments?post=61074"}],"version-history":[{"count":0,"href":"https:\/\/www.europesays.com\/es\/wp-json\/wp\/v2\/posts\/61074\/revisions"}],"wp:featuredmedia":[{"embeddable":true,"href":"https:\/\/www.europesays.com\/es\/wp-json\/wp\/v2\/media\/53538"}],"wp:attachment":[{"href":"https:\/\/www.europesays.com\/es\/wp-json\/wp\/v2\/media?parent=61074"}],"wp:term":[{"taxonomy":"category","embeddable":true,"href":"https:\/\/www.europesays.com\/es\/wp-json\/wp\/v2\/categories?post=61074"},{"taxonomy":"post_tag","embeddable":true,"href":"https:\/\/www.europesays.com\/es\/wp-json\/wp\/v2\/tags?post=61074"}],"curies":[{"name":"wp","href":"https:\/\/api.w.org\/{rel}","templated":true}]}}