{"id":61077,"date":"2025-08-20T21:56:10","date_gmt":"2025-08-20T21:56:10","guid":{"rendered":"https:\/\/www.europesays.com\/es\/61077\/"},"modified":"2025-08-20T21:56:10","modified_gmt":"2025-08-20T21:56:10","slug":"renato-veiga-caso-cerrado-estadio-deportivo","status":"publish","type":"post","link":"https:\/\/www.europesays.com\/es\/61077\/","title":{"rendered":"Renato Veiga, caso cerrado &#8211; Estadio Deportivo"},"content":{"rendered":"<p class=\"parrafo\">El <strong><a href=\"https:\/\/www.estadiodeportivo.com\/futbol\/villarreal\/cobra-fuerza-opcion-etta-eyong-20250819-508367.html\" target=\"_blank\" class=\"intext-link\" rel=\"nofollow noopener\">Villarreal <\/a><\/strong>ya tiene un<strong> acuerdo cerrado <\/strong>con <strong>Renato Veiga<\/strong> para su traspaso en el presente mercado de <strong>fichajes<\/strong>. El conjunto de Marcelino, que ya tiene la <strong>decisi\u00f3n tomada<\/strong>, lo tiene todo apalabrado tambi\u00e9n con el <strong>Chelsea <\/strong>para la llegada del defensa portugu\u00e9s a La Cer\u00e1mica. Por ello, el jugador va a decir <strong>adi\u00f3s <\/strong>al actual campe\u00f3n del <strong>Mundial de Clubes <\/strong>tras su <strong>incorporaci\u00f3n <\/strong>el pasado a\u00f1o, donde ha recibido el duro palo de apenas contar con minutos, por lo que <strong>firm\u00f3 <\/strong>una <strong>contrataci\u00f3n<\/strong>, en calidad de cedido, con la <strong>Juventus <\/strong>para la pasada temporada. <\/p>\n<p><a class=\"elementos-rel-t2\" href=\"https:\/\/www.estadiodeportivo.com\/futbol\/villarreal\/cobra-fuerza-opcion-etta-eyong-20250819-508367.html\" title=\"Cobra fuerza la opci\u00f3n de Etta Eyong\" rel=\"nofollow noopener\" target=\"_blank\">Cobra fuerza la opci\u00f3n de Etta Eyong<img decoding=\"async\" src=\"https:\/\/www.europesays.com\/es\/wp-content\/uploads\/2025\/08\/32eb0a2f-2113-4da1-b77c-0d43a3998585_320x180.jpeg\" alt=\"Cobra fuerza la opci\u00f3n de Etta Eyong\"\/><\/a><a class=\"elementos-rel-t2\" href=\"https:\/\/www.estadiodeportivo.com\/futbol\/villarreal\/alarma-villarreal-con-entrenamiento-matutino-20250820-508548.html\" title=\"Alarma en Villarreal con el entrenamiento matutino\" rel=\"nofollow noopener\" target=\"_blank\">Alarma en Villarreal con el entrenamiento matutino<img decoding=\"async\" src=\"https:\/\/www.europesays.com\/es\/wp-content\/uploads\/2025\/08\/0d000055-423a-4bd2-83ab-4a3dbd70b2eb_320x180.jpeg\" alt=\"Alarma en Villarreal con el entrenamiento matutino\"\/><\/a><a class=\"elementos-rel-t2\" href=\"https:\/\/www.estadiodeportivo.com\/futbol\/villarreal\/aparece-otra-opcion-para-defensa-del-villarreal-20250819-508373.html\" title=\"Aparece otra opci\u00f3n para la defensa del Villarreal\" rel=\"nofollow noopener\" target=\"_blank\">Aparece otra opci\u00f3n para la defensa del Villarreal<img decoding=\"async\" src=\"https:\/\/www.europesays.com\/es\/wp-content\/uploads\/2025\/08\/56722e4e-3839-4950-b91a-91a2cfc3e739_320x180.jpeg\" alt=\"Aparece otra opci\u00f3n para la defensa del Villarreal\"\/><\/a>Acuerdo total por el fichaje de Renato Veiga<\/p>\n<p class=\"parrafo\">Tal y como ha informado el periodista especializado en el mercado de <strong>fichajes<\/strong>, Fabrizio Romano, \u00abel <a href=\"https:\/\/www.estadiodeportivo.com\/futbol\/villarreal\/alarma-villarreal-con-entrenamiento-matutino-20250820-508548.html\" target=\"_blank\" class=\"intext-link\" rel=\"nofollow noopener\">Villarreal <\/a><strong>acuerda <\/strong>el <strong>fichaje <\/strong>de <strong>Renato Veiga<\/strong> procedente del <strong>Chelsea<\/strong>\u00ab. En este sentido, la misma fuente ampl\u00eda la informaci\u00f3n afirmando que ya es un <strong>hecho <\/strong>el \u00ab<strong>acuerdo <\/strong>con el jugador y tambi\u00e9n con el <strong>Chelsea <\/strong>por un paquete de \u20ac29,5 millones con complementos incluidos y una importante cl\u00e1usula de <strong>reventa<\/strong>\u00ab. Adem\u00e1s, el Diario AS confirma que el <strong>precio <\/strong>por el <strong>traspaso <\/strong>es de \u00ab24.5M fijos + 5M en variables de dif\u00edcil acceso. El <strong>Chelsea <\/strong>se queda con una % de venta alto (plusval\u00eda). Por ello, el defensa portugu\u00e9s se va a convertir en la s\u00e9ptima <strong>incorporaci\u00f3n <\/strong>del equipo de Marcelino en esta ventana de <strong>traspasos <\/strong>tras las<strong> llegadas confirmadas<\/strong> de Alberto Moleiro, Santiago <strong>Mouri\u00f1o<\/strong>, Tajon <strong>Buchanan<\/strong>, Rafa Mar\u00edn y Thomas Partey.<\/p>\n<p class=\"parrafo\">Por otra parte,<strong> Renato Veiga <\/strong>tendr\u00e1 <strong>luz verde<\/strong> para vivir su primera experiencia en <strong>LaLiga<\/strong>, de la mano del <a href=\"https:\/\/www.estadiodeportivo.com\/futbol\/villarreal\/aparece-otra-opcion-para-defensa-del-villarreal-20250819-508373.html\" target=\"_blank\" class=\"intext-link\" rel=\"nofollow noopener\">Villarreal<\/a>, tras su <strong>paso <\/strong>por las categor\u00edas inferiores del Sporting de Lisboa, Ausgburgo, Basilea, <strong>Chelsea <\/strong>y Juventus. Durante su etapa en el equipo italiano, en la anterior temporada 2024\/2025, el futbolista disput\u00f3 un total de 15 encuentros, repartidos entre la Serie A y la UEFA Champions League. Sin embargo, su poca participaci\u00f3n con el <strong>Chelsea <\/strong>ha<strong> hecho saltar todas las alarmas<\/strong>, con el equipo de <strong>Marcelino <\/strong>con la <strong>decisi\u00f3n tomada <\/strong>de acometer su <strong>incorporaci\u00f3n <\/strong>en esta ventana de <strong>traspasos<\/strong>, pudi\u00e9ndose convertir en uno de los jugadores claves de la defensa del entrenador asturiano en la presente campa\u00f1a.<\/p>\n<p>Renato Veiga, hecho<\/p>\n<p class=\"parrafo\">Tras dejar <strong>cerrado <\/strong>el <strong>fichaje <\/strong>de <strong>Renato Veiga<\/strong>, el Villarreal puede haber solucionado un problema para <strong>Marcelino<\/strong>. Ra\u00fal Albiol y Eric Bailly dijeron <strong>adi\u00f3s <\/strong>al conjunto amarillo al final de la pasada temporada tras finalizar <strong>contrataci\u00f3n<\/strong>, por lo que ambos defensas dejaron un hueco que hab\u00eda que cubrir. Por ello, la direcci\u00f3n deportiva, tras la <strong>decisi\u00f3n tomada,<\/strong> consider\u00f3 a Rafa Mar\u00edn y Santiago <strong>Mouri\u00f1o <\/strong>como los <strong>elegidos <\/strong>para el eje de la zaga. <\/p>\n<p class=\"parrafo\">Sin embargo, la <strong>oportunidad <\/strong>de <strong>mercado <\/strong>que ha salido con <strong>Renato Veiga,<\/strong> a pesar del alto coste por el <strong>traspaso<\/strong>, ha <strong>hecho <\/strong>que el Villarreal haya querido dejar <strong>cerrada <\/strong>la <strong>contrataci\u00f3n <\/strong>cuanto antes. Por ello, el entrenador asturiano deber\u00e1 decidir cu\u00e1les son sus titulares para esta temporada, que ya <strong>ponen el foco en<\/strong> el siguiente encuentro tras ganar al <strong>Real Oviedo <\/strong>en la primera jornada de LaLiga, con el <strong>duro palo <\/strong>de la <strong>lesi\u00f3n <\/strong>de Gerard Moreno. <\/p>\n","protected":false},"excerpt":{"rendered":"El Villarreal ya tiene un acuerdo cerrado con Renato Veiga para su traspaso en el presente mercado de&hellip;\n","protected":false},"author":2,"featured_media":61078,"comment_status":"","ping_status":"","sticky":false,"template":"","format":"standard","meta":{"footnotes":""},"categories":[171],"tags":[146,147,25,24,284,285,282,23,214,9607],"class_list":{"0":"post-61077","1":"post","2":"type-post","3":"status-publish","4":"format-standard","5":"has-post-thumbnail","7":"category-tv","8":"tag-entertainment","9":"tag-entretenimiento","10":"tag-es","11":"tag-espana","12":"tag-estadio-deportivo","13":"tag-fichajes","14":"tag-futbol","15":"tag-spain","16":"tag-tv","17":"tag-villarreal-cf"},"share_on_mastodon":{"url":"","error":""},"_links":{"self":[{"href":"https:\/\/www.europesays.com\/es\/wp-json\/wp\/v2\/posts\/61077","targetHints":{"allow":["GET"]}}],"collection":[{"href":"https:\/\/www.europesays.com\/es\/wp-json\/wp\/v2\/posts"}],"about":[{"href":"https:\/\/www.europesays.com\/es\/wp-json\/wp\/v2\/types\/post"}],"author":[{"embeddable":true,"href":"https:\/\/www.europesays.com\/es\/wp-json\/wp\/v2\/users\/2"}],"replies":[{"embeddable":true,"href":"https:\/\/www.europesays.com\/es\/wp-json\/wp\/v2\/comments?post=61077"}],"version-history":[{"count":0,"href":"https:\/\/www.europesays.com\/es\/wp-json\/wp\/v2\/posts\/61077\/revisions"}],"wp:featuredmedia":[{"embeddable":true,"href":"https:\/\/www.europesays.com\/es\/wp-json\/wp\/v2\/media\/61078"}],"wp:attachment":[{"href":"https:\/\/www.europesays.com\/es\/wp-json\/wp\/v2\/media?parent=61077"}],"wp:term":[{"taxonomy":"category","embeddable":true,"href":"https:\/\/www.europesays.com\/es\/wp-json\/wp\/v2\/categories?post=61077"},{"taxonomy":"post_tag","embeddable":true,"href":"https:\/\/www.europesays.com\/es\/wp-json\/wp\/v2\/tags?post=61077"}],"curies":[{"name":"wp","href":"https:\/\/api.w.org\/{rel}","templated":true}]}}