{"id":61100,"date":"2025-08-20T22:11:04","date_gmt":"2025-08-20T22:11:04","guid":{"rendered":"https:\/\/www.europesays.com\/es\/61100\/"},"modified":"2025-08-20T22:11:04","modified_gmt":"2025-08-20T22:11:04","slug":"darren-cahill-entrenador-de-jannik-sinner-confirma-la-causa-de-la-retirada-en-cincinnati-sufrio-un-virus-pero-manana-volvera-a-entrenar","status":"publish","type":"post","link":"https:\/\/www.europesays.com\/es\/61100\/","title":{"rendered":"Darren Cahill, entrenador de Jannik Sinner, confirma la causa de la retirada en Cincinnati: \u00abSufri\u00f3 un virus, pero ma\u00f1ana volver\u00e1 a entrenar\u00bb"},"content":{"rendered":"<p>Con el US Open a la vuelta de la esquina, <b data-testid=\"body-text-bold\">el estado de salud de Jannik Sinner preocupaba<\/b> a los amantes del tenis. El n\u00famero uno del mundo tuvo que <b data-testid=\"body-text-bold\">retirarse de la final del Masters 1000 de Cincinnati <\/b>porque no se encontraba al 100%. Este mi\u00e9rcoles, su entrenador <b data-testid=\"body-text-bold\">Darren Cahill<\/b> confirm\u00f3 en ESPN que su pupilo tuvo un <b data-testid=\"body-text-bold\">virus durante la semana del torneo<\/b>.\u00a0<\/p>\n<p>\u00ab<b data-testid=\"body-text-bold\">Jannik sufri\u00f3 un virus que lo oblig\u00f3 a retirarse. <\/b>Habl\u00e9 brevemente con \u00e9l anoche. Estaba un poco mejor. Tambi\u00e9n tendr\u00e1 libre hoy, este es el plan, y <b data-testid=\"body-text-bold\">espero que ma\u00f1ana pueda salir a la pista y comenzar a golpear algunas pelotas.<\/b> Confiamos en que estar\u00e1 bien\u00bb, fueron las palabras de Cahill. Y es que parece que Sinner tuvo fiebre en la noche previa al encuentro con Alcaraz, alcanzando los 38\u00ba.\u00a0<\/p>\n<p>Este mismo mi\u00e9rcoles,<b data-testid=\"body-text-bold\"> el de San C\u00e1ndido fue grabado por algunos transe\u00fantes en las calles de Nueva York<\/b>, por lo que todo indica que Sinner est\u00e1 recuperado del proceso febril. Si todo sale seg\u00fan lo planeado, ma\u00f1ana comenzar\u00e1 su preparaci\u00f3n de cara a un <b data-testid=\"body-text-bold\">US Open clave para defender su puesto en lo m\u00e1s alto del r\u00e1nking.<\/b><\/p>\n","protected":false},"excerpt":{"rendered":"Con el US Open a la vuelta de la esquina, el estado de salud de Jannik Sinner preocupaba&hellip;\n","protected":false},"author":2,"featured_media":61101,"comment_status":"","ping_status":"","sticky":false,"template":"","format":"standard","meta":{"footnotes":""},"categories":[274],"tags":[168,25,24,23,167,327,326,11861],"class_list":{"0":"post-61100","1":"post","2":"type-post","3":"status-publish","4":"format-standard","5":"has-post-thumbnail","7":"category-tenis","8":"tag-deportes","9":"tag-es","10":"tag-espana","11":"tag-spain","12":"tag-sports","13":"tag-tenis","14":"tag-tennis","15":"tag-us-open-masculino"},"share_on_mastodon":{"url":"","error":""},"_links":{"self":[{"href":"https:\/\/www.europesays.com\/es\/wp-json\/wp\/v2\/posts\/61100","targetHints":{"allow":["GET"]}}],"collection":[{"href":"https:\/\/www.europesays.com\/es\/wp-json\/wp\/v2\/posts"}],"about":[{"href":"https:\/\/www.europesays.com\/es\/wp-json\/wp\/v2\/types\/post"}],"author":[{"embeddable":true,"href":"https:\/\/www.europesays.com\/es\/wp-json\/wp\/v2\/users\/2"}],"replies":[{"embeddable":true,"href":"https:\/\/www.europesays.com\/es\/wp-json\/wp\/v2\/comments?post=61100"}],"version-history":[{"count":0,"href":"https:\/\/www.europesays.com\/es\/wp-json\/wp\/v2\/posts\/61100\/revisions"}],"wp:featuredmedia":[{"embeddable":true,"href":"https:\/\/www.europesays.com\/es\/wp-json\/wp\/v2\/media\/61101"}],"wp:attachment":[{"href":"https:\/\/www.europesays.com\/es\/wp-json\/wp\/v2\/media?parent=61100"}],"wp:term":[{"taxonomy":"category","embeddable":true,"href":"https:\/\/www.europesays.com\/es\/wp-json\/wp\/v2\/categories?post=61100"},{"taxonomy":"post_tag","embeddable":true,"href":"https:\/\/www.europesays.com\/es\/wp-json\/wp\/v2\/tags?post=61100"}],"curies":[{"name":"wp","href":"https:\/\/api.w.org\/{rel}","templated":true}]}}