{"id":611017,"date":"2026-06-17T09:00:18","date_gmt":"2026-06-17T09:00:18","guid":{"rendered":"https:\/\/www.europesays.com\/es\/611017\/"},"modified":"2026-06-17T09:00:18","modified_gmt":"2026-06-17T09:00:18","slug":"coleccionistas-privados-ya-se-ofrecen-a-ceder-obras-de-sorolla-al-futuro-museo-en-el-palacio-de-comunicaciones","status":"publish","type":"post","link":"https:\/\/www.europesays.com\/es\/611017\/","title":{"rendered":"Coleccionistas privados ya se ofrecen a ceder obras de Sorolla al futuro museo en el Palacio de Comunicaciones"},"content":{"rendered":"<p style=\"\">Que la conversi\u00f3n del Palacio de Comunicaciones en el epicentro de la obra de Joaqu\u00edn Sorolla se va a retrasar mucho m\u00e1s de lo esperado  &#8230; es un hecho innegable. Tambi\u00e9n van a desembarcar m\u00e1s tarde de lo deseado las algo m\u00e1s de 220 obras del pintor de la luz, propiedad de la Hispanic Society de Nueva York. De momento, no est\u00e1 ni adjudicada la redacci\u00f3n del proyecto, algo que parec\u00eda un tr\u00e1mite justo antes de fallas cuando la mesa de contrataci\u00f3n recomendaba a la UTE encabezada por ERRE Arquitectura. Pero el tr\u00e1mite no acaba de cerrarse y esto alargar\u00e1 a\u00fan m\u00e1s un culebr\u00f3n que est\u00e1 teniendo m\u00e1s episodios de lo deseado. Pero todo tiene una parte buena, y la de este caso es la de poder testar la expectaci\u00f3n que ha generado el anuncio de que Sorolla vaya a estar presente de forma permanente en su ciudad natal.<\/p>\n<p class=\"v-d-p\" style=\"\">De la b\u00f3veda de un palacete a un cuadro que, seg\u00fan asegura su propietario, dialogar\u00eda a la perfecci\u00f3n con las obras de arte que vendr\u00e1n desde Nueva York y que, de forma provisional, se expondr\u00e1n -una parte, y las muestras se ir\u00e1n renovando cada cierto tiempo- en el Museo de la Ciudad. Estas son las dos propuestas m\u00e1s pintorescas que, seg\u00fan ha podido saber este peri\u00f3dico, han llegado a Blanca Pons Sorolla, bisnieta del autor. Una decena de coleccionistas privados aseguran estar dispuestos a ceder obras de arte firmadas por el pintor valenciano, con la premisa de que sean expuestas en la futura sede de la Hispanic en el Palacio de Comunicaciones. <\/p>\n<p class=\"v-d-p\" style=\"\">Las mismas fuentes aseguran que los propietarios de estas piezas han mostrado su intenci\u00f3n de firmar contratos de cesi\u00f3n a medio plazo: entre cuatro o cinco a\u00f1os hasta una d\u00e9cada. Y lo har\u00e1n de forma gratuita con la condici\u00f3n que convivan con las obras de Sorolla que pertenecen a la Hispanic Society of America. Las fuentes consultadas precisan que y reiteran que de momento esto son propuestas que necesitar\u00e1n de un an\u00e1lisis t\u00e9cnico y, como es l\u00f3gico, que estas pinturas est\u00e1n efectivamente certificadas como &#8216;sorollas&#8217;.<\/p>\n<ul class=\"v-cmp-rld__u\">\n<li class=\"v-cmp-rld__l\">\n<p><a class=\"v-a-lnk\" href=\"http:\/\/www.lasprovincias.es\/culturas\/dos-sorollas-desconocidos-sobre-albufera-20260603011728-nt.html#vtm_modulosEngag=noticiasrelacionadas-cmp-uno:culturas:noticia:1\" title=\"Dos sorollas desconocidos sobre la Albufera\" data-voc-vtm-id=\"in-text-traffic\" rel=\"nofollow noopener\" target=\"_blank\"><br \/>\n<img decoding=\"async\" loading=\"lazy\" src=\"https:\/\/s3.ppllstatics.com\/lasprovincias\/www\/multimedia\/2026\/06\/04\/barcas-U201605790212GZG--366x256@Las%20Provincias.jpg\" class=\"v-a-img\" width=\"258\" height=\"180\" alt=\"Dos sorollas desconocidos sobre la Albufera\"\/><br \/>\n<\/a><\/p>\n<\/li>\n<\/ul>\n<p class=\"v-d-p\" style=\"\">El caso m\u00e1s espectacular es sin duda el de la obra de cuatro metros cuadrados que se halla, seg\u00fan su due\u00f1o, en la b\u00f3veda de un palacete en Madrid. El due\u00f1o del inmueble quiere retirar la obra de arte de esta ubicaci\u00f3n y desea llegar a un acuerdo para que la futura sede de la Hispanic en Europa se haga cargo de su custodia. Claro est\u00e1, esto va a ser posible tambi\u00e9n a medio plazo porque, a mitad de junio y cuando est\u00e1 a punto de cumplirse un a\u00f1o desde que se escenific\u00f3 la firma del convenio entre la entidad de Nueva York y la Generalitat (a\u00fan con Maz\u00f3n como presidente), el proyecto no ha arrancado todav\u00eda ni siquiera en el papel. <\/p>\n<p class=\"v-d-p\" style=\"\">La licitaci\u00f3n de la redacci\u00f3n de reforma del proyecto a\u00fan no est\u00e1 adjudicada, a pesar de que la mesa de contrataci\u00f3n recomend\u00f3 la opci\u00f3n de la UTE liderada por ERRE Arquitectura antes de Fallas. Esta alternativa propon\u00eda realizar este trabajo y la direcci\u00f3n de la obra por algo m\u00e1s de 1,7 millones, lo que supon\u00eda un ahorro de casi 200.000 euros con respecto a la oferta presentada por la Generalitat. Adem\u00e1s, hab\u00eda un compromiso de presentar el plan para reconvertir el Palacio de Comunicaciones en un museo en cuatro meses.<\/p>\n<p class=\"v-d-p\" style=\"\">Y este plazo es importante. Si en un principio la intenci\u00f3n de la Generalitat era que la sede de la Hispanic en la plaza del Ayuntamiento antes del fin de esta legislatura, la realidad empuja a pensar que esto no suceder\u00e1 hasta el mismo momento&#8230; pero de la pr\u00f3xima. Porque el plazo de ejecuci\u00f3n del proyecto es de entre 26 y 27 meses&#8230; una vez se pueda presentar la oferta para llevar a cabo los trabajos. Pero claro, esta licitaci\u00f3n no es posible plantearla hasta que la UTE de ERRE Arquitectura haya redactado el proyecto de remodelaci\u00f3n del Palacio de Comunicaciones. Para esto, obviamente, debe ser adjudicataria. <\/p>\n<p class=\"v-d-p\" style=\"\">Mientras tanto, el destino de las obras de arte que lleguen desde la otra parte del Atl\u00e1ntico ser\u00e1 el Museo de la Ciudad. Actualmente, el Palacio del Marqu\u00e9s de Campo est\u00e1 en obras. Estos trabajos, ya previstos antes de convertirse en destino de las piezas de Sorolla, concluir\u00e1n antes de que estas lleguen desde Nueva York. El Diari Oficial de la Generalitat public\u00f3 este lunes la decisi\u00f3n de la consellera de Cultura, Carmen Ort\u00ed, de delegar en Nicol\u00e1s Bugeda, gerente del Consorcio de Museos la contrataci\u00f3n y ejecuci\u00f3n de los contratos necesarios con la Hispanic, a excepci\u00f3n del pago del canon por parte de la Generalitat. Con la fumata blanca entre ambas instituciones, la previsi\u00f3n es que las 220 obras hayan llegado a Valencia a finales de este a\u00f1o, posiblemente en noviembre. <\/p>\n<p>Un proyecto muse\u00edstico nuevo cuando se produzca el traslado<\/p>\n<p class=\"v-d-p \">\nMientras se resuelven los tr\u00e1mites, Blanca Pons Sorolla, la bisnieta del pintor, est\u00e1 ya preparando el discurso narrativo para la primera exposici\u00f3n con cuadros de la Hispanic en el Museo de la Ciudad. Este ser\u00e1 el primer destino de las obras por un plazo por determinar y que parece que se prolonga conforme se van dilatando los plazos burocr\u00e1ticos. Al mismo tiempo, el arquitecto Francisco Bocanegra est\u00e1 llevando a cabo el dise\u00f1o muse\u00edstico, la disposici\u00f3n de las obras en la planta baja y en la noble del Palacio del Marqu\u00e9s de Campo.\n<\/p>\n<p class=\"v-d-p \">\nComo la propia llegada de los cuadros a este inmueble, hay que subrayar que el trabajo de ambos profesionales es provisional. Desde que se adopt\u00f3 el Museo de la Ciudad como soluci\u00f3n transitoria ante el retraso del proyecto en el Palacio de Comunicaciones, existe la consciencia de que en este edificio no caben todas las piezas que vendr\u00e1n desde Nueva York. As\u00ed, la soluci\u00f3n va a ser preparar una exposici\u00f3n que se ir\u00e1 renovando cada cierto tiempo, hasta que se produzca el traslado a la plaza del Ayuntamiento.\n<\/p>\n<p class=\"v-d-p \">\nUna vez en el Palacio de Telecomunicaciones, ser\u00e1 necesario realizar de nuevo el trabajo que est\u00e1n llevando a cabo ahora Pons Sorolla y Bocanegra: se trata de un espacio totalmente diferente y del que todav\u00eda no hay datos. Hay que recordar, en este sentido, que ni siquiera se ha comenzado a redactar el proyecto de reforma, pues este trabajo no est\u00e1, a 16 de junio de 2026, adjudicado. Y pese a ello la expectaci\u00f3n por la llegada de Sorolla es enorme: al Museo de la Ciudad llaman visitantes preguntando por cu\u00e1ndo estar\u00e1 abierta la exposici\u00f3n del pintor de la luz.<\/p>\n","protected":false},"excerpt":{"rendered":"Que la conversi\u00f3n del Palacio de Comunicaciones en el epicentro de la obra de Joaqu\u00edn Sorolla se va&hellip;\n","protected":false},"author":2,"featured_media":611018,"comment_status":"","ping_status":"","sticky":false,"template":"","format":"standard","meta":{"footnotes":""},"categories":[173],"tags":[229,233,231,230,34428,9000,10738,232,234,146,147,25,24,2848,470,474,32058,6481,79672,471,23],"class_list":["post-611017","post","type-post","status-publish","format-standard","has-post-thumbnail","category-arte-y-diseno","tag-arte","tag-arte-y-diseno","tag-arts","tag-arts-and-design","tag-ceder","tag-coleccionistas","tag-comunicaciones","tag-design","tag-diseno","tag-entertainment","tag-entretenimiento","tag-es","tag-espana","tag-futuro","tag-museo","tag-obras","tag-ofrecen","tag-palacio","tag-privados","tag-sorolla","tag-spain"],"share_on_mastodon":{"url":"https:\/\/pubeurope.com\/@es\/116764634480610719","error":""},"_links":{"self":[{"href":"https:\/\/www.europesays.com\/es\/wp-json\/wp\/v2\/posts\/611017","targetHints":{"allow":["GET"]}}],"collection":[{"href":"https:\/\/www.europesays.com\/es\/wp-json\/wp\/v2\/posts"}],"about":[{"href":"https:\/\/www.europesays.com\/es\/wp-json\/wp\/v2\/types\/post"}],"author":[{"embeddable":true,"href":"https:\/\/www.europesays.com\/es\/wp-json\/wp\/v2\/users\/2"}],"replies":[{"embeddable":true,"href":"https:\/\/www.europesays.com\/es\/wp-json\/wp\/v2\/comments?post=611017"}],"version-history":[{"count":0,"href":"https:\/\/www.europesays.com\/es\/wp-json\/wp\/v2\/posts\/611017\/revisions"}],"wp:featuredmedia":[{"embeddable":true,"href":"https:\/\/www.europesays.com\/es\/wp-json\/wp\/v2\/media\/611018"}],"wp:attachment":[{"href":"https:\/\/www.europesays.com\/es\/wp-json\/wp\/v2\/media?parent=611017"}],"wp:term":[{"taxonomy":"category","embeddable":true,"href":"https:\/\/www.europesays.com\/es\/wp-json\/wp\/v2\/categories?post=611017"},{"taxonomy":"post_tag","embeddable":true,"href":"https:\/\/www.europesays.com\/es\/wp-json\/wp\/v2\/tags?post=611017"}],"curies":[{"name":"wp","href":"https:\/\/api.w.org\/{rel}","templated":true}]}}