{"id":61112,"date":"2025-08-20T22:19:09","date_gmt":"2025-08-20T22:19:09","guid":{"rendered":"https:\/\/www.europesays.com\/es\/61112\/"},"modified":"2025-08-20T22:19:09","modified_gmt":"2025-08-20T22:19:09","slug":"galilea-montijo-hace-frente-a-la-polemica-tras-la-reciente-eliminacion-en-la-casa-de-los-famosos","status":"publish","type":"post","link":"https:\/\/www.europesays.com\/es\/61112\/","title":{"rendered":"Galilea Montijo hace frente a la pol\u00e9mica tras la reciente eliminaci\u00f3n en La Casa de los Famosos"},"content":{"rendered":"<p id=\"ep3s_uEVRa\" data-wc=\"103\">La tercera temporada de La Casa de Los Famosos M\u00e9xico contin\u00faa generando gran conversaci\u00f3n entre el p\u00fablico, sobre todo por la ola de rumores a ra\u00edz de la pasada eliminaci\u00f3n de <strong>Ninel Conde<\/strong>. Con total apertura,<strong>\u00a0<\/strong><a class=\"hm-link\" href=\"https:\/\/www.hola.com\/us-es\/celebrities\/20250818850774\/galilea-montijo-celebra-belleza-historia-espectacular-vestido-la-casa-de-los-famosos\/\" data-mrf-recirculation=\"article-body-link\" rel=\"nofollow noopener\" target=\"_blank\">Galilea Montijo, conductora estelar del programa<\/a>, habl\u00f3 al respecto para poner punto final a las especulaciones, negando de manera rotunda que la salida del concurso de la actriz y cantante haya sido promovida por el equipo o el m\u00e1nager de esta, versiones surgidas a partir de una se\u00f1al que Conde hizo durante su estad\u00eda en La Casa, y con la que supuestamente habr\u00eda pedido abandonar el reality.<\/p>\n<p> <img src=\"https:\/\/www.europesays.com\/es\/wp-content\/uploads\/2025\/08\/ac26846177e9-image-9927372.jpg\"   width=\"768\" height=\"1024\" loading=\"lazy\" decoding=\"async\" alt=\"Galilea Montijo\" fetchpriority=\"auto\" class=\"image ho-image\"\/>\u00a9 @galileamontijoGalilea Montijo durante la tercera gala de eliminaci\u00f3n de &#8216;La Casa de los Famosos&#8217;<br \/>\nGalilea aclara la se\u00f1al hecha por Ninel<\/p>\n<p id=\"e5lX31NtVmh\" data-wc=\"89\">En redes sociales, los rumores tomaron fuerza a ra\u00edz de la se\u00f1al que supuestamente Ninel hizo frente a la c\u00e1mara para pedir a su equipo la gesti\u00f3n de su salida. Galilea habl\u00f3 al respecto sin filtros en el programa Hoy, destacando que fueron los televidentes quienes decidieron y tuvieron la \u00faltima palabra, contrario a lo especulado. \u201cSeguimos sorprendidos, Ninel Conde, la tercera eliminada de La Casa de los Famosos M\u00e9xico, los posicionamientos estuvieron muy duros, las votaciones estuvieron muy parejas pero ustedes, el p\u00fablico, decidi\u00f3\u2026\u201d, dijo durante su intervenci\u00f3n.<\/p>\n<p> <img src=\"https:\/\/www.europesays.com\/es\/wp-content\/uploads\/2025\/08\/bc7faeb2307d-image-5714106.jpg\"   width=\"821\" height=\"1024\" loading=\"lazy\" decoding=\"async\" alt=\"Galilea Montijo en 'La Casa de los Famosos, M\u00e9xico'\" fetchpriority=\"auto\" class=\"image ho-image\"\/>\u00a9 @galileamontijoGalilea Montijo en &#8216;La Casa de los Famosos, M\u00e9xico&#8217;<\/p>\n<p id=\"eTZoHfP1_KT\" data-wc=\"100\">En ese sentido, Galilea se refiri\u00f3 directamente a quienes propagaron historias carentes de veracidad y desminti\u00f3 de manera tajante lo que se ha dicho. Asimismo, explic\u00f3 que la se\u00f1al hecha por Ninel fue la manera ideada por la int\u00e9rprete para pedir al p\u00fablico su apoyo y poder continuar en el concurso. \u201cA parte me encanta las historias que manejan: \u2018Ella hizo la se\u00f1al de que la sacaran\u2019. Ella, desde un principio, en una entrevista dijo: \u2018Si yo les hago as\u00ed, la bomb\u00f3n se\u00f1al, es de que necesito su ayuda\u2019, entonces ella cuando hace esto es: \u2018Por favor, su ayuda\u2019\u2026\u201d, afirm\u00f3.<\/p>\n<p> <img src=\"https:\/\/www.europesays.com\/es\/wp-content\/uploads\/2025\/08\/2f1cebf76e2b-gallisola.jpg\"   width=\"819\" height=\"1024\" loading=\"lazy\" decoding=\"async\" alt=\"Galilea Montijo\" fetchpriority=\"auto\" class=\"image ho-image\"\/>\u00a9 IG: @galileamontijoGalilea Montijo<br \/>\nNinel no negoci\u00f3 su salida<\/p>\n<p id=\"eyQW0jaioPT\" data-wc=\"110\">En la mesa del programa Hoy, Galilea tambi\u00e9n abord\u00f3 las versiones de que supuestamente Ninel hab\u00eda sido sacada de La Casa de los Famosos a petici\u00f3n de su equipo de trabajo, algo que rechaz\u00f3 de manera rotunda. \u201cTambi\u00e9n escuch\u00e9: \u2018Seguramente el m\u00e1nager pidi\u00f3 que la sacaran\u2019. Ojo, los managers no tienen voz ni voto porque el que firma es el talento, no el m\u00e1nager\u2026\u201d, dijo la presentadora, palabras apoyadas por su compa\u00f1era, la conductora Andrea Legarreta, quien hizo \u00e9nfasis en c\u00f3mo Ninel no se vio favorecida en los \u00faltimos resultados del concurso. \u201cEn las encuestas, la verdad, en las que yo llegu\u00e9 a ver, tristemente ya estaba hasta abajo\u2026\u201d, expres\u00f3.<\/p>\n<p id=\"e0bPNOz3Fzn\" data-wc=\"90\">De acuerdo con Galilea Montijo, la pasada gala de eliminaci\u00f3n tuvo un n\u00famero considerable de votaciones por parte del p\u00fablico. Seg\u00fan la conductora fueron 16 millones 320 mil 210 votos los emitidos. De esta manera, la tapat\u00eda celebra esta tercera temporada del reality, la cual ha generado que los televidentes permanezcan muy pendientes de todo el contenido generado a diario en el programa, el cual otorgar\u00e1 al concursante famoso que resulte ganador la cantidad de 4 millones de pesos, tras un periodo de 71 d\u00edas como habitante de la casa.<\/p>\n","protected":false},"excerpt":{"rendered":"La tercera temporada de La Casa de Los Famosos M\u00e9xico contin\u00faa generando gran conversaci\u00f3n entre el p\u00fablico, sobre&hellip;\n","protected":false},"author":2,"featured_media":61113,"comment_status":"","ping_status":"","sticky":false,"template":"","format":"standard","meta":{"footnotes":""},"categories":[171],"tags":[517,146,147,25,24,24298,23,214],"class_list":{"0":"post-61112","1":"post","2":"type-post","3":"status-publish","4":"format-standard","5":"has-post-thumbnail","7":"category-tv","8":"tag-actualidad","9":"tag-entertainment","10":"tag-entretenimiento","11":"tag-es","12":"tag-espana","13":"tag-galilea-montijo","14":"tag-spain","15":"tag-tv"},"share_on_mastodon":{"url":"","error":""},"_links":{"self":[{"href":"https:\/\/www.europesays.com\/es\/wp-json\/wp\/v2\/posts\/61112","targetHints":{"allow":["GET"]}}],"collection":[{"href":"https:\/\/www.europesays.com\/es\/wp-json\/wp\/v2\/posts"}],"about":[{"href":"https:\/\/www.europesays.com\/es\/wp-json\/wp\/v2\/types\/post"}],"author":[{"embeddable":true,"href":"https:\/\/www.europesays.com\/es\/wp-json\/wp\/v2\/users\/2"}],"replies":[{"embeddable":true,"href":"https:\/\/www.europesays.com\/es\/wp-json\/wp\/v2\/comments?post=61112"}],"version-history":[{"count":0,"href":"https:\/\/www.europesays.com\/es\/wp-json\/wp\/v2\/posts\/61112\/revisions"}],"wp:featuredmedia":[{"embeddable":true,"href":"https:\/\/www.europesays.com\/es\/wp-json\/wp\/v2\/media\/61113"}],"wp:attachment":[{"href":"https:\/\/www.europesays.com\/es\/wp-json\/wp\/v2\/media?parent=61112"}],"wp:term":[{"taxonomy":"category","embeddable":true,"href":"https:\/\/www.europesays.com\/es\/wp-json\/wp\/v2\/categories?post=61112"},{"taxonomy":"post_tag","embeddable":true,"href":"https:\/\/www.europesays.com\/es\/wp-json\/wp\/v2\/tags?post=61112"}],"curies":[{"name":"wp","href":"https:\/\/api.w.org\/{rel}","templated":true}]}}