{"id":61116,"date":"2025-08-20T22:21:08","date_gmt":"2025-08-20T22:21:08","guid":{"rendered":"https:\/\/www.europesays.com\/es\/61116\/"},"modified":"2025-08-20T22:21:08","modified_gmt":"2025-08-20T22:21:08","slug":"lo-nuevo-de-osgood-perkins-tras-el-exitazo-de-longlegs-muestra-un-primer-trailer-perturbador-es-un-viaje-oscuro-vandal","status":"publish","type":"post","link":"https:\/\/www.europesays.com\/es\/61116\/","title":{"rendered":"Lo nuevo de Osgood Perkins, tras el exitazo de &#039;Longlegs&#039;, muestra un primer tr\u00e1iler perturbador: &#039;Es un viaje oscuro&#039; &#8211; Vandal"},"content":{"rendered":"<ol>\n<li><a href=\"https:\/\/news.google.com\/rss\/articles\/CBMi7wFBVV95cUxPM2k5RThlb2xDcE01X29XUUlfdndGcEdMdVNndWhIV082dVV6LVJRNFdCNXZub0k4Yk1JVmo5WGFFLTRmMXN3QmZUWEVXRl9XdGlHdzUyRWExUGFrV0djbVFjWUhPa21YOUFaZC00QjZKMi03VDVNZ3hSNnMxSmhycVVXcl93VXpJb1hFSC1DM0hCTmUzeU0ySnNTSnl4UUx2cXIzUFMzdVdKSVN0YmVaekFtSFZxNm9YcVJQeFVXVTFzVlFjRGl1c3RiaE5rWjljcXFINHhmaURQLVY3NWVRUDNJTW5IT1k4OUFPVXEwRdIB9AFBVV95cUxQaUNNclRwbmZ4QTdLUm1RTUVzLVVsZ3dCYkU5eWpsbW5sdzVBYjAxN2NjUmYyRDBxdDQzMHd6clhDdGlhUi1ham5ScG9lZHhjRk1iU1VndEFDZmJvdmtDYkRsZ0htb1AzRXh4RUlKMGVhc2RpS1gyQ2Fzd2tXaGVVVGZxZGxRckViV0FvN1VUdWM1bzNzRjJ5YUFrcld4N21BZUNZWVJXZFlhano5bFNuMGpiU0ZobmphYzdNYWVHUThlUnJWSEJYZTFsaGlxUE5hQ2hhb1lLMHhOQlUzek9MaW5DQmpGN2hDX0tjQ3FvTDRUdnFt?oc=5\" target=\"_blank\" rel=\"nofollow noopener\">Lo nuevo de Osgood Perkins, tras el exitazo de &#8216;Longlegs&#8217;, muestra un primer tr\u00e1iler perturbador: &#8216;Es un viaje oscuro&#8217;<\/a>&nbsp;&nbsp;Vandal<\/li>\n<li><a href=\"https:\/\/news.google.com\/rss\/articles\/CBMiiAFBVV95cUxPYlRfRUtSaUdGek52QXFQSFJ6OHRseW5wd2ZidnBVRkNmZG9BV01CRF9pZjhqbm1NWktma2VHYVpSQlMzX2JuZTJZLS14SVA2YUlqeFFhSHB3ZW5hZmJSNkQyaUttb0dXemVGNnR0NjhtWjB6czdvZE56LU56bUdaMms3Mm0zTV9E?oc=5\" target=\"_blank\" rel=\"nofollow noopener\">Nuevo tr\u00e1iler de &#8216;Keeper&#8217;: la nueva pel\u00edcula del director de &#8216;Longlegs&#8217; es incluso m\u00e1s perturbadora<\/a>&nbsp;&nbsp;eCartelera<\/li>\n<li><a href=\"https:\/\/news.google.com\/rss\/articles\/CBMihwFBVV95cUxNVXFvSHZyeEc3VVFtU2RpUVFFM2hZbVp0SkZBWEhqUk5TUmk5ODhUVFJiZmRlVk5VaHcyM0tOUlNQZ0dGNm81OE5wdlp5MGl4Q296N0xDUEhEanVxeVczUmJrUWNfOS1xR290TXJvZUNWR1ktU2dWUEsyMERVQmYtMGh3SUk4czjSAWRBVV95cUxPVXRLTG1SUTlXSGdvdVVGTGIydGVaaDBwTzZrVC1iUjhaZE5WM1k1Y2QwVkRacVlXeEticGdEQzhrN1c2bkItc1VFVThGek9BdVJqbXhUVnVJVVNUM1NpWk9YYTNM?oc=5\" target=\"_blank\" rel=\"nofollow noopener\">Keeper: Nuevo trailer de la pel\u00edcula de Oz Perkins (Longlegs, The Monkey)<\/a>&nbsp;&nbsp;Aullidos.COM<\/li>\n<li><a href=\"https:\/\/news.google.com\/rss\/articles\/CBMi6wFBVV95cUxNUVc5OFExVGpHSEhiVTNGcHhiLUZxZWJBUGhWMER2VkoyYzhFWTFjZ25STHlidG16cHhvWUFhajQ3aHNJdW1ERmhrTmFrVzU1bDA1Qy1uOVZVNldjREY0d3dLSUdHM2R3RUtscXlrQVJxUEhUbmVtZVBqOG5rRHhqRUdQZmEweGJOd2lXLVduNUlkc0UyRUlpejgzUzk5N1h4Y2RzQUdYbDZUVjJ2bklkd2xoRlBYNHF0YXdEV0I0aTRXc1NvQnB3SXg0ZERCVWEwYm4tdEFoNFpaQ1k1V2tjWmtXOEdQTlBnN2Vz?oc=5\" target=\"_blank\" rel=\"nofollow noopener\">El trailer de esta pel\u00edcula de terror te pondr\u00e1 los pelos de punta y casi te har\u00e1 olvidar que has visto a She-Hulk en \u00e9l<\/a>&nbsp;&nbsp;Softonic<\/li>\n<li><a href=\"https:\/\/news.google.com\/rss\/articles\/CBMi4wFBVV95cUxNcEtkTHpYZlRNR2Iwd2s4N21mN3NSMkgzcEpjUVozY01WN05wWlc1clo2RTJRN3NlZHFKbVRBSklCVlJIZU5RVWJFVy1rd09EVVI2dWp5UHpzN3Q1S1JfazNoQlZEbDFSdnRHNUdKMUJDc2Z4OWkySnJPeS0zb2czTlltWTc0TnBIaTA1MDdOOXo1QlRjZFBEcGdRSXNpRTNjX3hwaDB6Q0VsVnVNSlpCS25yV05SSXB6c2xIa1dySUdCb2p4Vmd0N3BEd0RJbXdwZGlLWmRabHFhT1haSENsYUpFbw?oc=5\" target=\"_blank\" rel=\"nofollow noopener\">Nuevo adelanto de Keeper, el \u201coscuro viaje\u201d de Osgood Perkins<\/a>&nbsp;&nbsp;Gamereactor<\/li>\n<\/ol>\n","protected":false},"excerpt":{"rendered":"Lo nuevo de Osgood Perkins, tras el exitazo de &#8216;Longlegs&#8217;, muestra un primer tr\u00e1iler perturbador: &#8216;Es un viaje&hellip;\n","protected":false},"author":2,"featured_media":61117,"comment_status":"","ping_status":"","sticky":false,"template":"","format":"standard","meta":{"footnotes":""},"categories":[169],"tags":[177,146,147,25,24,2065,176,175,23],"class_list":{"0":"post-61116","1":"post","2":"type-post","3":"status-publish","4":"format-standard","5":"has-post-thumbnail","7":"category-cine","8":"tag-cine","9":"tag-entertainment","10":"tag-entretenimiento","11":"tag-es","12":"tag-espana","13":"tag-faltan-tags","14":"tag-film","15":"tag-movies","16":"tag-spain"},"share_on_mastodon":{"url":"","error":""},"_links":{"self":[{"href":"https:\/\/www.europesays.com\/es\/wp-json\/wp\/v2\/posts\/61116","targetHints":{"allow":["GET"]}}],"collection":[{"href":"https:\/\/www.europesays.com\/es\/wp-json\/wp\/v2\/posts"}],"about":[{"href":"https:\/\/www.europesays.com\/es\/wp-json\/wp\/v2\/types\/post"}],"author":[{"embeddable":true,"href":"https:\/\/www.europesays.com\/es\/wp-json\/wp\/v2\/users\/2"}],"replies":[{"embeddable":true,"href":"https:\/\/www.europesays.com\/es\/wp-json\/wp\/v2\/comments?post=61116"}],"version-history":[{"count":0,"href":"https:\/\/www.europesays.com\/es\/wp-json\/wp\/v2\/posts\/61116\/revisions"}],"wp:featuredmedia":[{"embeddable":true,"href":"https:\/\/www.europesays.com\/es\/wp-json\/wp\/v2\/media\/61117"}],"wp:attachment":[{"href":"https:\/\/www.europesays.com\/es\/wp-json\/wp\/v2\/media?parent=61116"}],"wp:term":[{"taxonomy":"category","embeddable":true,"href":"https:\/\/www.europesays.com\/es\/wp-json\/wp\/v2\/categories?post=61116"},{"taxonomy":"post_tag","embeddable":true,"href":"https:\/\/www.europesays.com\/es\/wp-json\/wp\/v2\/tags?post=61116"}],"curies":[{"name":"wp","href":"https:\/\/api.w.org\/{rel}","templated":true}]}}