{"id":611238,"date":"2026-06-17T11:46:22","date_gmt":"2026-06-17T11:46:22","guid":{"rendered":"https:\/\/www.europesays.com\/es\/611238\/"},"modified":"2026-06-17T11:46:22","modified_gmt":"2026-06-17T11:46:22","slug":"carmen-pardo-y-carmen-enriquez-nos-traen-las-ultimas-noticias-de-la-casa-real-en-la-tarde-aqui-y-ahora","status":"publish","type":"post","link":"https:\/\/www.europesays.com\/es\/611238\/","title":{"rendered":"Carmen Pardo y Carmen Enr\u00edquez nos traen las \u00faltimas noticias de la Casa Real, en \u00abLa Tarde Aqu\u00ed y Ahora\u00bb"},"content":{"rendered":"<p>                                                <img decoding=\"async\" loading=\"eager\" src=\"https:\/\/www.europesays.com\/es\/wp-content\/uploads\/2026\/06\/31aecc7b-6f01-4fc4-b839-250e6d94e25f_source-aspect-ratio_1600w_0.jpg\" alt=\"Carmen Pardo y Carmen Enr\u00edquez en &quot;La Tarde Aqu\u00ed y Ahora&quot;\" title=\"Carmen Pardo y Carmen Enr\u00edquez en &quot;La Tarde Aqu\u00ed y Ahora&quot;\" fetchpriority=\"high\" height=\"900\" width=\"1600\"\/><\/p>\n<p>                Carmen Pardo y Carmen Enr\u00edquez en \u00abLa Tarde Aqu\u00ed y Ahora\u00bb<\/p>\n<p>                    |<\/p>\n<p>                Comunicaci\u00f3n RTVA<\/p>\n<p class=\"paragraph-atom &#10;        A-500-300-700-N A-550-300-700-N--md  \">\n                    Este mi\u00e9rcoles 17 de junio arrancamos\u00a0\u00ab<a href=\"https:\/\/www.canalsurmas.es\/videos\/category\/5393-la-tarde-aqui-y-ahora\" rel=\"nofollow noopener\" target=\"_blank\"><strong>La Tarde Aqu\u00ed y Ahora<\/strong><\/a><strong>\u00ab<\/strong>\u00a0con\u00a0<strong>Juan y Medio y Eva Ruiz<\/strong>, junto con <strong>Carmen Pardo y Carmen Enr\u00edquez<\/strong>. Las periodistas especializadas en cr\u00f3nica social nos contar\u00e1n las \u00faltimas noticias de la Casa Real y otras personalidades importantes.\u00a0En clave musical, <strong>Rosario Mohedano<\/strong>\u00a0nos presentar\u00e1 su \u00faltimo trabajo discogr\u00e1fico.\n            <\/p>\n<p class=\"paragraph-atom &#10;        A-500-300-700-N A-550-300-700-N--md  \">\n                    En la grada contaremos con vecinos de <strong>Villalba del Arcor, Huelva<\/strong>, y en la secci\u00f3n &#8216;En compa\u00f1\u00eda&#8217; recibiremos a tres personas que luchan contra su soledad.\n            <\/p>\n<p class=\"paragraph-atom &#10;        A-500-300-700-N A-550-300-700-N--md  \">\n                    <strong>Juna Antonio<\/strong>\u00a0tiene 67 a\u00f1os, est\u00e1 divorciado y viene de\u00a0<strong>Pedrera<\/strong> Sevilla. Nos va a contar que hace m\u00e1s de 15 a\u00f1os que se llev\u00f3 el gran desenga\u00f1o de su vida cuando su matrimonio termin\u00f3 y considera que ha llegado el momento de cambiar su situaci\u00f3n.\u00a0\n            <\/p>\n<p class=\"paragraph-atom &#10;        A-500-300-700-N A-550-300-700-N--md  \">\n                    A su lado estar\u00e1\u00a0<strong>Pepi<\/strong>, que tiene la misma edad que nuestro primer invitado. Una mujer luchadora, que viene de\u00a0<strong>And\u00fajar<\/strong>, Ja\u00e9n, y que se qued\u00f3 viuda tras cinco meses casada. Ahora, lleva 22 a\u00f1os sola y busca un se\u00f1or con quien compartir sus inquietudes y su religi\u00f3n.\n            <\/p>\n<p class=\"paragraph-atom &#10;        A-500-300-700-N A-550-300-700-N--md  \">\n                    Y, por \u00faltimo, desde\u00a0<strong>Jerez de la Frontera<\/strong>, C\u00e1diz, y hasta la mampara llega\u00a0<strong>Carmen<\/strong>\u00a0que, a sus 80 a\u00f1os, tiene una cita que podr\u00eda acabar con su soledad.\n            <\/p>\n<p>    Fecha de emisi\u00f3n<\/p>\n<p class=\"paragraph-atom &#10;        A-300-300-500-N  \">\n                    Mi\u00e9rcoles 17 de junio, a las 15:30 horas, en Canal Sur Televisi\u00f3n.\n            <\/p>\n","protected":false},"excerpt":{"rendered":"Carmen Pardo y Carmen Enr\u00edquez en \u00abLa Tarde Aqu\u00ed y Ahora\u00bb | Comunicaci\u00f3n RTVA Este mi\u00e9rcoles 17 de&hellip;\n","protected":false},"author":2,"featured_media":611239,"comment_status":"","ping_status":"","sticky":false,"template":"","format":"standard","meta":{"footnotes":""},"categories":[171],"tags":[14750,12280,146,147,25,24,8364,23,31710,214],"class_list":["post-611238","post","type-post","status-publish","format-standard","has-post-thumbnail","category-tv","tag-carmen","tag-enriquez","tag-entertainment","tag-entretenimiento","tag-es","tag-espana","tag-pardo","tag-spain","tag-traen","tag-tv"],"share_on_mastodon":{"url":"https:\/\/pubeurope.com\/@es\/116765288104135949","error":""},"_links":{"self":[{"href":"https:\/\/www.europesays.com\/es\/wp-json\/wp\/v2\/posts\/611238","targetHints":{"allow":["GET"]}}],"collection":[{"href":"https:\/\/www.europesays.com\/es\/wp-json\/wp\/v2\/posts"}],"about":[{"href":"https:\/\/www.europesays.com\/es\/wp-json\/wp\/v2\/types\/post"}],"author":[{"embeddable":true,"href":"https:\/\/www.europesays.com\/es\/wp-json\/wp\/v2\/users\/2"}],"replies":[{"embeddable":true,"href":"https:\/\/www.europesays.com\/es\/wp-json\/wp\/v2\/comments?post=611238"}],"version-history":[{"count":0,"href":"https:\/\/www.europesays.com\/es\/wp-json\/wp\/v2\/posts\/611238\/revisions"}],"wp:featuredmedia":[{"embeddable":true,"href":"https:\/\/www.europesays.com\/es\/wp-json\/wp\/v2\/media\/611239"}],"wp:attachment":[{"href":"https:\/\/www.europesays.com\/es\/wp-json\/wp\/v2\/media?parent=611238"}],"wp:term":[{"taxonomy":"category","embeddable":true,"href":"https:\/\/www.europesays.com\/es\/wp-json\/wp\/v2\/categories?post=611238"},{"taxonomy":"post_tag","embeddable":true,"href":"https:\/\/www.europesays.com\/es\/wp-json\/wp\/v2\/tags?post=611238"}],"curies":[{"name":"wp","href":"https:\/\/api.w.org\/{rel}","templated":true}]}}