{"id":611362,"date":"2026-06-17T13:24:18","date_gmt":"2026-06-17T13:24:18","guid":{"rendered":"https:\/\/www.europesays.com\/es\/611362\/"},"modified":"2026-06-17T13:24:18","modified_gmt":"2026-06-17T13:24:18","slug":"la-delegacion-de-cultura-avanza-parte-de-su-programacion-para-los-proximos-meses","status":"publish","type":"post","link":"https:\/\/www.europesays.com\/es\/611362\/","title":{"rendered":"La delegaci\u00f3n de Cultura avanza parte de su programaci\u00f3n para los pr\u00f3ximos meses"},"content":{"rendered":"<p> El delegado de Cultura, Christopher Rivas, ha anunciado un avance de la programaci\u00f3n de Cultura y la venta de las entradas para los diferentes espect\u00e1culos y teatros. Se trata de una programaci\u00f3n variada, de calidad y para todos los p\u00fablicos.\n <\/p>\n<p> Rivas, ha explicado que \u201cdicha programaci\u00f3n comenzar\u00e1 con Nocta\u00edra 2026 que arrancar\u00e1 el pr\u00f3ximo 2 de julio con dos noches de apertura de excepci\u00f3n en los Jardines del Auditorio Riberas del Guada\u00edra un entorno \u00fanico para disfrutar de conciertos al aire libre en las noches estivales\u201d.   <\/p>\n<p> \u2022 Jueves 2 de julio, 22:30 h \u2013 David Civera, en un concierto de pop que pondr\u00e1 en marcha la celebraci\u00f3n del d\u00e9cimo aniversario.\u00a0(Explanada del Auditorio) 5\u20ac   <\/p>\n<p> \u2022 Viernes 3 de julio, 22:30 h \u2013 Doble concierto inaugural con el grupo sevillano Canast\u00e9reo y Nena Daconte.\u00a0(Explanada del Auditorio) 5\u20ac   <\/p>\n<p> <strong>Resto de la programaci\u00f3n<\/strong>\n <\/p>\n<ul>\n<li> \t09\/10 \tUN VIAJE SIN RETORNO de Ana Ruiz y \u00c1lex  (Teatro Gut\u00ederrez de Alba) \t9\u20ac El actor valenciano \u00c1lex Gadea y la actriz sevillana Ana Ruiz \tse embarcan en este proyecto de producci\u00f3n propia tras protagonizar \tjuntos La Regenta, dirigida por Helena Pimenta, recorriendo los \tgrandes teatros del pa\u00eds. Previamente hab\u00edan trabajado juntos en \tCyrano de Bergerac y en Ortega. Un viaje sin retorno supone adem\u00e1s \tel estreno como autor de \u00c1lex Gadea. La pieza es una comedia \tdram\u00e1tica sobre el precio del \u00e9xito en la Espa\u00f1a de los a\u00f1os \tcincuenta. \u00c1lex Gadea firma el texto y comparte escena con la \tsevillana Ana Ruiz en este espect\u00e1culo dirigido por Ernesto \tCaballero que mezcla teatro, emoci\u00f3n y m\u00fasica en vivo.\n \t<\/li>\n<li> \t15\/10 \tDANZA ZAMBRA DE LA BUENA SALVAJE de Isabel V\u00e1zquez (Teatro Guti\u00e9rrez \tde Alba) 6\u20ac  Un espect\u00e1culo que recupera la tradici\u00f3n de la \tzambra para hablar de libertad, identidad y resistencia desde una \tmirada contempor\u00e1nea.\n \t<\/li>\n<li> \t16\/10 \tDOS HOMBRES SOLOS SIN PUNTO COM NI N\u00c1 de Manolo Medina (Teatro \tGuti\u00e9rrez de Alba) 6\u20ac Esta obra nos trae a dos hombres, un piso \tcompartido y un vecindario que no para de hablar. La comedia m\u00e1s \tquerida del humor andaluz llega a Alcal\u00e1 en su gira del 25 \taniversario con Manolo Medina y David Caballero en plena forma. Dos \thoras de risa sin entreacto.\n \t<\/li>\n<li> \t23\/10 \tCIRCO XPECTRO de Zen del Sur (Teatro Guti\u00e9rrez de Alba) 6\u20ac Un \tespect\u00e1culo que aborda la neurodivergencia y el autismo a trav\u00e9s \tdel circo, la danza y la m\u00fasica, combinando calidad art\u00edstica y \treflexi\u00f3n social\n \t<\/li>\n<li> \t6\/11 \tLA REINA BRAVA de Las Ni\u00f1as de C\u00e1diz (Teatro Guti\u00e9rrez de Alba) 6\u20ac \tUna de las compa\u00f1\u00edas m\u00e1s reconocidas del panorama teatral espa\u00f1ol \tactual, que vuelve a combinar humor, cr\u00edtica social y cultura \tpopular en una propuesta tan divertida como inteligente\n \t<\/li>\n<li> \t27\/11 \tHAMLET de Guavomin\u00ed Producciones (Teatro Guti\u00e9rrez de Alba) 6\u20ac \tuna versi\u00f3n libre y contempor\u00e1nea del cl\u00e1sico de Shakespeare\n<\/li>\n<\/ul>\n<p> Todas las entradas estar\u00e1n disponibles en el web de entradas del Ayuntamiento (entradas.alcaladeguadaira.es)\n <\/p>\n","protected":false},"excerpt":{"rendered":"El delegado de Cultura, Christopher Rivas, ha anunciado un avance de la programaci\u00f3n de Cultura y la venta&hellip;\n","protected":false},"author":2,"featured_media":611363,"comment_status":"","ping_status":"","sticky":false,"template":"","format":"standard","meta":{"footnotes":""},"categories":[91],"tags":[24471,24470,24478,24469,1250,777,209,24474,168,24489,2026,24491,146,147,24480,25,24,24488,24487,24490,24492,24473,2178,3624,15235,891,6850,6688,24483,24054,24497,4044,24493,10,24477,24482,24415,24472,12365,24496,1922,24485,24481,24479,24475,24484,19497,24486,1171,23,24494,24476,4664,24495],"class_list":["post-611362","post","type-post","status-publish","format-standard","has-post-thumbnail","category-entretenimiento","tag-accesibilidad","tag-administracion-electronica","tag-agenda-de-actividades","tag-alcala-de-guadaira","tag-ayuntamiento","tag-ciudad","tag-cultura","tag-datos-abiertos","tag-deportes","tag-desarrollo-economico","tag-educacion","tag-edusi","tag-entertainment","tag-entretenimiento","tag-equipamientos","tag-es","tag-espana","tag-feria-de-alcala","tag-fiestas-mayores","tag-formacion-y-empleo","tag-gestion-tributaria","tag-gobierno-abierto","tag-igualdad","tag-infancia","tag-infraestructura","tag-inmigrantes","tag-juventud","tag-medio-ambiente","tag-molinos","tag-movilidad-urbana","tag-movilidad-y-transporte","tag-mujeres","tag-museo-de-alcala","tag-noticias","tag-oferta-de-empleo","tag-oromana","tag-participacion-ciudadana","tag-personas-con-discapacidad","tag-personas-mayores","tag-punto-limpio","tag-redes-sociales","tag-secretaria","tag-sede-electronica","tag-servicio-de-quejas-y-sugerencias","tag-servicios-destacados","tag-servicios-municipales","tag-servicios-sociales","tag-servicios-urbanos","tag-sevilla","tag-spain","tag-teatro-auditorio-riberas-del-guadaira","tag-tramites-y-servicios","tag-turismo","tag-universidad-popular"],"share_on_mastodon":{"url":"","error":"Validation failed: Text character limit of 500 exceeded"},"_links":{"self":[{"href":"https:\/\/www.europesays.com\/es\/wp-json\/wp\/v2\/posts\/611362","targetHints":{"allow":["GET"]}}],"collection":[{"href":"https:\/\/www.europesays.com\/es\/wp-json\/wp\/v2\/posts"}],"about":[{"href":"https:\/\/www.europesays.com\/es\/wp-json\/wp\/v2\/types\/post"}],"author":[{"embeddable":true,"href":"https:\/\/www.europesays.com\/es\/wp-json\/wp\/v2\/users\/2"}],"replies":[{"embeddable":true,"href":"https:\/\/www.europesays.com\/es\/wp-json\/wp\/v2\/comments?post=611362"}],"version-history":[{"count":0,"href":"https:\/\/www.europesays.com\/es\/wp-json\/wp\/v2\/posts\/611362\/revisions"}],"wp:featuredmedia":[{"embeddable":true,"href":"https:\/\/www.europesays.com\/es\/wp-json\/wp\/v2\/media\/611363"}],"wp:attachment":[{"href":"https:\/\/www.europesays.com\/es\/wp-json\/wp\/v2\/media?parent=611362"}],"wp:term":[{"taxonomy":"category","embeddable":true,"href":"https:\/\/www.europesays.com\/es\/wp-json\/wp\/v2\/categories?post=611362"},{"taxonomy":"post_tag","embeddable":true,"href":"https:\/\/www.europesays.com\/es\/wp-json\/wp\/v2\/tags?post=611362"}],"curies":[{"name":"wp","href":"https:\/\/api.w.org\/{rel}","templated":true}]}}