{"id":611382,"date":"2026-06-17T13:40:16","date_gmt":"2026-06-17T13:40:16","guid":{"rendered":"https:\/\/www.europesays.com\/es\/611382\/"},"modified":"2026-06-17T13:40:16","modified_gmt":"2026-06-17T13:40:16","slug":"ellas-gracias-a-oliva-arauna","status":"publish","type":"post","link":"https:\/\/www.europesays.com\/es\/611382\/","title":{"rendered":"Ellas, gracias a Oliva Arauna"},"content":{"rendered":"<p style=\"\">Es la segunda ocasi\u00f3n, tras &#8216;Cultura=Capital&#8217;, en 2022, en que la<a href=\"https:\/\/torrededonborja.es\/\" target=\"_self\" data-voc-vtm-id=\"in-text-traffic\" title=\" Torre Don Borja\" data-mrf-link=\"torrededonborja.es\" rel=\"nofollow noopener\"> Torre Don Borja<\/a> nos permite sumergirnos en la colecci\u00f3n de la galerista y coleccionista <a href=\"https:\/\/www.olivarauna.com\/\" target=\"_self\" data-voc-vtm-id=\"in-text-traffic\" title=\"Oliva Arauna. \" data-mrf-link=\"www.olivarauna.com\" rel=\"nofollow noopener\">Oliva Arauna. <\/a><\/p>\n<p style=\"\">Esta vez, bajo el t\u00edtulo &#8216;Ellas&#8217;, se plantea una declaraci\u00f3n de intenciones bastante clara, directa, una  &#8230; reivindicaci\u00f3n que no necesita explicaciones: la presencia de artistas mujeres como columna vertebral de un relato que, aunque parte de lo personal, acaba hablando de Historia del Arte contempor\u00e1neo en may\u00fasculas en nuestro pa\u00eds en las \u00faltimas d\u00e9cadas.<\/p>\n<p class=\"v-d-p\" style=\"\">En la selecci\u00f3n aparecen nombres que funcionan como un recorrido ecl\u00e9ctico y coral, donde cada pieza no est\u00e1 sujeta a tener que ser le\u00edda dentro de una reflexi\u00f3n comisarial que reclame una comprensi\u00f3n adicional, dicho esto desde el respeto absoluto a la tem\u00e1tica, que no necesita justificaci\u00f3n. <\/p>\n<ul class=\"v-cmp-rld__u\">\n<li class=\"v-cmp-rld__l\">\n<p><a class=\"v-a-lnk\" href=\"http:\/\/www.abc.es\/cultura\/cultural\/tejiendo-historias-hilvanar-obras-nombres-20260512140733-nt.html#vtm_modulosEngag=noticiasrelacionadas-cmp-uno:cultura:noticia:1\" title=\"&#039;Tejiendo historias&#039; e hilvanar obras y nombres\" data-voc-vtm-id=\"in-text-traffic\" rel=\"nofollow noopener\" target=\"_blank\"><br \/>\n<img decoding=\"async\" loading=\"lazy\" src=\"https:\/\/www.europesays.com\/es\/wp-content\/uploads\/2026\/05\/DSC00118-U22780343402VkV-366x256@diario_abc.JPG\" class=\"v-a-img\" width=\"258\" height=\"180\" alt=\"'Tejiendo historias' e hilvanar obras y nombres\"\/><br \/>\n<\/a><\/p>\n<\/li>\n<\/ul>\n<p class=\"v-d-p\" style=\"\"><strong>Pipilotti Rist, Jenny Holzer, Cristina Garc\u00eda Rodero, Susana Solano, Teresa Lanceta, Ruth G\u00f3mez,<\/strong>\u00a0<a href=\"https:\/\/www.abc.es\/cultura\/cultural\/incertidumbre-misterios-prodigios-pintura-juana-gonzalez-20231121195357-nt.html\" target=\"_self\" data-voc-vtm-id=\"in-text-traffic\" title=\"Juana Gonz\u00e1lez\" data-mrf-link=\"www.abc.es\" rel=\"nofollow noopener\">Juana Gonz\u00e1lez<\/a> o Paloma Polo son algunas de las protagonistas. Mujeres y artistas, s\u00ed, pero tambi\u00e9n piezas que muestran lenguajes muy distintos y que dejan clara la riqueza tem\u00e1tica y material de sus autoras. <\/p>\n<p class=\"v-d-p\" style=\"\">El planteamiento de la santanderina tiene adem\u00e1s un extra de gran inter\u00e9s: la mezcla entre lo documental y lo emocional. No es solo una colecci\u00f3n pensada desde el gusto personal, sino desde una forma de mirar, la de la propia Arauna en un contexto y narrativa de nuestra Historia m\u00e1s contempor\u00e1nea. <\/p>\n<p>En las im\u00e1genes, obras de, entre otras, \u00c1ngela Jim\u00e9nez, Paloma Polo y Esther Gat\u00f3n.<\/p>\n<p>(Pablo L\u00f3pez \/ M\u00edriam Mora)<\/p>\n<p class=\"v-d-p\" style=\"\">Y en esa mirada hay otro contexto hist\u00f3rico: una \u00e9poca en la que el riesgo lo asum\u00edan muchas veces las galeristas, en la que el mercado a\u00fan se estaba consolidando y en la que, sin embargo, fueron precisamente muchas mujeres las que sostuvieron y empujaron el sistema en Espa\u00f1a. Ah\u00ed est\u00e1n <strong>Soledad Lorenzo, Juana de Aizpuru, Helga de Alvear<\/strong> o la propia Oliva, recogiendo tambi\u00e9n la estela de la gran pionera Juana Mord\u00f3, con un t\u00edmido elenco femenino en su propuesta, pero con una gran vocaci\u00f3n de apertura a lo internacional que ayud\u00f3 a construir el engranaje. Un ecosistema donde, aunque las firmas masculinas segu\u00edan siendo mayoritarias, el papel de estas mujeres fue decisivo para abrir camino y consolidar discursos incuestionables hoy.<\/p>\n<p class=\"v-d-p\" style=\"\">El recorrido por La Torre Don Borja (edificio de origen medieval) obliga a un tr\u00e1nsito escalonado donde el visitante puede generar su propia lectura. No hay una propuesta lineal ni estructurada en el sentido cl\u00e1sico, y esto genera, tambi\u00e9n, parte de su inter\u00e9s: uno se va encontrando las obras con un \u00fanico objetivo: el de disfrutarlas en el momento en que uno se topa con ella.<\/p>\n<p class=\"v-d-p\" style=\"\">En paralelo a esta exposici\u00f3n, hay que recordar el Almac\u00e9n Abierto que la galerista mantiene en Madrid tras casi tres d\u00e9cadas de galerismo. All\u00ed la l\u00f3gica cambia y permite visitar un lugar donde el espacio se vuelve m\u00e1s directo, casi de trabajo en bruto, facilitando al visitante entender la realidad de una colecci\u00f3n donde conviven piezas de distintas etapas y, ahora, artistas como<a href=\"https:\/\/www.luciagorostegui.com\/\" target=\"_self\" data-voc-vtm-id=\"in-text-traffic\" title=\" Luc\u00eda Gorostegui,\" data-mrf-link=\"www.luciagorostegui.com\" rel=\"nofollow noopener\"> Luc\u00eda Gorostegui,<\/a> cuya obra se integra gracias a una muestra temporal en el marco de<strong> PHotoEspa\u00f1a<\/strong> en ese entorno m\u00e1s experimental que es el de un archivo vivo y visitable.<\/p>\n<ul class=\"v-cmp-flg__u\">\n<li class=\"v-cmp-flg__l\">\n<p>&#8216;Ellas&#8217;<\/p>\n<p><img decoding=\"async\" loading=\"lazy\" src=\"https:\/\/www.europesays.com\/es\/wp-content\/uploads\/2026\/06\/010_Ellas_Oliva_Arauna_\u00a9miriam_mora_pablo_lopez-U00205073440mvT-183x183@diario_abc.jpg\" class=\"v-a-img\" alt=\"\" width=\"183\" height=\"183\"\/><\/p>\n<p class=\"v-a-p\">\nColecci\u00f3n Oliva Arauna\n<\/p>\n<ul class=\"v-u\">\n<li class=\"v-u__l\">\n<p class=\"v-u__p\">\nLugar:<br \/>\nTorre de Don Borja (Santillana del Mar)\n<\/p>\n<\/li>\n<li class=\"v-u__l\">\n<p class=\"v-u__p\">\nDirecci\u00f3n:<br \/>\nPlaza Mayor, 5\n<\/p>\n<\/li>\n<li class=\"v-u__l\">\n<p class=\"v-u__p\">\nComisaria:<br \/>\nComisaria: Oliva Arauna\n<\/p>\n<\/li>\n<li class=\"v-u__l\">\n<p class=\"v-u__p\">\nClausura:<br \/>\nHasta abril de 2027\n<\/p>\n<\/li>\n<li class=\"v-u__l\">\n<p class=\"v-u__p\">\nValoraci\u00f3n:<br \/>\n****\n<\/p>\n<\/li>\n<\/ul>\n<\/li>\n<\/ul>\n<ul class=\"v-cmp-flg__u\">\n<li class=\"v-cmp-flg__l\">\n<p>Luc\u00eda Gorostegui<\/p>\n<p><img decoding=\"async\" loading=\"lazy\" src=\"https:\/\/www.europesays.com\/es\/wp-content\/uploads\/2026\/06\/Rever-6-U85174357413HdF-183x183@diario_abc.jpg\" class=\"v-a-img\" alt=\"\" width=\"183\" height=\"183\"\/><\/p>\n<p class=\"v-a-p\">\n&#8216;Rever&#8217;\n<\/p>\n<ul class=\"v-u\">\n<li class=\"v-u__l\">\n<p class=\"v-u__p\">\nLugar:<br \/>\nAlmac\u00e9n Abierto (Madrid)\n<\/p>\n<\/li>\n<li class=\"v-u__l\">\n<p class=\"v-u__p\">\nDirecci\u00f3n:<br \/>\nC\/ Mar\u00eda Juana, 8\n<\/p>\n<\/li>\n<li class=\"v-u__l\">\n<p class=\"v-u__p\">\nColabora:<br \/>\nPHE y galer\u00eda Juan Sili\u00f3\n<\/p>\n<\/li>\n<li class=\"v-u__l\">\n<p class=\"v-u__p\">\nClausura:<br \/>\nHasta el 17 de julio\n<\/p>\n<\/li>\n<li class=\"v-u__l\">\n<p class=\"v-u__p\">\nValoraci\u00f3n:<br \/>\n***\n<\/p>\n<\/li>\n<\/ul>\n<\/li>\n<\/ul>\n<p class=\"v-d-p\" style=\"\">En este caso es como si &#8216;Ellas&#8217; tuviera su extensi\u00f3n natural en ese otro lugar: menos cubo blanco, pero igual de coherente en su manera de entender el arte como proceso continuo.<\/p>\n","protected":false},"excerpt":{"rendered":"Es la segunda ocasi\u00f3n, tras &#8216;Cultura=Capital&#8217;, en 2022, en que la Torre Don Borja nos permite sumergirnos en&hellip;\n","protected":false},"author":2,"featured_media":611383,"comment_status":"","ping_status":"","sticky":false,"template":"","format":"standard","meta":{"footnotes":""},"categories":[173],"tags":[114274,229,233,231,230,232,234,146,147,25,24,2837,8462,23],"class_list":["post-611382","post","type-post","status-publish","format-standard","has-post-thumbnail","category-arte-y-diseno","tag-arauna","tag-arte","tag-arte-y-diseno","tag-arts","tag-arts-and-design","tag-design","tag-diseno","tag-entertainment","tag-entretenimiento","tag-es","tag-espana","tag-gracias","tag-oliva","tag-spain"],"share_on_mastodon":{"url":"https:\/\/pubeurope.com\/@es\/116765736276745599","error":""},"_links":{"self":[{"href":"https:\/\/www.europesays.com\/es\/wp-json\/wp\/v2\/posts\/611382","targetHints":{"allow":["GET"]}}],"collection":[{"href":"https:\/\/www.europesays.com\/es\/wp-json\/wp\/v2\/posts"}],"about":[{"href":"https:\/\/www.europesays.com\/es\/wp-json\/wp\/v2\/types\/post"}],"author":[{"embeddable":true,"href":"https:\/\/www.europesays.com\/es\/wp-json\/wp\/v2\/users\/2"}],"replies":[{"embeddable":true,"href":"https:\/\/www.europesays.com\/es\/wp-json\/wp\/v2\/comments?post=611382"}],"version-history":[{"count":0,"href":"https:\/\/www.europesays.com\/es\/wp-json\/wp\/v2\/posts\/611382\/revisions"}],"wp:featuredmedia":[{"embeddable":true,"href":"https:\/\/www.europesays.com\/es\/wp-json\/wp\/v2\/media\/611383"}],"wp:attachment":[{"href":"https:\/\/www.europesays.com\/es\/wp-json\/wp\/v2\/media?parent=611382"}],"wp:term":[{"taxonomy":"category","embeddable":true,"href":"https:\/\/www.europesays.com\/es\/wp-json\/wp\/v2\/categories?post=611382"},{"taxonomy":"post_tag","embeddable":true,"href":"https:\/\/www.europesays.com\/es\/wp-json\/wp\/v2\/tags?post=611382"}],"curies":[{"name":"wp","href":"https:\/\/api.w.org\/{rel}","templated":true}]}}