{"id":61151,"date":"2025-08-20T22:43:08","date_gmt":"2025-08-20T22:43:08","guid":{"rendered":"https:\/\/www.europesays.com\/es\/61151\/"},"modified":"2025-08-20T22:43:08","modified_gmt":"2025-08-20T22:43:08","slug":"esta-es-la-cancion-que-robert-plant-considera-la-mejor-de-led-zeppelin-fue-la-antitesis-de-la-musica","status":"publish","type":"post","link":"https:\/\/www.europesays.com\/es\/61151\/","title":{"rendered":"Esta es la canci\u00f3n que Robert Plant considera la mejor de Led Zeppelin: \u201cFue la ant\u00edtesis de la m\u00fasica\u201d"},"content":{"rendered":"<p><img alt=\"A sus 77 a\u00f1os, Robert\" class=\"global-image\" decoding=\"async\" fetchpriority=\"high\" height=\"1080\" loading=\"eager\" src=\"https:\/\/www.europesays.com\/es\/wp-content\/uploads\/2025\/08\/HOFKQ6WHTFGUJDXCQQVVL7JVHA.jpg\" width=\"1920\"\/>A sus 77 a\u00f1os, Robert Plant se\u00f1al\u00f3 que la interpretaci\u00f3n vocal de \u201cKashmir\u201d escapa a los excesos y representa el legado art\u00edstico de la banda (REUTERS\/Dylan Martinez)<\/p>\n<p class=\"paragraph\">Este 20 de agosto, <a href=\"https:\/\/www.infobae.com\/entretenimiento\/2025\/03\/13\/led-zeppelin-hoy-jimmy-page-robert-plant-y-john-paul-jones-recuerdan-su-obra-maestra-ese-disco-fue-nuestro-maximo-logro\/\" target=\"_blank\" rel=\"noreferrer nofollow noopener\" title=\"https:\/\/www.infobae.com\/entretenimiento\/2025\/03\/13\/led-zeppelin-hoy-jimmy-page-robert-plant-y-john-paul-jones-recuerdan-su-obra-maestra-ese-disco-fue-nuestro-maximo-logro\/\">Robert Plant<\/a> cumple 77 a\u00f1os y celebra una larga carrera que incluye su tiempo como vocalista de <a rel=\"noopener noreferrer nofollow\" href=\"https:\/\/www.infobae.com\/entretenimiento\/2025\/08\/11\/el-emotivo-homenaje-de-robert-plant-a-terry-reid-el-heroe-silencioso-detras-de-led-zeppelin\/\" target=\"_blank\" title=\"https:\/\/www.infobae.com\/entretenimiento\/2025\/08\/11\/el-emotivo-homenaje-de-robert-plant-a-terry-reid-el-heroe-silencioso-detras-de-led-zeppelin\/\">Led Zeppelin<\/a>.<\/p>\n<p class=\"paragraph\">El m\u00fasico clarific\u00f3 en distintas entrevistas que su tema preferido de la banda no es el que muchos suelen asociar de inmediato a la leyenda brit\u00e1nica del rock.<\/p>\n<p class=\"paragraph\">Plant manifest\u00f3 que <b>su canci\u00f3n favorita de Led Zeppelin es \u201cKashmir\u201d, y no \u201cStairway to Heaven\u201d<\/b>, durante una conversaci\u00f3n con el periodista Dan Rather en 2024.<\/p>\n<p class=\"paragraph\">El tambi\u00e9n exl\u00edder de la banda expuso que <b>\u201cKashmir\u201d<\/b>, incluida en el \u00e1lbum <b>Physical Graffiti<\/b> de 1975, representa para \u00e9l un \u201cgran logro\u201d.<\/p>\n<p class=\"paragraph\">\u201cS\u00ed, creo que probablemente&#8230; Bueno, fue un gran logro tomar una pieza musical tan extraordinariamente dram\u00e1tica y encontrar una letra lo suficientemente ambigua, y una interpretaci\u00f3n vocal que no estuviera exagerada\u201d, detall\u00f3 el cantante.<\/p>\n<p><img alt=\"El ex vocalista de Led\" class=\"global-image\" decoding=\"async\" fetchpriority=\"low\" height=\"1897\" loading=\"lazy\" src=\"https:\/\/www.europesays.com\/es\/wp-content\/uploads\/2025\/08\/UFCG3UYM3RFKLD3YVORF4GKI6Y.jpg\" width=\"2847\"\/>El ex vocalista de Led Zeppelin record\u00f3 que \u201cKashmir\u201d naci\u00f3 tras un viaje por el sur de Marruecos (Jon Lyons\/Shutterstock)<\/p>\n<p class=\"paragraph\">Y agreg\u00f3:<b> \u201cPr\u00e1cticamente fue la ant\u00edtesis de la m\u00fasica; esta especie de letra y esa interpretaci\u00f3n vocal resultaban apenas suficientes para entrar ah\u00ed\u201d<\/b><\/p>\n<p class=\"paragraph\"><b>Robert Plant<\/b> elabor\u00f3 la composici\u00f3n tomando como punto de partida una experiencia del propio artista en un viaje por el sur de Marruecos en 1973, sobre una carretera descrita como \u201cdilapidada y sin fin\u201d.<\/p>\n<p class=\"paragraph\">Para el vocalista, el sencillo alcanza un equilibrio entre potencia y mesura. \u201c<b>Ojal\u00e1 fu\u00e9semos recordados por \u2018Kashmir\u2019 m\u00e1s que por \u2018Stairway To Heaven\u2019<\/b>. Es tan precisa; no hay nada exagerado, no hay histeria vocal. Perfecto Zeppelin\u201d, expres\u00f3.<\/p>\n<p class=\"paragraph\">La composici\u00f3n se distingue dentro del repertorio de la agrupaci\u00f3n ya que, en palabras del cantante, la orquestaci\u00f3n y la manera en que cada elemento se articula evitan caer en la grandilocuencia.<\/p>\n<p class=\"paragraph\">Durante la \u00faltima gira de <b>Led Zeppelin<\/b> por Estados Unidos, el propio Plant comparti\u00f3 c\u00f3mo la canci\u00f3n hab\u00eda impactado su vida.<\/p>\n<p><img alt=\"Seg\u00fan Plant, la canci\u00f3n \u201cKashmir\u201d\" class=\"global-image\" decoding=\"async\" fetchpriority=\"low\" height=\"1796\" loading=\"lazy\" src=\"https:\/\/www.europesays.com\/es\/wp-content\/uploads\/2025\/08\/BQSXV56XRJFDLDIB5TGSXOHP5I.jpg\" width=\"1525\"\/>Seg\u00fan Plant, la canci\u00f3n \u201cKashmir\u201d traduce su b\u00fasqueda musical y la necesidad de alejarse de interpretaciones vocales exageradas (ANL\/Shutterstock)<\/p>\n<p class=\"paragraph\">\u201c<b>Creo que alg\u00fan d\u00eda ir\u00e9 a Kashmir<\/b>, cuando ocurra un gran cambio en m\u00ed y deba pensar en mi futuro como hombre, m\u00e1s que como un muchacho saltar\u00edn\u201d, declar\u00f3 en conversaci\u00f3n con el autor Mick Wall.<\/p>\n<p class=\"paragraph\">Las palabras de Plant subrayan la profundidad emocional y personal que asocia a <b>\u201cKashmir\u201d<\/b>, distintiva dentro del cat\u00e1logo de la banda fundada junto a <b>Jimmy Page<\/b>, <b>John Paul Jones<\/b> y <b>John Bonham<\/b>.<\/p>\n<p class=\"paragraph\">La pieza, reconocida tanto por sus texturas sonoras como por el desaf\u00edo que represent\u00f3 su composici\u00f3n, goza de una producci\u00f3n comparable a la de una orquesta y se aleja de los excesos, tanto en la escritura como en la interpretaci\u00f3n.<\/p>\n<p class=\"paragraph\">Seg\u00fan el relato, la intenci\u00f3n era lograr un resultado potente que no dependiera de la espectacularidad.<\/p>\n<p class=\"paragraph\">El trasfondo de la canci\u00f3n preferida por <b>Plant<\/b> sirve como reflejo de su trayectoria y b\u00fasqueda musical.<\/p>\n<p class=\"paragraph\">Aunque muchos seguidores y parte de la cr\u00edtica consideran a <b>\u201cStairway to Heaven\u201d<\/b> como el tema emblem\u00e1tico de <b>Led Zeppelin<\/b>, el vocalista ha reiterado en varias ocasiones que se siente m\u00e1s representado y satisfecho con la obra contenida en <b>Physical Graffiti<\/b>.<\/p>\n<p><img alt=\"&quot;Creo que alg\u00fan d\u00eda ir\u00e9\" class=\"global-image\" decoding=\"async\" fetchpriority=\"low\" height=\"2773\" loading=\"lazy\" src=\"https:\/\/www.europesays.com\/es\/wp-content\/uploads\/2025\/08\/LDNLRAJS3NCG7NIXV5DKREJQ5Q.jpg\" width=\"4173\"\/>\u00abCreo que alg\u00fan d\u00eda ir\u00e9 a Kashmir\u00bb, indic\u00f3 el m\u00fasico brit\u00e1nico al reflexionar sobre c\u00f3mo  la carretera marroqu\u00ed inspir\u00f3 el clima sonoro y l\u00edrico del tema (Jon Lyons\/Shutterstock)<\/p>\n<p class=\"paragraph\">En distintas oportunidades, <b>Robert Plant<\/b> ha hecho referencias a aquellos int\u00e9rpretes que influyeron en su formaci\u00f3n y estilo vocal. El cantante brit\u00e1nico se\u00f1al\u00f3 que <b>Elvis Presley<\/b> fue \u201cla primera suerte de hors d\u2019oeuvre\u201d que escuch\u00f3 y defini\u00f3 a Presley como alguien \u201c<b>totalmente \u00fanico<\/b>\u201d.<\/p>\n<p class=\"paragraph\">En declaraciones citadas por Far Out, Plant asever\u00f3: \u201c<b>\u00c9l fue el primer tipo completamente original<\/b>. Tom\u00f3 varios elementos de Johnny Ray, pero los combin\u00f3 con el enfoque que hab\u00eda escuchado en Memphis cuando era ni\u00f1o. Lo principal de Presley era que \u00e9l fue el original head cat\u201d.<\/p>\n<p class=\"paragraph\">La admiraci\u00f3n de Plant por las voces originales queda patente en la influencia que<b> Presley<\/b> ejerci\u00f3 en su evoluci\u00f3n musical, situ\u00e1ndolo como un modelo a seguir en la transici\u00f3n entre el blues y el rock.<\/p>\n<p class=\"paragraph\">El propio Plant tambi\u00e9n destac\u00f3 su afinidad con los grandes nombres del blues, mencionando figuras como <b>Sleepy John Estes<\/b> y <b>Janis Joplin<\/b>.<\/p>\n","protected":false},"excerpt":{"rendered":"A sus 77 a\u00f1os, Robert Plant se\u00f1al\u00f3 que la interpretaci\u00f3n vocal de \u201cKashmir\u201d escapa a los excesos y&hellip;\n","protected":false},"author":2,"featured_media":61152,"comment_status":"","ping_status":"","sticky":false,"template":"","format":"standard","meta":{"footnotes":""},"categories":[170],"tags":[25467,25468,25469,25470,13360,25471,146,147,25,24,20984,25472,15034,25473,25474,184,185,25475,25476,22254,25477,25478,6765,12027,23,11287,25479,15035],"class_list":{"0":"post-61151","1":"post","2":"type-post","3":"status-publish","4":"format-standard","5":"has-post-thumbnail","7":"category-musica","8":"tag-25467","9":"tag-25468","10":"tag-at","11":"tag-award","12":"tag-awards","13":"tag-bonham","14":"tag-entertainment","15":"tag-entretenimiento","16":"tag-es","17":"tag-espana","18":"tag-jimmy","19":"tag-john","20":"tag-led","21":"tag-maker","22":"tag-melody","23":"tag-music","24":"tag-musica","25":"tag-not-performing","26":"tag-page","27":"tag-personality","28":"tag-plant","29":"tag-poll","30":"tag-pop","31":"tag-robert","32":"tag-spain","33":"tag-stars","34":"tag-various","35":"tag-zeppelin"},"share_on_mastodon":{"url":"","error":""},"_links":{"self":[{"href":"https:\/\/www.europesays.com\/es\/wp-json\/wp\/v2\/posts\/61151","targetHints":{"allow":["GET"]}}],"collection":[{"href":"https:\/\/www.europesays.com\/es\/wp-json\/wp\/v2\/posts"}],"about":[{"href":"https:\/\/www.europesays.com\/es\/wp-json\/wp\/v2\/types\/post"}],"author":[{"embeddable":true,"href":"https:\/\/www.europesays.com\/es\/wp-json\/wp\/v2\/users\/2"}],"replies":[{"embeddable":true,"href":"https:\/\/www.europesays.com\/es\/wp-json\/wp\/v2\/comments?post=61151"}],"version-history":[{"count":0,"href":"https:\/\/www.europesays.com\/es\/wp-json\/wp\/v2\/posts\/61151\/revisions"}],"wp:featuredmedia":[{"embeddable":true,"href":"https:\/\/www.europesays.com\/es\/wp-json\/wp\/v2\/media\/61152"}],"wp:attachment":[{"href":"https:\/\/www.europesays.com\/es\/wp-json\/wp\/v2\/media?parent=61151"}],"wp:term":[{"taxonomy":"category","embeddable":true,"href":"https:\/\/www.europesays.com\/es\/wp-json\/wp\/v2\/categories?post=61151"},{"taxonomy":"post_tag","embeddable":true,"href":"https:\/\/www.europesays.com\/es\/wp-json\/wp\/v2\/tags?post=61151"}],"curies":[{"name":"wp","href":"https:\/\/api.w.org\/{rel}","templated":true}]}}