{"id":61159,"date":"2025-08-20T22:48:10","date_gmt":"2025-08-20T22:48:10","guid":{"rendered":"https:\/\/www.europesays.com\/es\/61159\/"},"modified":"2025-08-20T22:48:10","modified_gmt":"2025-08-20T22:48:10","slug":"la-portada-de-sport-de-hoy-jueves-21-de-agosto-de-2025","status":"publish","type":"post","link":"https:\/\/www.europesays.com\/es\/61159\/","title":{"rendered":"La portada de SPORT de hoy jueves, 21 de agosto de 2025"},"content":{"rendered":"<p class=\"ft-text\">Marc Casad\u00f3 es el protagonista de la portada de SPORT de hoy. El canterano del FC Barcelona es el nombre del momento en el mercado azulgrana y<strong> podr\u00eda abandonar la entidad antes de que termine la ventana de fichajes. <\/strong><\/p>\n<p><img decoding=\"async\" src=\"https:\/\/www.europesays.com\/es\/wp-content\/uploads\/2025\/08\/f0fb1d8f-c08e-48e1-8561-301f784e2f4b_alta-libre-aspect-ratio_default_0.jpg\" width=\"1200\" height=\"1474\" alt=\"Estas es la portada de SPORT de hoy jueves, 21 de agosto de 2025\" class=\"ft-helper-img-rd\" loading=\"lazy\" hasdataaida=\"true\"\/><\/p>\n<p class=\"ft-helper-fontColor-quaternary ft-helper-fontSize-body-S ft-helper-spacer-t-xxs\">Esta es la portada de SPORT de hoy jueves, 21 de agosto de 2025  \/ SPORT.es<\/p>\n<p class=\"ft-text\">El motivo por el que el FC Barcelona no ve con malos ojos su salida es debido a la inyecci\u00f3n econ\u00f3mica que supondr\u00eda y, de esta manera, facilitar\u00eda las inscripciones pendientes. Por otro lado, el jugador debe decidir que hacer con su futuro.<strong> Es consciente de que no es de los jugadores que m\u00e1s entra en los planes de Hansi Flick. Deber\u00e1 o aceptar la mejor oferta posible o esperar a enero para ver si ha tenido oportunidades para jugar. <\/strong><\/p>\n<p class=\"ft-text\">En clave madridista, Vinicius sigue siendo el mismo del a\u00f1o pasado. <strong>El brasile\u00f1o est\u00e1 lejos de su mejor versi\u00f3n ante un Mbapp\u00e9 que est\u00e1 destinado a liderar al equipo. <\/strong><\/p>\n<p class=\"ft-text\">En el mercado de fichajes, el gran nombre del d\u00eda es el de Umar Sadiq. El conjunto catal\u00e1n quiere firmar en propiedad al delantero de la Real Sociedad, con el Valencia tambi\u00e9n interesado.<\/p>\n<p class=\"ft-text\">En polideportivo, Espa\u00f1a tiene este jueves el \u00faltimo encuentro preparatorio antes de arrancar el EuroBasket. <strong>Se mide ante Alemania en un encuentro en el que deber\u00e1 mejorar las sensaciones previas para arrancar el campeonato de la mejor manera posible. <\/strong><\/p>\n","protected":false},"excerpt":{"rendered":"Marc Casad\u00f3 es el protagonista de la portada de SPORT de hoy. El canterano del FC Barcelona es&hellip;\n","protected":false},"author":2,"featured_media":61160,"comment_status":"","ping_status":"","sticky":false,"template":"","format":"standard","meta":{"footnotes":""},"categories":[81],"tags":[119,123,124,25,24,338,117,121,122,23,3020,118,120],"class_list":{"0":"post-61159","1":"post","2":"type-post","3":"status-publish","4":"format-standard","5":"has-post-thumbnail","7":"category-ciencia-y-tecnologia","8":"tag-ciencia","9":"tag-ciencia-y-tecnologia","10":"tag-cienciaytecnologia","11":"tag-es","12":"tag-espana","13":"tag-portada","14":"tag-science","15":"tag-science-and-technology","16":"tag-scienceandtechnology","17":"tag-spain","18":"tag-sport","19":"tag-technology","20":"tag-tecnologia"},"share_on_mastodon":{"url":"","error":""},"_links":{"self":[{"href":"https:\/\/www.europesays.com\/es\/wp-json\/wp\/v2\/posts\/61159","targetHints":{"allow":["GET"]}}],"collection":[{"href":"https:\/\/www.europesays.com\/es\/wp-json\/wp\/v2\/posts"}],"about":[{"href":"https:\/\/www.europesays.com\/es\/wp-json\/wp\/v2\/types\/post"}],"author":[{"embeddable":true,"href":"https:\/\/www.europesays.com\/es\/wp-json\/wp\/v2\/users\/2"}],"replies":[{"embeddable":true,"href":"https:\/\/www.europesays.com\/es\/wp-json\/wp\/v2\/comments?post=61159"}],"version-history":[{"count":0,"href":"https:\/\/www.europesays.com\/es\/wp-json\/wp\/v2\/posts\/61159\/revisions"}],"wp:featuredmedia":[{"embeddable":true,"href":"https:\/\/www.europesays.com\/es\/wp-json\/wp\/v2\/media\/61160"}],"wp:attachment":[{"href":"https:\/\/www.europesays.com\/es\/wp-json\/wp\/v2\/media?parent=61159"}],"wp:term":[{"taxonomy":"category","embeddable":true,"href":"https:\/\/www.europesays.com\/es\/wp-json\/wp\/v2\/categories?post=61159"},{"taxonomy":"post_tag","embeddable":true,"href":"https:\/\/www.europesays.com\/es\/wp-json\/wp\/v2\/tags?post=61159"}],"curies":[{"name":"wp","href":"https:\/\/api.w.org\/{rel}","templated":true}]}}