{"id":611756,"date":"2026-06-17T18:20:47","date_gmt":"2026-06-17T18:20:47","guid":{"rendered":"https:\/\/www.europesays.com\/es\/611756\/"},"modified":"2026-06-17T18:20:47","modified_gmt":"2026-06-17T18:20:47","slug":"tenis-rafa-jodar-se-retira-de-queens-y-regresa-a-espana-estara-en-wimbledon","status":"publish","type":"post","link":"https:\/\/www.europesays.com\/es\/611756\/","title":{"rendered":"TENIS RAFA J\u00d3DAR: Se retira de Queen&#8217;s y regresa a Espa\u00f1a, \u00bfestar\u00e1 en Wimbledon?"},"content":{"rendered":"<p class=\"ft-text\"><strong>\u00bfQu\u00e9 le pasa a<\/strong><a class=\"ft-link ft-link--decoration\" href=\"https:\/\/www.superdeporte.es\/tags\/rafa-jodar\/\" target=\"_blank\" rel=\"nofollow noopener\"><strong> Rafa J\u00f3dar<\/strong><\/a><strong>? \u00bfEstar\u00e1 en Wimbledon?<\/strong> El n\u00famero 23 del r\u00e1nking ATP y revelaci\u00f3n de la primera mitad de la temporada, ha anunciado su <strong>retirada del torneo de ATP 500 de Queen&#8217;s<\/strong>, que se disputa en Londres sobre hierba, por culpa de unos problemas en el m\u00fasculo abdominal. Ahora el objetivo pasa por recuperarse y prepararse para su posible debut sobre hierba en el Grand Slam londinense. No se han dado m\u00e1s detalles acerca de la gravedad de la lesi\u00f3n, por lo que su presencia <a class=\"ft-link ft-link--decoration\" href=\"https:\/\/www.superdeporte.es\/tenis\/2026\/06\/12\/wimbledon-anuncia-premios-ganadores-tenis-131319265.html\" target=\"_blank\" rel=\"nofollow noopener\">en\u00a0Wimbledon<\/a>\u00a0queda totalmente en el aire.<\/p>\n<p class=\"ft-text\">Las molestias del tenista espa\u00f1ol, que fueron a m\u00e1s en su \u00faltima sesi\u00f3n preparatoria en Queen&#8217;s, <strong>no le permitir\u00e1n disputar este martes su primer partido como profesional sobre la hierba<\/strong>. Su rival iba a ser el peruano Ignacio Buse. En su lugar entra ahora el &#8216;lucky loser&#8217;, Marcos Giron. <\/p>\n<p class=\"ft-text\">\u00abSinti\u00e9ndolo mucho, no voy a poder jugar esta semana en Queen\u2019s.<strong> En los \u00faltimos entrenamientos he sentido un dolor en la zona abdominal y, tras valorarlo con especialistas, parar es la mejor decisi\u00f3n para poder volver a competir pronto<\/strong>\u201d, escribi\u00f3 el de Legan\u00e9s en sus redes sociales. <\/p>\n<p><img decoding=\"async\" src=\"https:\/\/www.europesays.com\/es\/wp-content\/uploads\/2026\/06\/73dbc89b-b4c0-49a9-8f94-9c874bac236c_alta-libre-aspect-ratio_default_0_x600y225.jpg\" width=\"1200\" height=\"675\" alt=\"J\u00f3dar durante el partido con Zverev\" class=\"ft-helper-img-rd\" loading=\"lazy\" fetchpriority=\"auto\"\/><\/p>\n<p class=\"ft-helper-fontColor-quaternary ft-helper-fontSize-body-S ft-helper-spacer-t-xxs\">J\u00f3dar durante el partido con Zverev  \/ EFE<\/p>\n<p>Cambio de planes<\/p>\n<p class=\"ft-text\">Rev\u00e9s importante para las aspiraciones de J\u00f3dar en la reci\u00e9n inaugurada\u00a0<strong>gira\u00a0<\/strong>de<strong>\u00a0hierba<\/strong>, que iba a ser su primera toma de contacto con una superficie en la que apenas jug\u00f3 diez partidos en su etapa j\u00fanior. <a class=\"ft-link ft-link--decoration\" href=\"https:\/\/www.superdeporte.es\/tenis\/2026\/06\/12\/objetivos-rafa-jodar-final-ano-131327511.html\" target=\"_blank\" rel=\"nofollow noopener\">En el calendario te\u00f3rico<\/a> del tenista espa\u00f1ol, la idea era jugar tambi\u00e9n en\u00a0<strong>Eastbourne\u00a0<\/strong>la pr\u00f3xima semana como \u00faltima preparaci\u00f3n antes de la llegada de\u00a0<strong>Wimbledon<\/strong>, con la inc\u00f3gnita ahora tambi\u00e9n de ver si se podr\u00e1 cumplir con lo establecido antes de este contratiempo f\u00edsico.<\/p>\n<p class=\"ft-text\">El madrile\u00f1o afrontaba con mucha ilusi\u00f3n la cita en\u00a0<strong>Queen&#8217;s<\/strong>, con el objetivo de continuar la buena racha tras una gira de tierra impresionante que culmin\u00f3 con los cuartos de final en<strong>\u00a0Roland Garros.\u00a0<\/strong>\u201cNo he jugado mucho en hierba, pero\u00a0<strong>me estoy sintiendo muy bien. Estoy muy contento por c\u00f3mo est\u00e1 yendo la preparaci\u00f3n<\/strong>\u00a0y estoy haciendo todo lo posible para que el debut vaya bien.<strong>\u00a0Voy a ir partido a partido y a coger experiencia para adaptarme a esta superficie<\/strong>\u201d, asegur\u00f3 el de Legan\u00e9s en la previa, dejando claro que no ten\u00eda ni se intu\u00eda problema alguno en su cuerpo.<\/p>\n","protected":false},"excerpt":{"rendered":"\u00bfQu\u00e9 le pasa a Rafa J\u00f3dar? \u00bfEstar\u00e1 en Wimbledon? El n\u00famero 23 del r\u00e1nking ATP y revelaci\u00f3n de&hellip;\n","protected":false},"author":2,"featured_media":587623,"comment_status":"","ping_status":"","sticky":false,"template":"","format":"standard","meta":{"footnotes":""},"categories":[274],"tags":[1691,3201,168,25,24,23438,5585,45533,12830,15896,23,167,327,326,114357,546],"class_list":["post-611756","post","type-post","status-publish","format-standard","has-post-thumbnail","category-tenis","tag-atp","tag-circuito","tag-deportes","tag-es","tag-espana","tag-jodar","tag-queen","tag-queens","tag-rafa","tag-retira","tag-spain","tag-sports","tag-tenis","tag-tennis","tag-torneo-de-queen","tag-wimbledon"],"share_on_mastodon":{"url":"https:\/\/pubeurope.com\/@es\/116766837126857305","error":""},"_links":{"self":[{"href":"https:\/\/www.europesays.com\/es\/wp-json\/wp\/v2\/posts\/611756","targetHints":{"allow":["GET"]}}],"collection":[{"href":"https:\/\/www.europesays.com\/es\/wp-json\/wp\/v2\/posts"}],"about":[{"href":"https:\/\/www.europesays.com\/es\/wp-json\/wp\/v2\/types\/post"}],"author":[{"embeddable":true,"href":"https:\/\/www.europesays.com\/es\/wp-json\/wp\/v2\/users\/2"}],"replies":[{"embeddable":true,"href":"https:\/\/www.europesays.com\/es\/wp-json\/wp\/v2\/comments?post=611756"}],"version-history":[{"count":0,"href":"https:\/\/www.europesays.com\/es\/wp-json\/wp\/v2\/posts\/611756\/revisions"}],"wp:featuredmedia":[{"embeddable":true,"href":"https:\/\/www.europesays.com\/es\/wp-json\/wp\/v2\/media\/587623"}],"wp:attachment":[{"href":"https:\/\/www.europesays.com\/es\/wp-json\/wp\/v2\/media?parent=611756"}],"wp:term":[{"taxonomy":"category","embeddable":true,"href":"https:\/\/www.europesays.com\/es\/wp-json\/wp\/v2\/categories?post=611756"},{"taxonomy":"post_tag","embeddable":true,"href":"https:\/\/www.europesays.com\/es\/wp-json\/wp\/v2\/tags?post=611756"}],"curies":[{"name":"wp","href":"https:\/\/api.w.org\/{rel}","templated":true}]}}