{"id":61176,"date":"2025-08-20T22:59:14","date_gmt":"2025-08-20T22:59:14","guid":{"rendered":"https:\/\/www.europesays.com\/es\/61176\/"},"modified":"2025-08-20T22:59:14","modified_gmt":"2025-08-20T22:59:14","slug":"un-ferrari-f1-fantasma-reaparece-en-la-autopista-y-desata-la-locura","status":"publish","type":"post","link":"https:\/\/www.europesays.com\/es\/61176\/","title":{"rendered":"un Ferrari F1 fantasma reaparece en la autopista y desata la locura"},"content":{"rendered":"<p class=\"paragraph\" id=\"paragraph_1\">El rugido de un motor de carreras volvi\u00f3 a romper la calma de la <strong>autopista D4 en la Rep\u00fablica Checa<\/strong> el pasado lunes 18 de agosto de 2025.<\/p>\n<p class=\"paragraph\" id=\"paragraph_2\">Un <a href=\"https:\/\/www.elespanol.com\/organismos\/escuderia_ferrari\/?utm_cmp_rs=linksinline\" rel=\"nofollow noopener\" target=\"_blank\"><strong>Ferrari de F\u00f3rmula 1<\/strong><\/a>, id\u00e9ntico a los que compitieron en la categor\u00eda reina en la \u00e9poca en que <a href=\"https:\/\/www.elespanol.com\/personajes\/michael_schumacher\/?utm_cmp_rs=linksinline\" rel=\"nofollow noopener\" target=\"_blank\"><strong>Michael Schumacher<\/strong><\/a> reinaba en la competici\u00f3n, apareci\u00f3 de nuevo desafiando la legalidad, acompa\u00f1ado por varios veh\u00edculos de escolta.<\/p>\n<p class=\"paragraph\" id=\"paragraph_3\">La escena, grabada desde m\u00faltiples \u00e1ngulos y difundida en redes sociales, muestra al monoplaza desplaz\u00e1ndose a gran velocidad entre <strong>Voznice, Dobros<\/strong> y <strong>Pribram.<\/strong><\/p>\n<p class=\"paragraph\" id=\"paragraph_4\">Incluso <strong>se detuvo en una gasolinera, donde fue fotografiado y grabado por decenas de curiosos<\/strong>. Las im\u00e1genes no tardaron en viralizarse, desatando la locura medi\u00e1tica e iniciando una nueva investigaci\u00f3n policial.<\/p>\n<p>Perseguido durante a\u00f1os<\/p>\n<p class=\"paragraph\" id=\"paragraph_5\">No es la primera vez que este <strong>\u00abfantasma de las autopistas checas\u00bb<\/strong> aparece. La primera irrupci\u00f3n documentada ocurri\u00f3 el 8 de septiembre de 2019, en el mismo tramo de la D4.<\/p>\n<p class=\"paragraph\" id=\"paragraph_6\">Entonces, la polic\u00eda localiz\u00f3 a un sospechoso de 45 a\u00f1os, pero el caso se archiv\u00f3. El conductor<strong> llevaba casco, lo que impidi\u00f3 demostrar que fuese \u00e9l<\/strong> quien pilotaba el veh\u00edculo.<\/p>\n<p><img loading=\"lazy\" decoding=\"async\" alt=\"Michael Schumacher, durante un Gran Premio de F\u00f3rmula 1\" height=\"180\" src=\"https:\/\/www.europesays.com\/es\/wp-content\/uploads\/2025\/08\/546956181_168448498_320x180.jpg\" width=\"320\" data-lazy-status=\"processed\" data-lazy-info=\"remove loading item 1\"\/><\/p>\n<p class=\"paragraph\" id=\"paragraph_7\">En aquella ocasi\u00f3n, <strong>las sanciones pod\u00edan haber alcanzado entre 5.000 y 10.000 coronas checas<\/strong> y hasta un a\u00f1o de retirada del carn\u00e9. Sin embargo, la imposibilidad de identificarlo frustr\u00f3 cualquier procedimiento administrativo.<\/p>\n<p class=\"paragraph\" id=\"paragraph_8\">Tres a\u00f1os despu\u00e9s, en 2022, el monoplaza volvi\u00f3 a la carretera, aunque el episodio tuvo menos repercusi\u00f3n medi\u00e1tica.<\/p>\n<p class=\"paragraph\" id=\"paragraph_9\">La mayor sorpresa lleg\u00f3 <strong>en 2023, cuando dos f\u00f3rmulas diferentes circularon por el anillo de Praga<\/strong>, una roja en los colores de Ferrari y otra amarilla. Ninguna de las investigaciones permiti\u00f3 esclarecer la identidad de los conductores.<\/p>\n<p>El modus operandi<\/p>\n<p class=\"paragraph\" id=\"paragraph_10\">El an\u00e1lisis de estos incidentes muestra un patr\u00f3n muy claro. El monoplaza siempre <strong>circula escoltada por autom\u00f3viles de lujo<\/strong>, que sirven de barrera de protecci\u00f3n ante la posible intervenci\u00f3n policial.<\/p>\n<p class=\"paragraph\" id=\"paragraph_11\">Los tramos elegidos suelen ser carreteras con <strong>escasas c\u00e1maras de seguridad<\/strong>, lo que dificulta obtener pruebas concluyentes.<\/p>\n<p class=\"paragraph\" id=\"paragraph_12\">Otro factor que complica la investigaci\u00f3n es el <strong>uso constante de casco integral por parte del piloto<\/strong>, que imposibilita su reconocimiento visual.<\/p>\n<p><img decoding=\"async\" alt=\"Michael Schumacher\" height=\"180\" loading=\"lazy\" width=\"320\" data-lazy-status=\"processed\" id=\"cf90c9e2c4\" src=\"https:\/\/www.elespanol.com\/deportes\/motor\/f1\/20250820\/vuelve-michael-schumacher-autobahn-ferrari-f1-fantasma-reaparece-autopista-desata-locura\/[\" https:=\"\" data-lazy-info=\"changed src\"\/><\/p>\n<p class=\"paragraph\" id=\"paragraph_13\">Adem\u00e1s, <strong>el coche no cuenta con matr\u00edcula ni homologaci\u00f3n para circular,<\/strong> carece de luces reglamentarias y monta neum\u00e1ticos de competici\u00f3n inadecuados para carretera.<\/p>\n<p class=\"paragraph\" id=\"paragraph_14\">Se trata de una <strong>Dallara GP2 con motor de m\u00e1s de 600 caballos y apenas 700 kilos de peso<\/strong>, una aut\u00e9ntica bestia concebida para circuitos cerrados.<\/p>\n<p><img decoding=\"async\" alt=\"El monoplaza repostando en una gasolinera\" data-imgm=\"true\" height=\"180\" loading=\"lazy\"  src=\"https:\/\/www.europesays.com\/es\/wp-content\/uploads\/2025\/08\/1003743893197_258111107_1024x576.jpg\"  width=\"320\"\/><\/p>\n<p>                                                            El monoplaza repostando en una gasolinera<\/p>\n<p class=\"paragraph\" id=\"paragraph_15\">Circular con ella por v\u00edas p\u00fablicas no solo viola m\u00faltiples normativas, sino que supone un riesgo evidente para la seguridad.<\/p>\n<p class=\"paragraph\" id=\"paragraph_16\">En el caso m\u00e1s reciente, la <strong>portavoz policial Vlasta Suchankova<\/strong> confirm\u00f3 que el v\u00eddeo ya est\u00e1 en manos del departamento de tr\u00e1fico y que se investigar\u00e1 con prioridad.<\/p>\n<p><img decoding=\"async\" alt=\"Michael Schumacher y su esposa Corinna\" height=\"180\" loading=\"lazy\" width=\"320\" data-lazy-status=\"processed\" id=\"b8c91ec0ba\" src=\"https:\/\/www.elespanol.com\/deportes\/motor\/f1\/20250820\/vuelve-michael-schumacher-autobahn-ferrari-f1-fantasma-reaparece-autopista-desata-locura\/[\" https:=\"\" data-lazy-info=\"changed src\"\/><\/p>\n<p class=\"paragraph\" id=\"paragraph_17\">La estrategia se centrar\u00e1 en <strong>identificar a los conductores de los veh\u00edculos de escolta<\/strong>, cuyos n\u00fameros de matr\u00edcula s\u00ed quedaron registrados.<\/p>\n<p class=\"paragraph\" id=\"paragraph_18\">Adem\u00e1s, la polic\u00eda ha solicitado a los ciudadanos que aporten grabaciones de c\u00e1maras de salpicadero para sumar pruebas. <strong>\u00abCada detalle puede ayudar\u00bb<\/strong>, declar\u00f3 Suchankova, recordando que lo ideal ser\u00eda detener al conductor in fraganti.<\/p>\n<p>Amenaza disfrazada de espect\u00e1culo<\/p>\n<p class=\"paragraph\" id=\"paragraph_19\">Aunque algunos admiradores celebran la osad\u00eda del piloto an\u00f3nimo y lo comparan con una especie de <strong>Michael Schumacher clandestino<\/strong> de las autopistas, las autoridades advierten de la gravedad del asunto.<\/p>\n<p class=\"paragraph\" id=\"paragraph_20\">La circulaci\u00f3n de un veh\u00edculo no homologado, sin seguro ni matriculaci\u00f3n, a velocidades extremas, es <strong>un c\u00f3ctel de peligro que podr\u00eda desembocar en una tragedia<\/strong>.<\/p>\n<p><img decoding=\"async\" alt=\"Michael Schumacher, en su \u00e9poca en Mercedes AMG F1\" height=\"180\" loading=\"lazy\" width=\"320\" data-lazy-status=\"processed\" id=\"74523f4358\" src=\"https:\/\/www.elespanol.com\/deportes\/motor\/f1\/20250820\/vuelve-michael-schumacher-autobahn-ferrari-f1-fantasma-reaparece-autopista-desata-locura\/[\" https:=\"\" data-lazy-info=\"changed src\"\/><\/p>\n<p class=\"paragraph\" id=\"paragraph_21\">El fen\u00f3meno recuerda a otros episodios de carreras ilegales en Europa y Estados Unidos. En Berl\u00edn, dos corredores callejeros fueron condenados por homicidio en 2019 tras provocar la muerte de un anciano.<\/p>\n<p class=\"paragraph\" id=\"paragraph_22\">En Portugal, el puente Vasco da Gama es escenario habitual de competiciones ilegales. Y en Asia, especialmente en China, se han documentado operaciones con flotas de superdeportivos circulando a m\u00e1s de 250 km\/h.<\/p>\n<p class=\"paragraph\" id=\"paragraph_23\">M\u00e1s all\u00e1 del riesgo, el caso del fantasma checo ha trascendido al terreno cultural. Los v\u00eddeos publicados por canales como <strong>TrackZone<\/strong>, algunos incluso con tomas desde el propio cockpit, acumulan millones de visualizaciones.<\/p>\n<p class=\"paragraph\" id=\"paragraph_24\">Se ha convertido en un fen\u00f3meno de culto entre aficionados al motor, que siguen con expectaci\u00f3n cada reaparici\u00f3n del misterioso piloto.<\/p>\n<p><img decoding=\"async\" alt=\"Michael y Corinna Schumacher.\" height=\"180\" loading=\"lazy\" width=\"320\" data-lazy-status=\"processed\" id=\"c62da33fbd\" src=\"https:\/\/www.elespanol.com\/deportes\/motor\/f1\/20250820\/vuelve-michael-schumacher-autobahn-ferrari-f1-fantasma-reaparece-autopista-desata-locura\/[\" https:=\"\" data-lazy-info=\"changed src\"\/><\/p>\n<p class=\"paragraph\" id=\"paragraph_25\">El dilema para las autoridades es evidente: un delincuente que no ha causado v\u00edctimas hasta ahora, pero que acumula infracciones graves y reta abiertamente a la ley.<\/p>\n<p class=\"paragraph\" id=\"paragraph_26\">La sociedad se divide entre quienes lo ven como un h\u00e9roe rom\u00e1ntico y quienes lo consideran una amenaza en potencia.<\/p>\n","protected":false},"excerpt":{"rendered":"El rugido de un motor de carreras volvi\u00f3 a romper la calma de la autopista D4 en la&hellip;\n","protected":false},"author":2,"featured_media":61177,"comment_status":"","ping_status":"","sticky":false,"template":"","format":"standard","meta":{"footnotes":""},"categories":[270],"tags":[17855,168,25,2045,24,306,271,272,14598,3313,23,167],"class_list":{"0":"post-61176","1":"post","2":"type-post","3":"status-publish","4":"format-standard","5":"has-post-thumbnail","7":"category-formula-1","8":"tag-autopistas","9":"tag-deportes","10":"tag-es","11":"tag-escuderia-ferrari","12":"tag-espana","13":"tag-f1","14":"tag-formula-1","15":"tag-formula1","16":"tag-michael-schumacher","17":"tag-republica-checa","18":"tag-spain","19":"tag-sports"},"share_on_mastodon":{"url":"","error":""},"_links":{"self":[{"href":"https:\/\/www.europesays.com\/es\/wp-json\/wp\/v2\/posts\/61176","targetHints":{"allow":["GET"]}}],"collection":[{"href":"https:\/\/www.europesays.com\/es\/wp-json\/wp\/v2\/posts"}],"about":[{"href":"https:\/\/www.europesays.com\/es\/wp-json\/wp\/v2\/types\/post"}],"author":[{"embeddable":true,"href":"https:\/\/www.europesays.com\/es\/wp-json\/wp\/v2\/users\/2"}],"replies":[{"embeddable":true,"href":"https:\/\/www.europesays.com\/es\/wp-json\/wp\/v2\/comments?post=61176"}],"version-history":[{"count":0,"href":"https:\/\/www.europesays.com\/es\/wp-json\/wp\/v2\/posts\/61176\/revisions"}],"wp:featuredmedia":[{"embeddable":true,"href":"https:\/\/www.europesays.com\/es\/wp-json\/wp\/v2\/media\/61177"}],"wp:attachment":[{"href":"https:\/\/www.europesays.com\/es\/wp-json\/wp\/v2\/media?parent=61176"}],"wp:term":[{"taxonomy":"category","embeddable":true,"href":"https:\/\/www.europesays.com\/es\/wp-json\/wp\/v2\/categories?post=61176"},{"taxonomy":"post_tag","embeddable":true,"href":"https:\/\/www.europesays.com\/es\/wp-json\/wp\/v2\/tags?post=61176"}],"curies":[{"name":"wp","href":"https:\/\/api.w.org\/{rel}","templated":true}]}}